{"id":598788,"date":"2025-12-14T13:53:21","date_gmt":"2025-12-14T13:53:21","guid":{"rendered":"https:\/\/www.europesays.com\/fr\/598788\/"},"modified":"2025-12-14T13:53:21","modified_gmt":"2025-12-14T13:53:21","slug":"jimmy-gressier-prive-du-titre-de-champion-deurope-de-cross-apres-un-sprint-exceptionnel","status":"publish","type":"post","link":"https:\/\/www.europesays.com\/fr\/598788\/","title":{"rendered":"Jimmy Gressier priv\u00e9 du titre de champion d&rsquo;Europe de cross apr\u00e8s un sprint exceptionnel"},"content":{"rendered":"<p>Trois mois apr\u00e8s son sacre aux Mondiaux de Tokyo sur 10.000m, Jimmy Gressier a \u00e9t\u00e9 devanc\u00e9 ce dimanche au sprint par Thierry Ndikumwenayo lors des championnats d&rsquo;Europe de cross \u00e0 Lagoa, au Portugal. Le Fran\u00e7ais se contente de la m\u00e9daille d&rsquo;argent sur sa distance de pr\u00e9dilection.<\/p>\n<p>Un sprint exceptionnel et cette fois-ci, ce n&rsquo;est pas <a href=\"https:\/\/rmcsport.bfmtv.com\/athletisme\/jimmy-gressier-repousse-l-objectif-sur-marathon-mais-fait-saliver-les-amateurs-de-trail_AV-202512130236.html\" title=\"Jimmy Gressier repousse l&#039;objectif sur marathon mais fait saliver les amateurs de trail\" class=\"internal_link\" target=\"_blank\" rel=\"noopener\">Jimmy Gressier<\/a> qui gagne. Ce dimanche \u00e0 Lagoa au Portugal, l&rsquo;Espagnol Thierry Ndikumwenayo a priv\u00e9 le Fran\u00e7ais de son r\u00eave de devenir champion d&rsquo;Europe de cross.<\/p>\n<p>Tr\u00e8s rapidement dans la course, les deux ath\u00e8ltes se sont d\u00e9t\u00e2ch\u00e9s du peloton, le natif de Boulogne-sur-Mer ayant m\u00eame maintenu le rythme pendant la majeure partie du temps. Mais, dans le dernier tour, l&rsquo;Espagnol de 28 ans lui est pass\u00e9 devant avant de ne jamais se faire repasser. Jusqu&rsquo;\u00e0 trente m\u00e8tres de l&rsquo;arriv\u00e9e o\u00f9 Jimmy Gressier a \u00e9t\u00e9 contraint de laisser son adversaire s&rsquo;envoler vers le titre.<\/p>\n<p>Objectif Mondiaux en janvier?<\/p>\n<p>Le 14 septembre, Jimmy Gressier est entr\u00e9 dans l&rsquo;histoire de l&rsquo;athl\u00e9tisme en devenant le premier Fran\u00e7ais sacr\u00e9 champion du monde sur 10.000 m apr\u00e8s avoir surpris les favoris \u00e9thiopiens gr\u00e2ce \u00e0 une derni\u00e8re ligne droite d&rsquo;anthologie.<\/p>\n<p>Ce dimanche, il \u00e9tait de retour avec la tenue bleu-blanc-rouge pour tenter de remporter son premier titre europ\u00e9en senior dans les labours, lui qui s&rsquo;est d\u00e9j\u00e0 impos\u00e9 \u00e0 trois reprises chez les espoirs.<\/p>\n<p>Le champion du monde, \u00e9galement m\u00e9daill\u00e9 de bronze sur 5.000 m \u00e0 Tokyo, a attendu le dernier moment et sa victoire lors de <a href=\"https:\/\/rmcsport.bfmtv.com\/athletisme\/athletisme-jimmy-gressier-survole-sa-course-de-reprise-a-une-semaine-des-championnats-d-europe-de-cross_AV-202512070270.html\" title=\"Athl\u00e9tisme: Jimmy Gressier survole sa course de reprise \u00e0 une semaine des championnats d&#039;Europe de cross\" class=\"internal_link\" target=\"_blank\" rel=\"noopener\">sa course de reprise \u00e0 Gen\u00e8ve le week-end dernier<\/a> avant de confirmer sa pr\u00e9sence \u00e0 Lagoa. \u00ab\u00a0Je voulais voir si j&rsquo;\u00e9tais comp\u00e9titif pour jouer la gagne\u00a0\u00bb, a-t-il expliqu\u00e9, son succ\u00e8s facile en Suisse lui ayant apport\u00e9 les garanties n\u00e9cessaires pour tenter le coup \u00e0 Lagoa en individuel comme en \u00e9quipe.<\/p>\n<p>Jimmy Gressier pourra prendre sa revanche sur Thierry Ndikumwenayo dans trois semaines aux championnats du monde de cross \u00e0 Tallahasse aux \u00c9tats-Unis, le 10 janvier prochain.<\/p>\n","protected":false},"excerpt":{"rendered":"Trois mois apr\u00e8s son sacre aux Mondiaux de Tokyo sur 10.000m, Jimmy Gressier a \u00e9t\u00e9 devanc\u00e9 ce dimanche&hellip;\n","protected":false},"author":2,"featured_media":598789,"comment_status":"","ping_status":"","sticky":false,"template":"","format":"standard","meta":{"footnotes":""},"categories":[1586],"tags":[11,1777,674,1011,27,12,25],"class_list":{"0":"post-598788","1":"post","2":"type-post","3":"status-publish","4":"format-standard","5":"has-post-thumbnail","7":"category-europe","8":"tag-actualites","9":"tag-eu","10":"tag-europe","11":"tag-fr","12":"tag-france","13":"tag-news","14":"tag-republique-francaise"},"share_on_mastodon":{"url":"https:\/\/pubeurope.com\/@fr\/115718259201470846","error":""},"_links":{"self":[{"href":"https:\/\/www.europesays.com\/fr\/wp-json\/wp\/v2\/posts\/598788","targetHints":{"allow":["GET"]}}],"collection":[{"href":"https:\/\/www.europesays.com\/fr\/wp-json\/wp\/v2\/posts"}],"about":[{"href":"https:\/\/www.europesays.com\/fr\/wp-json\/wp\/v2\/types\/post"}],"author":[{"embeddable":true,"href":"https:\/\/www.europesays.com\/fr\/wp-json\/wp\/v2\/users\/2"}],"replies":[{"embeddable":true,"href":"https:\/\/www.europesays.com\/fr\/wp-json\/wp\/v2\/comments?post=598788"}],"version-history":[{"count":0,"href":"https:\/\/www.europesays.com\/fr\/wp-json\/wp\/v2\/posts\/598788\/revisions"}],"wp:featuredmedia":[{"embeddable":true,"href":"https:\/\/www.europesays.com\/fr\/wp-json\/wp\/v2\/media\/598789"}],"wp:attachment":[{"href":"https:\/\/www.europesays.com\/fr\/wp-json\/wp\/v2\/media?parent=598788"}],"wp:term":[{"taxonomy":"category","embeddable":true,"href":"https:\/\/www.europesays.com\/fr\/wp-json\/wp\/v2\/categories?post=598788"},{"taxonomy":"post_tag","embeddable":true,"href":"https:\/\/www.europesays.com\/fr\/wp-json\/wp\/v2\/tags?post=598788"}],"curies":[{"name":"wp","href":"https:\/\/api.w.org\/{rel}","templated":true}]}}