{"id":598790,"date":"2025-12-14T13:54:15","date_gmt":"2025-12-14T13:54:15","guid":{"rendered":"https:\/\/www.europesays.com\/fr\/598790\/"},"modified":"2025-12-14T13:54:15","modified_gmt":"2025-12-14T13:54:15","slug":"nous-avons-eu-tellement-de-chance","status":"publish","type":"post","link":"https:\/\/www.europesays.com\/fr\/598790\/","title":{"rendered":"Nous avons eu tellement de chance"},"content":{"rendered":"<p>Par <a class=\"author_recette\" id=\"author_name\" href=\"https:\/\/www.nextplz.fr\/auteur\/camille-mutin\" target=\"_blank\" rel=\"noopener\">Camille<br \/>\nMutin<\/a> &#8211;<br \/>\nPubli\u00e9 le 14 D\u00e9c 2025 \u00e0<br \/>\n13:00<\/p>\n<p class=\"article-intro excerpt\">Suite \u00e0 son \u00e9lection en tant que<br \/>\nMiss France 2026, Hinaupoko Dev\u00e8ze a adress\u00e9 quelques mots \u00e0 sa<br \/>\npr\u00e9d\u00e9cesseure.<\/p>\n<p><img width=\"750\" height=\"410\" src=\"data:image\/svg+xml,%3Csvg%20xmlns=\" http:=\"\" class=\"img-responsive alignnone size-full pinit-here zoom-it\" alt=\"Hinaupoko Dev\u00e8ze \u00e9voque sa pr\u00e9d\u00e9cesseure Ang\u00e9lique Angarni-Filopon : \" nous=\"\" avons=\"\" eu=\"\" tellement=\"\" de=\"\" chance=\"\" fetchpriority=\"high\" data-lazyloading=\"false\" decoding=\"async\" data-lazy-src=\"https:\/\/www.europesays.com\/fr\/wp-content\/uploads\/2025\/12\/design-sans-titre-3-1-750x410.jpg\"\/><\/p>\n<p>\u00a9 Instagram \/ @<br \/>\nhinaupokodevezeoff<\/p>\n<p>Notre nouvelle Miss France est absolument magnifique. Hinaupoko<br \/>\nDev\u00e8ze succ\u00e8de \u00e0 Ang\u00e9lique Angarni-Filopon, sublime elle aussi, et<br \/>\na d\u00e9j\u00e0 vol\u00e9 le coeur des Fran\u00e7ais. Sur ses r\u00e9seaux sociaux,<br \/>\n<a href=\"https:\/\/www.nextplz.fr\/telerealite\/520853-miss-france-2026-sacree-miss-tahiti-elle-perd-sa-couronne-sous-les-yeux-de-tous\" target=\"_blank\" rel=\"noopener\"><br \/>\nla nouvelle reine de beaut\u00e9<\/a> d\u00e9clare : \u00ab\u00a0Je r\u00e9alise petit \u00e0<br \/>\npetit ce nouveau chapitre qui s\u2019\u00e9crit dans le livre de ma vie, le<br \/>\nd\u00e9but d\u2019une belle et longue aventure \u00e0 vos c\u00f4t\u00e9s. Samedi soir, vous<br \/>\nm\u2019avez fait l\u2019honneur de m\u2019\u00e9lire Miss France 2026 et je vous<br \/>\nremercie du fond du c\u0153ur de m\u2019avoir offert cette chance incroyable<br \/>\nde vous repr\u00e9senter avec fiert\u00e9 pour cette nouvelle ann\u00e9e. \u00c0 la<br \/>\nFrance et aux Fran\u00e7ais, merci pour votre confiance, votre<br \/>\nbienveillance et votre accueil. J\u2019ai si h\u00e2te d\u2019aller \u00e0 votre<br \/>\nrencontre, de d\u00e9couvrir et repr\u00e9senter toutes nos belles<br \/>\nr\u00e9gions.\u00a0\u00bb Mais Hinaupoko ne pouvait arborer la couronne sans<br \/>\nadresser un mot \u00e0 Ang\u00e9lique. On vous dit tout.<\/p>\n<p>Les mots touchants<br \/>\nde notre Miss France 2025<\/p>\n<p>Suite \u00e0 l\u00a0\u00bb\u00e9lection d&rsquo;Hinaupoko Dev\u00e8ze, Ang\u00e9lique Angarni-Filopon<br \/>\na pris la parole sur ses r\u00e9seaux sociaux pour lui souhaiter la<br \/>\nbienvenue : \u00ab\u00a0F\u00e9licitations amour de mon coeur : tu brilles. Je<br \/>\nt&rsquo;aime tr\u00e8s fort. Je suis tellement fi\u00e8re de toi, tu vas \u00eatre<br \/>\nextraordinaire.\u00a0\u00bb Un accueil chaleureux, surtout que notre Miss<br \/>\nFrance 2025 a promis d&rsquo;\u00eatre pr\u00e9sente et attentive \u00e0 sa rel\u00e8ve,<br \/>\nqu&rsquo;elle consid\u00e8re comme sa petite soeur. Hinaupoko, a, quant \u00e0<br \/>\nelle, a \u00e9galement adress\u00e9 un message \u00e0 sa pr\u00e9d\u00e9cesseure. On vous en<br \/>\ndit plus.<\/p>\n<blockquote class=\"instagram-media\" data-instgrm-captioned=\"\" data-instgrm-permalink=\"https:\/\/www.instagram.com\/p\/DSN_tlmDkjm\/?utm_source=ig_embed&amp;utm_campaign=loading\" data-instgrm-version=\"14\" style=\"background:#FFF; border:0; border-radius:3px; box-shadow:0 0 1px 0 rgba(0,0,0,0.5),0 1px 10px 0 rgba(0,0,0,0.15); margin: 1px; max-width:540px; min-width:326px; padding:0; width:99.375%; width:-webkit-calc(100% - 2px); width:calc(100% - 2px);\">\n<\/blockquote>\n<p>Hinaupoko<br \/>\nDev\u00e8ze : \u00ab\u00a0L&rsquo;une de mes plus belles rencontres\u00a0\u00bb<\/p>\n<p>Sur les r\u00e9seaux sociaux, <a href=\"https:\/\/www.instagram.com\/hinaupokodevezeoff\/?hl=fr\" target=\"_blank\" rel=\"noopener\">Hinaupoko Dev\u00e8ze<\/a> a \u00e9voqu\u00e9 la reine de beaut\u00e9 2025 avec<br \/>\nune grande \u00e9motion et un respect immense : \u00ab\u00a0\u00c0 ma Miss France<br \/>\n2025, Ang\u00e9lique Angarni-Filopon : tu as \u00e9t\u00e9 l\u2019une de mes plus<br \/>\nbelles rencontres. Nous avons eu tellement de chance de t\u2019avoir \u00e0<br \/>\nnos c\u00f4t\u00e9s cette ann\u00e9e. Merci pour la femme extraordinaire que tu<br \/>\nes, pour ta bienveillance, ta biens\u00e9ance et ton amour.\u00a0\u00bb Des<br \/>\nmots qui ont beaucoup touch\u00e9 l&rsquo;ancienne souveraine qui a r\u00e9pondu :<br \/>\n\u00ab\u00a0Je t\u2019aime de tout mon c\u0153ur.\u00a0\u00bb Un respect mutuel qui fait<br \/>\nplaisir \u00e0 voir.<\/p>\n<p><script async src=\"\/\/www.instagram.com\/embed.js\"><\/script><\/p>\n","protected":false},"excerpt":{"rendered":"Par Camille Mutin &#8211; Publi\u00e9 le 14 D\u00e9c 2025 \u00e0 13:00 Suite \u00e0 son \u00e9lection en tant que&hellip;\n","protected":false},"author":2,"featured_media":598791,"comment_status":"","ping_status":"","sticky":false,"template":"","format":"standard","meta":{"footnotes":""},"categories":[1586],"tags":[11,1777,674,1779,1011,27,12,25,1778,364],"class_list":{"0":"post-598790","1":"post","2":"type-post","3":"status-publish","4":"format-standard","5":"has-post-thumbnail","7":"category-europe","8":"tag-actualites","9":"tag-eu","10":"tag-europe","11":"tag-european-union","12":"tag-fr","13":"tag-france","14":"tag-news","15":"tag-republique-francaise","16":"tag-ue","17":"tag-union-europeenne"},"share_on_mastodon":{"url":"https:\/\/pubeurope.com\/@fr\/115718263264817856","error":""},"_links":{"self":[{"href":"https:\/\/www.europesays.com\/fr\/wp-json\/wp\/v2\/posts\/598790","targetHints":{"allow":["GET"]}}],"collection":[{"href":"https:\/\/www.europesays.com\/fr\/wp-json\/wp\/v2\/posts"}],"about":[{"href":"https:\/\/www.europesays.com\/fr\/wp-json\/wp\/v2\/types\/post"}],"author":[{"embeddable":true,"href":"https:\/\/www.europesays.com\/fr\/wp-json\/wp\/v2\/users\/2"}],"replies":[{"embeddable":true,"href":"https:\/\/www.europesays.com\/fr\/wp-json\/wp\/v2\/comments?post=598790"}],"version-history":[{"count":0,"href":"https:\/\/www.europesays.com\/fr\/wp-json\/wp\/v2\/posts\/598790\/revisions"}],"wp:featuredmedia":[{"embeddable":true,"href":"https:\/\/www.europesays.com\/fr\/wp-json\/wp\/v2\/media\/598791"}],"wp:attachment":[{"href":"https:\/\/www.europesays.com\/fr\/wp-json\/wp\/v2\/media?parent=598790"}],"wp:term":[{"taxonomy":"category","embeddable":true,"href":"https:\/\/www.europesays.com\/fr\/wp-json\/wp\/v2\/categories?post=598790"},{"taxonomy":"post_tag","embeddable":true,"href":"https:\/\/www.europesays.com\/fr\/wp-json\/wp\/v2\/tags?post=598790"}],"curies":[{"name":"wp","href":"https:\/\/api.w.org\/{rel}","templated":true}]}}