{"id":598801,"date":"2025-12-14T14:06:21","date_gmt":"2025-12-14T14:06:21","guid":{"rendered":"https:\/\/www.europesays.com\/fr\/598801\/"},"modified":"2025-12-14T14:06:21","modified_gmt":"2025-12-14T14:06:21","slug":"cc-coupe-de-france-ouistreham-u23-hommes-romain-debord-1er-actualite","status":"publish","type":"post","link":"https:\/\/www.europesays.com\/fr\/598801\/","title":{"rendered":"CC &#8211; Coupe de France &#8211; Ouistreham &#8211; U23 Hommes : Romain Debord 1er &#8211; Actualit\u00e9"},"content":{"rendered":"<p>                                                                    <img decoding=\"async\" src=\"https:\/\/www.europesays.com\/fr\/wp-content\/uploads\/2025\/12\/693eb41a35813.jpg\" height=\"auto\" loading=\"lazy\"\/><br \/>\n                                                                    Cr\u00e9dit photo Christophe Dague \/ DirectVelo<\/p>\n<p class=\"images-caption\">Cr\u00e9dit photo Christophe Dague \/ DirectVelo<\/p>\n<p class=\"metadata\">\n            Par<br \/>\n        <strong class=\"text-black\">JULES OLIVIER ELIARD<\/strong><br \/>\n                    <br \/>Le<br \/>\n    14 d\u00e9cembre 2025, 13:46<\/p>\n<p style=\"text-align: justify;\">Romain Debord (AS Bike Racing-France Literie) a remport\u00e9, ce dimanche, \u00e0 Ouistreham (Calvados), la cinqui\u00e8me et derni\u00e8re manche de la Coupe de France U23 Hommes de cyclo-cross. Il a devanc\u00e9 Nathan Dos Reis Graca (EC Clermont-Ferrand) et son co\u00e9quipier Jules Simon.<\/p>\n<p style=\"text-align: justify;\"><strong>Classement non-officiel :<\/strong><br \/>1. DEBORD Romain AS BIKE RACING \/ FRANCE LITERIE 50:00<br \/>2. DOS REIS GRACA Nathan E. C. CLERMONT-FERRAND +0:09<br \/>3. SIMON Jules AS BIKE RACING \/ FRANCE LITERIE +0:09<br \/>4. LEQUET Corentin ACT CYCLING +0:09<br \/>5. FERY Florian BIKEENERGY SCHOOL +0:29<br \/>6. DAVID Alexis AMICALE CYCLISTE BISONTINE +0:37<br \/>7. TANGUY Louis ACT CYCLING +0:43<br \/>8. COURCIER Thomas SABLE SARTHE CYCLISME PDL +0:43<br \/>9. VASSAL Th\u00e9ophile JURA CYCLISME PAYS DU REVERMONT +0:43<br \/>10. LOETE Hippolyte ARQUES CX TEAM DIFFUSPORT +01:26<br \/>11. GARNIER Matteo TEAM VCP LOUDEAC CX +01:36<br \/>12. DUBOSQ Gabin NORMANDIE +01:40<br \/>13. BLANC Johan VELO CLUB RODEZ +01:49<br \/>14. RUESCHE Soan POLE CYCLISME SAUMUROIS +01:54<br \/>15. GUILLAUME Ga\u00ebl ACT CYCLING +02:11<br \/>16. VILLAR THIERY Aubin EC CHATEAU THIERRY +02:11<br \/>17. VERGER Amaury DURTAL VELO SPORT +02:14<br \/>18. JULLIAN Evan MARTIGUES SPORT CYCLISME +02:24<br \/>19. VIVOT Alexis VELO CLUB DOLOIS +02:42<br \/>20. CACAULT Matte\u00ef UNION CYCLISTE CHOLET 49 +02:48<br \/>21. GAUTHIER Gabin HORIZON MONTLUCON +02:56<br \/>22. LE GOFF Hugo VC PAYS DE LOUDEAC +03:00<br \/>23. DU MOUZA Quentin TEAM CX CHARTRES +03:06<br \/>24. MASSET Kerrian CHAMBERY C. COMPETITION +03:07<br \/>25. MEILLER Nathan VCU SCHWENHEIM +03:10<br \/>26. PAPIN Nathan S.C.OLYMPIQUE DE DIJON +03:17<br \/>27. MENISSIER Cl\u00e9ment CYCLE GOLBEEN +03:20<br \/>28. CANOLLE Th\u00e9o VELO CLUB ORNANS +03:20<br \/>29. LEFEVRE Cl\u00e9ment GUIDON CHALETTOIS +03:40<br \/>30. POULY Quentin VC DE L&rsquo;EVRON COETMIEUX +04:04<br \/>31. NICOLET Flavien VELO CLUB ORNANS +04:17<br \/>32. MILLAT William HEXAGONE +04:18<br \/>33. ROMAIN Emilien CC VILLENEUVE ST GERMAIN SOISSONS AISNE +04:20<br \/>34. CHARRIER Kylian VC LE THOR GADAGNE +04:40<br \/>35. HUBY Thomas CC UZELAIS +04:49<br \/>36. GOURGIN Esteban HEXAGONE +04:52<br \/>37. FERRE Matteo GUIDON MACHECOULAIS +04:53<br \/>38. BOUTELOUP Alexis TEAM AVESNOIS +04:53<br \/>39. MARTINEZ Loris VC LE THOR GADAGNE +04:53<br \/>40. LEVILLAIN Martin VC SAINT LO PONT HEBERT +05:03<br \/>41. BAGUET Eliot VELO SPORT CLUB BEAUNOIS +05:24<br \/>42. HENRION Thomas UC HAGUENAU CYCLO-CROSS +05:25<br \/>43. GANTOIS Timeo BOURG EN BRESSE AIN CYCLISME +05:42<br \/>44. HERPIN Sohan MOYON PERCY VELO CLUB +05:44<br \/>45. GUERILLON Enzo TEAM SPRINT ENERGY +05:44<br \/>46. REGNAULT Thibault VELO CLUB DOLOIS +06:18<br \/>47. BALEINE Kyrio UC HAGUENAU CYCLO-CROSS +06:20<br \/>48. CORMERAIS Maxime US ST HERBLAIN +06:28<br \/>49. DUPUY Joan P. ST FLORENT NIORT +06:28<br \/>50. COLLIER Eloi CYCLE GOLBEEN +06:30<br \/>51. PAULY Baptiste OFF ROAD CYCLISTE D&rsquo;EPONE +07:17<br \/>52. GUILMET Raphael BRETTE SPORTIF +07:21<br \/>53. BOUCHEREZ Romain USM SARAN CYCLISME +07:22<br \/>54. AUROUX Florian GUIDON CHALETTOIS +07:36<br \/>55. RENAUD Alexis VELO SPORT VALLETAIS +07:46<br \/>56. GUILLET Yanis AC CHAMPAGNOLAISE +07:58<br \/>57. FAUVEL Ronan NORMANDIE + 1 tour<br \/>58. BUSNEL Tom VC BOCAGE VIRE + 1 tour<br \/>59. TARBOURIECH Mathis CC ETUPES LE DOUBS PAYS DE MONTBELIARD + 2 tours<br \/>60. MICHELET Nathan GUIDON MACHECOULAIS + 2 tours<br \/>61. FOUQUET Audric VC SAINT LO PONT HEBERT + 2 tours<br \/>62. TROUILLARD Armand DURTAL VELO SPORT + 2 tours<br \/>63. LAHAYE Nathan AC PAYS DE BAUD + 2 tours<br \/>64. FRICHET Gabin VC VALDAHON VAL DE VENNES + 2 tours<br \/>65. RADOUX Jules AS TREPORT CYCLISME + 2 tours<br \/>66. AMET Basile OC GIF VTT + 2 tours<br \/>67. BOISSONNOT Lucas UV ANGERIENNE + 2 tours<br \/>68. DELPRAT L\u00e9o ES TORIGNI + 2 tours<br \/>69. CHAUDERLOT PHULPIN Tom BIKEENERGY SCHOOL + 2 tours<br \/>70. PRAT Mat\u00e9o UC LAVEDAN + 2 tours<br \/>71. CHAMPION Corentin XC63 + 2 tours<br \/>72. DOUGNY Lucas VELO CLUB DOLOIS + 2 tours<br \/>73. HENRY Ethan VC SAINT LO PONT HEBERT + 3 tours<br \/>74. MHEDBI Ceyliam TEAM SPORTBREIZH + 3 tours<br \/>75. THATCHER Edouard UNION SPORTIVE COLOMIERS CYCLISME + 3 tours<br \/>76. FEBREAU Hugo VS FERTOIS + 3 tours<br \/>77. CERFEUILLET Lo\u00efc USM SARAN CYCLISME + 3 tours<br \/>78. LEROY Nathan VS FERTOIS + 3 tours<br \/>79. SAUSSOIS GHAZANI Mathis TEAM CYCLISTE LINAS MONTLHERY + 3 tours<br \/>80. CARRERE Baptiste TEAM CX TPM + 4 tours<br \/>81. REGOST Thibaut DUNKERQUE GRAND LITTORAL CYCLISME + 4 tours<br \/>82. AGOMBAR Oliver MAGSPEED RACING + 4 tours<br \/>83. GRACE Benjamin Daniel MAGSPEED RACING + 4 tours<\/p>\n<p>Plus d&rsquo;informations \u00e0 venir.<\/p>\n<p>            En savoir plus : coureurs et \u00e9quipes associ\u00e9s<\/p>\n<p>                Coureurs<\/p>\n<p>                    <img decoding=\"async\" src=\"https:\/\/www.europesays.com\/fr\/wp-content\/uploads\/2025\/10\/61c04ea7b3063.JPG\" height=\"auto\" loading=\"lazy\"\/><\/p>\n<p>                            Portrait de Romain DEBORD<\/p>\n<p>                \u00c9quipes<\/p>\n","protected":false},"excerpt":{"rendered":"Cr\u00e9dit photo Christophe Dague \/ DirectVelo Cr\u00e9dit photo Christophe Dague \/ DirectVelo Par JULES OLIVIER ELIARD Le 14&hellip;\n","protected":false},"author":2,"featured_media":598802,"comment_status":"","ping_status":"","sticky":false,"template":"","format":"standard","meta":{"footnotes":""},"categories":[1411],"tags":[834,828,836,829,837,827,83,826,824,823,1154,207,814,817,815,816,822,821,832,211,839,1011,27,820,818,819,835,831,830,833,838,60,212,208,825],"class_list":{"0":"post-598801","1":"post","2":"type-post","3":"status-publish","4":"format-standard","5":"has-post-thumbnail","7":"category-cyclisme","8":"tag-attaque","9":"tag-belgique","10":"tag-braquet","11":"tag-bretagne","12":"tag-chute","13":"tag-competition","14":"tag-coupe-de-france","15":"tag-coureur","16":"tag-course-cyclisme","17":"tag-course-cycliste","18":"tag-cycling","19":"tag-cyclisme","20":"tag-direct","21":"tag-direct-velo","22":"tag-directvelo","23":"tag-directvelo-com","24":"tag-epreuve","25":"tag-epreuve-cycliste","26":"tag-federation-francaise-de-cyclisme","27":"tag-ffc","28":"tag-flandres","29":"tag-fr","30":"tag-france","31":"tag-live","32":"tag-live-course","33":"tag-live-epreuve","34":"tag-peloton","35":"tag-radio-peloton","36":"tag-radio-tour","37":"tag-ravitaillement","38":"tag-relance","39":"tag-sports","40":"tag-uci","41":"tag-velo","42":"tag-velos"},"share_on_mastodon":{"url":"https:\/\/pubeurope.com\/@fr\/115718311425761156","error":""},"_links":{"self":[{"href":"https:\/\/www.europesays.com\/fr\/wp-json\/wp\/v2\/posts\/598801","targetHints":{"allow":["GET"]}}],"collection":[{"href":"https:\/\/www.europesays.com\/fr\/wp-json\/wp\/v2\/posts"}],"about":[{"href":"https:\/\/www.europesays.com\/fr\/wp-json\/wp\/v2\/types\/post"}],"author":[{"embeddable":true,"href":"https:\/\/www.europesays.com\/fr\/wp-json\/wp\/v2\/users\/2"}],"replies":[{"embeddable":true,"href":"https:\/\/www.europesays.com\/fr\/wp-json\/wp\/v2\/comments?post=598801"}],"version-history":[{"count":0,"href":"https:\/\/www.europesays.com\/fr\/wp-json\/wp\/v2\/posts\/598801\/revisions"}],"wp:featuredmedia":[{"embeddable":true,"href":"https:\/\/www.europesays.com\/fr\/wp-json\/wp\/v2\/media\/598802"}],"wp:attachment":[{"href":"https:\/\/www.europesays.com\/fr\/wp-json\/wp\/v2\/media?parent=598801"}],"wp:term":[{"taxonomy":"category","embeddable":true,"href":"https:\/\/www.europesays.com\/fr\/wp-json\/wp\/v2\/categories?post=598801"},{"taxonomy":"post_tag","embeddable":true,"href":"https:\/\/www.europesays.com\/fr\/wp-json\/wp\/v2\/tags?post=598801"}],"curies":[{"name":"wp","href":"https:\/\/api.w.org\/{rel}","templated":true}]}}