{"id":598803,"date":"2025-12-14T14:07:14","date_gmt":"2025-12-14T14:07:14","guid":{"rendered":"https:\/\/www.europesays.com\/fr\/598803\/"},"modified":"2025-12-14T14:07:14","modified_gmt":"2025-12-14T14:07:14","slug":"la-presse-madrilene-envoie-endrick-a-lol","status":"publish","type":"post","link":"https:\/\/www.europesays.com\/fr\/598803\/","title":{"rendered":"la presse madril\u00e8ne envoie Endrick \u00e0 l&rsquo;OL"},"content":{"rendered":"<p>                            <img width=\"770\" height=\"433\" src=\"https:\/\/www.europesays.com\/fr\/wp-content\/uploads\/2025\/12\/a0fff3e8f2d3807f7bb94cf00a3788c4-770x433.jpg\" class=\"attachment-article size-article wp-post-image\" alt=\"Endrick, attaquant du Real Madrid\" decoding=\"async\" fetchpriority=\"high\"  \/><\/p>\n<p>Endrick, attaquant du Real Madrid (AFP)<\/p>\n<p>Ces derniers jours, la situation \u00e9tait tr\u00e8s confuse m\u00e9diatiquement autour d&rsquo;Endrick. Mais ce samedi, le quotidien AS assure que l&rsquo;attaquant br\u00e9silien rejoindra l&rsquo;OL.<\/p>\n<p>Le mercato n&rsquo;a m\u00eame pas commenc\u00e9, <a href=\"https:\/\/www.olympique-et-lyonnais.com\/dncg-lol-sera-sous-encadrement-salarial,386481.html\" target=\"_blank\" rel=\"noopener\">la DNCG<\/a> n&rsquo;avait pas encore rendu son verdict, que le dossier <strong>Endrick <\/strong>faisait d\u00e9j\u00e0 couler beaucoup d&rsquo;encre. Voil\u00e0 plusieurs semaines \u00e0 pr\u00e9sent que le nom du joueur du Real Madrid circule \u00e0 l&rsquo;OL. Depuis les premi\u00e8res informations parues <a href=\"https:\/\/www.olympique-et-lyonnais.com\/mercato-lol-pret-a-foncer-sur-un-placardise-du-real-madrid,383662.html\" target=\"_blank\" rel=\"noopener\">fin octobre<\/a>, toute la presse s&rsquo;est <a href=\"https:\/\/www.olympique-et-lyonnais.com\/ol-mercato-que-peut-amener-endrick,384791.html\" target=\"_blank\" rel=\"noopener\">empar\u00e9e du sujet<\/a>, int\u00e9grant chaque jour ou presque de nouvelles informations. <\/p>\n<p>Derni\u00e8rement, on pouvait lire tout et son contraire selon les sites plus ou moins sp\u00e9cialis\u00e9s. La joie de la p\u00e9riode des transferts sans doute. Ce samedi, <a href=\"https:\/\/as.com\/futbol\/primera\/endrick-se-va-aunque-salga-xabi-f202512-n\/\" target=\"_blank\" rel=\"noopener\">AS<\/a>, principal journal proche des deux formations madril\u00e8nes, le Real et l&rsquo;Atl\u00e9tico, annonce que le Br\u00e9silien quittera bien son club cet hiver. Pourtant, avec la position d\u00e9licate de Xabi <strong>Alonso <\/strong>sur le banc de la Maison Blanche, des rumeurs \u00e9voquaient un possible retournement de situation. <\/p>\n<p>Deuxi\u00e8me entr\u00e9e en jeu pour Endrick cette semaine<\/p>\n<p>Mais la potentielle venue d&rsquo;un autre entra\u00eeneur (l&rsquo;ancien milieu de terrain est encore en poste) ne changera visiblement rien \u00e0 l&rsquo;affaire. D&rsquo;apr\u00e8s le m\u00e9dia, ce que confirme le journaliste Matteo <strong>Moretto<\/strong>, qui collabore avec Marca, le pr\u00eat est \u00e0 pr\u00e9sent boucl\u00e9. Le Real a attendu le dernier moment en cas de blessure dans le secteur offensif, ce qui aurait pu changer la donne. <\/p>\n<p>Cependant, il faudra comme \u00e0 chaque fois patienter jusqu&rsquo;\u00e0 l&rsquo;officialisation, qui, en l&rsquo;\u00e9tat, pourrait arriver tr\u00e8s vite au d\u00e9but du mois de janvier. Si l&rsquo;op\u00e9ration se confirme. Dans le m\u00eame temps, Endrick (19 ans) a connu sa deuxi\u00e8me apparition de la saison mercredi en Ligue des champions. Il est entr\u00e9 pour dix minutes durant la d\u00e9faite face \u00e0 Manchester City (1-2). Le num\u00e9ro 9 a disput\u00e9 un total de 22 minutes jusqu&rsquo;\u00e0 pr\u00e9sent en 2025-2026, toutes comp\u00e9titions confondues.<\/p>\n","protected":false},"excerpt":{"rendered":"Endrick, attaquant du Real Madrid (AFP) Ces derniers jours, la situation \u00e9tait tr\u00e8s confuse m\u00e9diatiquement autour d&rsquo;Endrick. Mais&hellip;\n","protected":false},"author":2,"featured_media":598804,"comment_status":"","ping_status":"","sticky":false,"template":"","format":"standard","meta":{"footnotes":""},"categories":[1410],"tags":[64783,63,1011,27,1434,241,60],"class_list":{"0":"post-598803","1":"post","2":"type-post","3":"status-publish","4":"format-standard","5":"has-post-thumbnail","7":"category-football","8":"tag-endrick","9":"tag-football","10":"tag-fr","11":"tag-france","12":"tag-mercato","13":"tag-ol","14":"tag-sports"},"share_on_mastodon":{"url":"https:\/\/pubeurope.com\/@fr\/115718314485529115","error":""},"_links":{"self":[{"href":"https:\/\/www.europesays.com\/fr\/wp-json\/wp\/v2\/posts\/598803","targetHints":{"allow":["GET"]}}],"collection":[{"href":"https:\/\/www.europesays.com\/fr\/wp-json\/wp\/v2\/posts"}],"about":[{"href":"https:\/\/www.europesays.com\/fr\/wp-json\/wp\/v2\/types\/post"}],"author":[{"embeddable":true,"href":"https:\/\/www.europesays.com\/fr\/wp-json\/wp\/v2\/users\/2"}],"replies":[{"embeddable":true,"href":"https:\/\/www.europesays.com\/fr\/wp-json\/wp\/v2\/comments?post=598803"}],"version-history":[{"count":0,"href":"https:\/\/www.europesays.com\/fr\/wp-json\/wp\/v2\/posts\/598803\/revisions"}],"wp:featuredmedia":[{"embeddable":true,"href":"https:\/\/www.europesays.com\/fr\/wp-json\/wp\/v2\/media\/598804"}],"wp:attachment":[{"href":"https:\/\/www.europesays.com\/fr\/wp-json\/wp\/v2\/media?parent=598803"}],"wp:term":[{"taxonomy":"category","embeddable":true,"href":"https:\/\/www.europesays.com\/fr\/wp-json\/wp\/v2\/categories?post=598803"},{"taxonomy":"post_tag","embeddable":true,"href":"https:\/\/www.europesays.com\/fr\/wp-json\/wp\/v2\/tags?post=598803"}],"curies":[{"name":"wp","href":"https:\/\/api.w.org\/{rel}","templated":true}]}}