{"id":598805,"date":"2025-12-14T14:08:12","date_gmt":"2025-12-14T14:08:12","guid":{"rendered":"https:\/\/www.europesays.com\/fr\/598805\/"},"modified":"2025-12-14T14:08:12","modified_gmt":"2025-12-14T14:08:12","slug":"de-quoi-est-mort-lacteur-vu-dans-pulp-fiction-et-the-mask-les-causes-du-deces-encore-floues","status":"publish","type":"post","link":"https:\/\/www.europesays.com\/fr\/598805\/","title":{"rendered":"de quoi est mort l&rsquo;acteur vu dans Pulp Fiction et The Mask\u00a0? Les causes du d\u00e9c\u00e8s encore floues"},"content":{"rendered":"<p>                    <a title=\"\u00a0\u00a9\u00a0REX FEATURES\/SIPA (publi\u00e9e le 14\/12\/2025)\" href=\"https:\/\/www.europesays.com\/fr\/wp-content\/uploads\/2025\/12\/83813465.jpg\" class=\"fancy\"><\/p>\n<p>                            <img loading=\"lazy\" decoding=\"async\" src=\"https:\/\/www.europesays.com\/fr\/wp-content\/uploads\/2025\/12\/83813465.jpg\" alt=\"Peter Greene\u00a0: de quoi est mort l'acteur vu dans Pulp Fiction et The Mask\u00a0? Les causes du d\u00e9c\u00e8s encore floues\" width=\"1500\" height=\"999\"\/><\/p>\n<p>                    <\/a><\/p>\n<p>                L&rsquo;acteur am\u00e9ricain Peter Greene connu pour ses r\u00f4les de m\u00e9chant dans Pulp Fiction et The Mask, a \u00e9t\u00e9 retrouv\u00e9 mort \u00e0 60\u00a0ans. Les circonstances de son d\u00e9c\u00e8s restent encore floues.<\/p>\n<p>Il \u00e9tait connu pour ses r\u00f4les de m\u00e9chants embl\u00e9matiques dans les ann\u00e9es 1990\u2026 L&rsquo;<a href=\"https:\/\/www.linternaute.com\/cinema\/star-cinema\/acteur\/\" title=\"Acteur\" target=\"_blank\" rel=\"noopener\">acteur<\/a> Peter Greene a \u00e9t\u00e9 retrouv\u00e9 mort \u00e0 son domicile ce vendredi 12\u00a0d\u00e9cembre, \u00e0 New York [\u00c9tats-Unis], a rapport\u00e9 <a href=\"https:\/\/www.nbcnews.com\/news\/obituaries\/peter-greene-actor-known-pulp-fiction-mask-dead-60-rcna248976\" target=\"_blank\" rel=\"noopener\">NBC News<\/a>. Il \u00e9tait \u00e2g\u00e9 de 60\u00a0ans. Son agent, Gregg Edwards, a confirm\u00e9 l&rsquo;information. Ce sont les voisins qde l&rsquo;acteur ui aurait alert\u00e9 la police car de la musique retentissait de mani\u00e8re ininterrompue pendant vingt-quatre heures. Selon des informations du <a href=\"https:\/\/nypost.com\/2025\/12\/12\/us-news\/peter-greene-pulp-fiction-and-the-mask-actor-found-dead-at-60-inside-his-nyc-apartment\/\" target=\"_blank\" rel=\"noopener\">New York Post<\/a>, la police a \u00e9cart\u00e9 la piste criminelle. En revanche, les causes du d\u00e9c\u00e8s ne sont toujours pas connues.<\/p>\n<p>Son visage est connu du grand public comme celui de deux m\u00e9chants qui ont marqu\u00e9 le cin\u00e9ma\u00a0: Dorian Tyrell dans The Mask et Zed dans Pulp Fiction. Sa carri\u00e8re a r\u00e9ellement d\u00e9coll\u00e9 en 1993, gr\u00e2ce \u00e0 son r\u00f4le dans \u00ab\u00a0Clean, Shaven\u00a0\u00bb, lui permettant d&rsquo;obtenir la confiance de Tarantino et Russell l&rsquo;ann\u00e9e d&rsquo;apr\u00e8s.<\/p>\n<p>Mais apr\u00e8s cette ann\u00e9e b\u00e9nie, la carri\u00e8re de Peter Greene a fonctionn\u00e9 au ralenti, avec des r\u00f4les mineurs dans des productions moins prestigieuses.<\/p>\n<p>\u00ab\u00a0Un c\u0153ur en or\u00a0\u00bb, selon son agent<\/p>\n<p>Lors d&rsquo;un entretien t\u00e9l\u00e9phonique accord\u00e9 \u00e0 NBC News, son agent est revenu sur la personnalit\u00e9 de Peter Greene\u00a0: \u00ab\u00a0Personne ne jouait mieux les m\u00e9chants que Peter [&#8230;] Il avait aussi, vous savez, un c\u00f4t\u00e9 doux que la plupart des gens ne voyaient jamais, et un c\u0153ur en or\u00a0\u00bb, a d\u00e9clar\u00e9 Gregg Edwards.<\/p>\n<p>Vendredi, les secours ont \u00e9t\u00e9 alert\u00e9s par le voisinage de l&rsquo;acteur. De la musique retentissait de son appartement de mani\u00e8re ininterrompue depuis 24\u00a0heures.<\/p>\n<p>Aucune autre information concernant l&rsquo;\u00e9tat de sant\u00e9 de Peter Greene n&rsquo;a \u00e9t\u00e9 divulgu\u00e9e. Peter Greene \u00e9tait aussi apparu dans Usual Suspects en 1995, Clean, Shaven en 1993, Pi\u00e8ge \u00e0 grande vitesse en 1995, Sombres Soup\u00e7ons en 1996\u00a0et Flic de haut vol en 1999.<\/p>\n<p>Dans les ann\u00e9es 2000, il est bri\u00e8vement apparu dans Training Day aux c\u00f4t\u00e9s de Denzel Washington. Sa carri\u00e8re a ensuite pris un autre tournant. L&rsquo;acteur a jou\u00e9 dans des productions plus petites et moins connues dans les ann\u00e9es 2010\u00a0et 2020.<\/p>\n<p>N\u00e9 dans le New Jersey en 1965, il avait fugu\u00e9 du domicile familial \u00e0 l&rsquo;\u00e2ge de 15\u00a0ans, ce qui l&rsquo;avait contraint \u00e0 vivre dans la rue pendant plusieurs ann\u00e9es. Il avait ensuite commenc\u00e9 sa carri\u00e8re d&rsquo;acteur au d\u00e9but des ann\u00e9es 1990.<\/p>\n","protected":false},"excerpt":{"rendered":"L&rsquo;acteur am\u00e9ricain Peter Greene connu pour ses r\u00f4les de m\u00e9chant dans Pulp Fiction et The Mask, a \u00e9t\u00e9&hellip;\n","protected":false},"author":2,"featured_media":598806,"comment_status":"","ping_status":"","sticky":false,"template":"","format":"standard","meta":{"footnotes":""},"categories":[1359],"tags":[253,71134,51761,58,59,51763,1011,27,51767,973,59590],"class_list":{"0":"post-598805","1":"post","2":"type-post","3":"status-publish","4":"format-standard","5":"has-post-thumbnail","7":"category-people","8":"tag-acteur","9":"tag-cms-linternaute-9447507","10":"tag-controller-content","11":"tag-divertissement","12":"tag-entertainment","13":"tag-format-papier","14":"tag-fr","15":"tag-france","16":"tag-parallaxeinfeed","17":"tag-people","18":"tag-star-cinema"},"share_on_mastodon":{"url":"https:\/\/pubeurope.com\/@fr\/115718320065008679","error":""},"_links":{"self":[{"href":"https:\/\/www.europesays.com\/fr\/wp-json\/wp\/v2\/posts\/598805","targetHints":{"allow":["GET"]}}],"collection":[{"href":"https:\/\/www.europesays.com\/fr\/wp-json\/wp\/v2\/posts"}],"about":[{"href":"https:\/\/www.europesays.com\/fr\/wp-json\/wp\/v2\/types\/post"}],"author":[{"embeddable":true,"href":"https:\/\/www.europesays.com\/fr\/wp-json\/wp\/v2\/users\/2"}],"replies":[{"embeddable":true,"href":"https:\/\/www.europesays.com\/fr\/wp-json\/wp\/v2\/comments?post=598805"}],"version-history":[{"count":0,"href":"https:\/\/www.europesays.com\/fr\/wp-json\/wp\/v2\/posts\/598805\/revisions"}],"wp:featuredmedia":[{"embeddable":true,"href":"https:\/\/www.europesays.com\/fr\/wp-json\/wp\/v2\/media\/598806"}],"wp:attachment":[{"href":"https:\/\/www.europesays.com\/fr\/wp-json\/wp\/v2\/media?parent=598805"}],"wp:term":[{"taxonomy":"category","embeddable":true,"href":"https:\/\/www.europesays.com\/fr\/wp-json\/wp\/v2\/categories?post=598805"},{"taxonomy":"post_tag","embeddable":true,"href":"https:\/\/www.europesays.com\/fr\/wp-json\/wp\/v2\/tags?post=598805"}],"curies":[{"name":"wp","href":"https:\/\/api.w.org\/{rel}","templated":true}]}}