{"id":598807,"date":"2025-12-14T14:09:36","date_gmt":"2025-12-14T14:09:36","guid":{"rendered":"https:\/\/www.europesays.com\/fr\/598807\/"},"modified":"2025-12-14T14:09:36","modified_gmt":"2025-12-14T14:09:36","slug":"la-semaine-decoration-et-design-271","status":"publish","type":"post","link":"https:\/\/www.europesays.com\/fr\/598807\/","title":{"rendered":"La semaine d\u00e9coration et design #271"},"content":{"rendered":"<p>La semaine d\u00e9coration et design vous propose de d\u00e9couvrir des reportages int\u00e9ressants pour tous les amoureux de la <a href=\"https:\/\/planete-deco.fr\/2023\/09\/08\/une-maison-flottante-design-a-la-decoration-japandi\/\" rel=\"nofollow noopener\" target=\"_blank\">d\u00e9coration<\/a> contemporaine (ou pas). Tous les styles peuvent y apparaitre, du plus classique au plus novateur. Les architectures int\u00e9ressantes, les nouveaux produits et expositions vous seront pr\u00e9sent\u00e9s parfois. C\u2019est une rubrique fourre-tout pour tout ce qui a retenu notre attention et que nous avons envie de mettre en avant et de vous faire d\u00e9couvrir.<\/p>\n<p>N\u2019h\u00e9sitez pas \u00e0 cliquer sur les liens en orange qui vous emm\u00e8neront directement sur les articles d\u2019origine ou sur les sites qui m\u00e9ritent quelques instants d\u2019attention. Nous esp\u00e9rons que la rubrique \u201cLa semaine d\u00e9coration et design\u201d vous plaira autant qu\u2019il nous a plu de vous montrer toutes ces nouveaut\u00e9s !<\/p>\n<p>Decoration and design week #271<br \/>The decoration and design week offers you interesting reports for all lovers of contemporary decoration (or not). All styles can appear, from the most classic to the most innovative. Interesting architectures, new products and exhibitions will be presented to you sometimes. This is a catch-all section for everything that has caught our attention and that we want to put forward and let you discover.<\/p>\n<p>Please feel free to click on the orange links which will take you directly to the original articles or to sites that deserve some attention. We hope that you will enjoy the \u201cDecoration and design week\u201d section as much as we enjoyed showing you all these news!<\/p>\n<p><a href=\"https:\/\/www.admagazine.com\/articulos\/un-pequeno-departamento-de-71-m2-se-vuelve-espacioso-y-funcional\" rel=\"nofollow noopener\" target=\"_blank\">Un appartement de 71m2 au style contemporain en Autriche<\/a><\/p>\n<p>A 71m2 contemporary-style apartment in Austria<\/p>\n<p><a href=\"https:\/\/planete-deco.fr\/wp-content\/uploads\/2025\/12\/SD5.webp\" rel=\"nofollow noopener\" target=\"_blank\"><img decoding=\"async\" loading=\"lazy\" class=\"alignnone wp-image-480699 size-full\" src=\"https:\/\/www.europesays.com\/fr\/wp-content\/uploads\/2025\/12\/SD5-1536x1152.webp.webp\" alt=\"salon appartement d\u00e9coration design contemporaine\" width=\"1536\" height=\"1152\"  \/><a class=\"pin-btn\" data-pin-custom=\"true\" href=\"https:\/\/pinterest.com\/pin\/create\/button\/?url=https:\/\/planete-deco.fr\/2025\/12\/14\/la-semaine-decoration-et-design-271\/&amp;media=https:\/\/planete-deco.fr\/wp-content\/uploads\/2025\/12\/SD5.webp&amp;description=La semaine d\u00e9coration et design vous propose de d\u00e9couvrir des reportages int\u00e9ressants pour tous les amoureux de la d\u00e9coration contemporaine (ou pas). Tous les styles peuvent y apparaitre, du plus classique\u2026\" target=\"_blank\" title=\"Share on Pinterest\" rel=\"nofollow noopener\"><img decoding=\"async\" src=\"https:\/\/www.europesays.com\/fr\/wp-content\/uploads\/2025\/05\/share_pinterest.png\" alt=\"Share on Pinterest\"\/><\/a><br \/>\n<\/a><\/p>\n<p><a href=\"https:\/\/www.cotemaison.fr\/maison-reve\/projets\/sous-les-combles-un-appartement-familial-lumineux-et-optimise-17721\" rel=\"nofollow noopener\" target=\"_blank\">Un appartement parisien r\u00e9nov\u00e9 sous les toits<\/a><\/p>\n<p>A renovated Parisian apartment in the attic<\/p>\n<p><a href=\"https:\/\/www.europesays.com\/fr\/wp-content\/uploads\/2025\/12\/sd1.jpg\"><img decoding=\"async\" loading=\"lazy\" class=\"alignnone wp-image-480695 size-full\" src=\"https:\/\/www.europesays.com\/fr\/wp-content\/uploads\/2025\/12\/sd1.jpg\" alt=\"salon appartement Paris avec poutres d\u00e9coration contemporaine\" width=\"1281\" height=\"1920\"  \/><a class=\"pin-btn\" data-pin-custom=\"true\" href=\"https:\/\/pinterest.com\/pin\/create\/button\/?url=https:\/\/planete-deco.fr\/2025\/12\/14\/la-semaine-decoration-et-design-271\/&amp;media=https:\/\/www.europesays.com\/fr\/wp-content\/uploads\/2025\/12\/sd1.jpg&amp;description=La semaine d\u00e9coration et design vous propose de d\u00e9couvrir des reportages int\u00e9ressants pour tous les amoureux de la d\u00e9coration contemporaine (ou pas). Tous les styles peuvent y apparaitre, du plus classique\u2026\" target=\"_blank\" title=\"Share on Pinterest\"><img decoding=\"async\" src=\"https:\/\/www.europesays.com\/fr\/wp-content\/uploads\/2025\/05\/share_pinterest.png\" alt=\"Share on Pinterest\"\/><\/a><br \/>\n<\/a><\/p>\n<p><a href=\"https:\/\/www.admagazine.fr\/article\/un-loft-parisien-aux-45-m2-optimises-dans-lancien-atelier-dune-peintre\" rel=\"nofollow noopener\" target=\"_blank\">Un mini loft de 45m2 \u00e0 Paris dans un ancien atelier<\/a><\/p>\n<p>A 45m2 mini loft in Paris in a former workshop<\/p>\n<p><a href=\"https:\/\/planete-deco.fr\/wp-content\/uploads\/2025\/12\/SD2-1.webp\" rel=\"nofollow noopener\" target=\"_blank\"><img decoding=\"async\" loading=\"lazy\" class=\"alignnone wp-image-480696 size-full\" src=\"https:\/\/www.europesays.com\/fr\/wp-content\/uploads\/2025\/12\/SD2-1-1365x2048.webp.webp\" alt=\"mini loft \u00e0 Paris 45m2 dans ancien atelier d\u00e9coration contemporaine\" width=\"1365\" height=\"2048\"  \/><a class=\"pin-btn\" data-pin-custom=\"true\" href=\"https:\/\/pinterest.com\/pin\/create\/button\/?url=https:\/\/planete-deco.fr\/2025\/12\/14\/la-semaine-decoration-et-design-271\/&amp;media=https:\/\/planete-deco.fr\/wp-content\/uploads\/2025\/12\/SD2-1.webp&amp;description=La semaine d\u00e9coration et design vous propose de d\u00e9couvrir des reportages int\u00e9ressants pour tous les amoureux de la d\u00e9coration contemporaine (ou pas). Tous les styles peuvent y apparaitre, du plus classique\u2026\" target=\"_blank\" title=\"Share on Pinterest\" rel=\"nofollow noopener\"><img decoding=\"async\" src=\"https:\/\/www.europesays.com\/fr\/wp-content\/uploads\/2025\/05\/share_pinterest.png\" alt=\"Share on Pinterest\"\/><\/a><br \/>\n<\/a><\/p>\n<p><a href=\"https:\/\/www.cosedicasa.com\/case\/case-moderne\/casa-depoca-con-arredi-moderni-per-una-giovane-coppia-61153\" rel=\"nofollow noopener\" target=\"_blank\">Une maison ancienne r\u00e9nov\u00e9e \u00e0 Milan\u00a0<\/a><\/p>\n<p>A renovated old house in Milan<\/p>\n<p><a href=\"https:\/\/www.europesays.com\/fr\/wp-content\/uploads\/2025\/12\/sd4-1.webp.webp\"><img decoding=\"async\" loading=\"lazy\" class=\"alignnone wp-image-480698 size-full\" src=\"https:\/\/www.europesays.com\/fr\/wp-content\/uploads\/2025\/12\/sd4-1.webp.webp\" alt=\"entr\u00e9e avec verri\u00e8re cintr\u00e9e maison ancienne Milan sol carrelage ancien\" width=\"640\" height=\"962\"  \/><a class=\"pin-btn\" data-pin-custom=\"true\" href=\"https:\/\/pinterest.com\/pin\/create\/button\/?url=https:\/\/planete-deco.fr\/2025\/12\/14\/la-semaine-decoration-et-design-271\/&amp;media=https:\/\/www.europesays.com\/fr\/wp-content\/uploads\/2025\/12\/sd4-1.webp.webp&amp;description=La semaine d\u00e9coration et design vous propose de d\u00e9couvrir des reportages int\u00e9ressants pour tous les amoureux de la d\u00e9coration contemporaine (ou pas). Tous les styles peuvent y apparaitre, du plus classique\u2026\" target=\"_blank\" title=\"Share on Pinterest\"><img decoding=\"async\" src=\"https:\/\/www.europesays.com\/fr\/wp-content\/uploads\/2025\/05\/share_pinterest.png\" alt=\"Share on Pinterest\"\/><\/a><br \/>\n<\/a><\/p>\n<p><a href=\"https:\/\/www.arquitecturaydiseno.es\/casas\/atico-alturas-que-respira-feminidad-y-calma_12786\" rel=\"nofollow noopener\" target=\"_blank\">Un penthouse avec des vues spectaculaires sur Los Angeles<\/a><\/p>\n<p>A penthouse with spectacular views of Los Angeles<\/p>\n<p><a href=\"https:\/\/www.europesays.com\/fr\/wp-content\/uploads\/2025\/12\/SD10.webp.webp\"><img decoding=\"async\" loading=\"lazy\" class=\"alignnone wp-image-480706 size-full\" src=\"https:\/\/www.europesays.com\/fr\/wp-content\/uploads\/2025\/12\/SD10.webp.webp\" alt=\"salon d\u00e9coration contemporaine avec baies vitr\u00e9es et vue sur Los Angeles\" width=\"1280\" height=\"794\"  \/><a class=\"pin-btn\" data-pin-custom=\"true\" href=\"https:\/\/pinterest.com\/pin\/create\/button\/?url=https:\/\/planete-deco.fr\/2025\/12\/14\/la-semaine-decoration-et-design-271\/&amp;media=https:\/\/www.europesays.com\/fr\/wp-content\/uploads\/2025\/12\/SD10.webp.webp&amp;description=La semaine d\u00e9coration et design vous propose de d\u00e9couvrir des reportages int\u00e9ressants pour tous les amoureux de la d\u00e9coration contemporaine (ou pas). Tous les styles peuvent y apparaitre, du plus classique\u2026\" target=\"_blank\" title=\"Share on Pinterest\"><img decoding=\"async\" src=\"https:\/\/www.europesays.com\/fr\/wp-content\/uploads\/2025\/05\/share_pinterest.png\" alt=\"Share on Pinterest\"\/><\/a><br \/>\n<\/a><\/p>\n<p><a href=\"https:\/\/www.cotemaison.fr\/maison-reve\/projets\/sur-la-cote-basque-une-maison-qui-respire-grace-aux-ouvertures-17695\" rel=\"nofollow noopener\" target=\"_blank\">Une maison r\u00e9nov\u00e9e en style contemporain au Pays Basque<\/a><\/p>\n<p>A renovated house in a contemporary style in the Basque Country<\/p>\n<p><a href=\"https:\/\/www.europesays.com\/fr\/wp-content\/uploads\/2025\/12\/SD9.jpeg\"><img decoding=\"async\" loading=\"lazy\" class=\"alignnone wp-image-480705 size-full\" src=\"https:\/\/www.europesays.com\/fr\/wp-content\/uploads\/2025\/12\/SD9.jpeg\" alt=\"salon d\u00e9coration contemporaine avec chemin\u00e9e maison r\u00e9nov\u00e9e Pays Basque\" width=\"1280\" height=\"1920\"  \/><a class=\"pin-btn\" data-pin-custom=\"true\" href=\"https:\/\/pinterest.com\/pin\/create\/button\/?url=https:\/\/planete-deco.fr\/2025\/12\/14\/la-semaine-decoration-et-design-271\/&amp;media=https:\/\/www.europesays.com\/fr\/wp-content\/uploads\/2025\/12\/SD9.jpeg&amp;description=La semaine d\u00e9coration et design vous propose de d\u00e9couvrir des reportages int\u00e9ressants pour tous les amoureux de la d\u00e9coration contemporaine (ou pas). Tous les styles peuvent y apparaitre, du plus classique\u2026\" target=\"_blank\" title=\"Share on Pinterest\"><img decoding=\"async\" src=\"https:\/\/www.europesays.com\/fr\/wp-content\/uploads\/2025\/05\/share_pinterest.png\" alt=\"Share on Pinterest\"\/><\/a><br \/>\n<\/a><\/p>\n<p><a href=\"https:\/\/www.admagazine.fr\/article\/centre-bordeaux-maison-historique-modernisee\" rel=\"nofollow noopener\" target=\"_blank\">Une maison avec jardin dans le centre de Bordeaux<\/a><\/p>\n<p>A house with a garden in the center of Bordeaux<\/p>\n<p><a href=\"https:\/\/planete-deco.fr\/wp-content\/uploads\/2025\/12\/sd3-1.webp\" rel=\"nofollow noopener\" target=\"_blank\"><img decoding=\"async\" loading=\"lazy\" class=\"alignnone wp-image-480697 size-full\" src=\"https:\/\/www.europesays.com\/fr\/wp-content\/uploads\/2025\/12\/sd3-1-1365x2048.webp.webp\" alt=\"salon architecture classique hauts plafonds avec moulures d\u00e9coration design\" width=\"1365\" height=\"2048\"  \/><a class=\"pin-btn\" data-pin-custom=\"true\" href=\"https:\/\/pinterest.com\/pin\/create\/button\/?url=https:\/\/planete-deco.fr\/2025\/12\/14\/la-semaine-decoration-et-design-271\/&amp;media=https:\/\/planete-deco.fr\/wp-content\/uploads\/2025\/12\/sd3-1.webp&amp;description=La semaine d\u00e9coration et design vous propose de d\u00e9couvrir des reportages int\u00e9ressants pour tous les amoureux de la d\u00e9coration contemporaine (ou pas). Tous les styles peuvent y apparaitre, du plus classique\u2026\" target=\"_blank\" title=\"Share on Pinterest\" rel=\"nofollow noopener\"><img decoding=\"async\" src=\"https:\/\/www.europesays.com\/fr\/wp-content\/uploads\/2025\/05\/share_pinterest.png\" alt=\"Share on Pinterest\"\/><\/a><br \/>\n<\/a><\/p>\n<p><a href=\"https:\/\/www.architecturedecollection.fr\/produit\/duplex-double-de-type-e-non-prolonge-cite-radieuse-le-corbusier\/\" rel=\"nofollow noopener\" target=\"_blank\">Un duplex double \u00e0 vendre dans la Cit\u00e9 Radieuse Le Corbusier \u00e0 Marseille<\/a><\/p>\n<p>A double duplex for sale in Le Corbusier&rsquo;s Cit\u00e9 Radieuse in Marseille<\/p>\n<p><a href=\"https:\/\/www.europesays.com\/fr\/wp-content\/uploads\/2025\/12\/SD06.jpeg\"><img decoding=\"async\" loading=\"lazy\" class=\"alignnone wp-image-480702 size-full\" src=\"https:\/\/www.europesays.com\/fr\/wp-content\/uploads\/2025\/12\/SD06.jpeg\" alt=\"salon d\u00e9coration contemporaine duplex double La Cit\u00e9 Radieuse Le Corbusier Marseille\" width=\"1200\" height=\"800\"  \/><a class=\"pin-btn\" data-pin-custom=\"true\" href=\"https:\/\/pinterest.com\/pin\/create\/button\/?url=https:\/\/planete-deco.fr\/2025\/12\/14\/la-semaine-decoration-et-design-271\/&amp;media=https:\/\/www.europesays.com\/fr\/wp-content\/uploads\/2025\/12\/SD06.jpeg&amp;description=La semaine d\u00e9coration et design vous propose de d\u00e9couvrir des reportages int\u00e9ressants pour tous les amoureux de la d\u00e9coration contemporaine (ou pas). Tous les styles peuvent y apparaitre, du plus classique\u2026\" target=\"_blank\" title=\"Share on Pinterest\"><img decoding=\"async\" src=\"https:\/\/www.europesays.com\/fr\/wp-content\/uploads\/2025\/05\/share_pinterest.png\" alt=\"Share on Pinterest\"\/><\/a><br \/>\n<\/a><\/p>\n<p><a href=\"https:\/\/estliving.com\/my-space-tommaso-spinzi\/\" rel=\"nofollow noopener\" target=\"_blank\">Le loft du designer Tommaso Spinzi \u00e0 Milan<\/a><\/p>\n<p>The loft of designer Tommaso Spinzi in Milan<\/p>\n<p><a href=\"https:\/\/www.europesays.com\/fr\/wp-content\/uploads\/2025\/12\/SD7-1.webp.webp\"><img decoding=\"async\" loading=\"lazy\" class=\"alignnone wp-image-480703 size-full\" src=\"https:\/\/www.europesays.com\/fr\/wp-content\/uploads\/2025\/12\/SD7-1.webp.webp\" alt=\"salon loft brutaliste Milan double hauteur d\u00e9coration design\" width=\"1500\" height=\"1080\"  \/><a class=\"pin-btn\" data-pin-custom=\"true\" href=\"https:\/\/pinterest.com\/pin\/create\/button\/?url=https:\/\/planete-deco.fr\/2025\/12\/14\/la-semaine-decoration-et-design-271\/&amp;media=https:\/\/www.europesays.com\/fr\/wp-content\/uploads\/2025\/12\/SD7-1.webp.webp&amp;description=La semaine d\u00e9coration et design vous propose de d\u00e9couvrir des reportages int\u00e9ressants pour tous les amoureux de la d\u00e9coration contemporaine (ou pas). Tous les styles peuvent y apparaitre, du plus classique\u2026\" target=\"_blank\" title=\"Share on Pinterest\"><img decoding=\"async\" src=\"https:\/\/www.europesays.com\/fr\/wp-content\/uploads\/2025\/05\/share_pinterest.png\" alt=\"Share on Pinterest\"\/><\/a><br \/>\n<\/a><\/p>\n<p><a href=\"https:\/\/www.cotemaison.fr\/maison-reve\/avant-apres\/avant-apres-une-maison-en-meuliere-renait-sous-une-immense-verriere-17694#\" rel=\"nofollow noopener\" target=\"_blank\">Une maison en meuli\u00e8re r\u00e9nov\u00e9e dans la r\u00e9gion parisienne<\/a><\/p>\n<p>A renovated millstone house in the Paris region<\/p>\n<p><a href=\"https:\/\/www.europesays.com\/fr\/wp-content\/uploads\/2025\/12\/SD8.jpeg\"><img decoding=\"async\" loading=\"lazy\" class=\"alignnone wp-image-480704 size-full\" src=\"https:\/\/www.europesays.com\/fr\/wp-content\/uploads\/2025\/12\/SD8.jpeg\" alt=\"maison en meuli\u00e8re r\u00e9nov\u00e9e dans la r\u00e9gion parisienne\" width=\"1240\" height=\"826\"\/><a class=\"pin-btn\" data-pin-custom=\"true\" href=\"https:\/\/pinterest.com\/pin\/create\/button\/?url=https:\/\/planete-deco.fr\/2025\/12\/14\/la-semaine-decoration-et-design-271\/&amp;media=https:\/\/www.europesays.com\/fr\/wp-content\/uploads\/2025\/12\/SD8.jpeg&amp;description=La semaine d\u00e9coration et design vous propose de d\u00e9couvrir des reportages int\u00e9ressants pour tous les amoureux de la d\u00e9coration contemporaine (ou pas). Tous les styles peuvent y apparaitre, du plus classique\u2026\" target=\"_blank\" title=\"Share on Pinterest\"><img decoding=\"async\" src=\"https:\/\/www.europesays.com\/fr\/wp-content\/uploads\/2025\/05\/share_pinterest.png\" alt=\"Share on Pinterest\"\/><\/a><br \/>\n<\/a><\/p>\n<p>Shop the look !<br \/><a class=\"shopify\" href=\"https:\/\/shop.planete-deco.fr\/products\/miroir-vintage-120-x-75-cm-miroir-mural-salle-de-bain-et-chambre-a-coucher-miroir-baroque\" rel=\"nofollow noopener\" target=\"_blank\"><img decoding=\"async\" loading=\"lazy\" class=\"shopify alignnone\" src=\"https:\/\/www.europesays.com\/fr\/wp-content\/uploads\/2025\/12\/41nR74oLlCL_720x.jpg\" alt=\"Miroir Vintage 120 x 75 cm | Miroir Mural Salle de Bain et Chambre \u00e0 Coucher | Miroir Baroque\" width=\"500\" height=\"500\" \/><\/a><a class=\"shopify\" href=\"https:\/\/shop.planete-deco.fr\/products\/sklum-chaise-de-jardin-en-bois-dacacia-et-corde-tressee-mallory\" rel=\"nofollow noopener\" target=\"_blank\"><img decoding=\"async\" loading=\"lazy\" class=\"shopify alignnone\" src=\"https:\/\/www.europesays.com\/fr\/wp-content\/uploads\/2025\/12\/71Qm8hIOD-L_450b256c-6505-45cd-a178-7134a05a3777_720x.jpg\" alt=\"SKLUM Chaise de Jardin en Bois d'acacia et Corde tress\u00e9e Mallory -\" width=\"720\" height=\"720\" \/><\/a><a class=\"shopify\" href=\"https:\/\/shop.planete-deco.fr\/products\/suenoszzz-especialistas-del-descanso-fauteuil-nordique-izan-une-place-fauteuil-tapisse-en-tissu-anti-taches-couleur-beige\" rel=\"nofollow noopener\" target=\"_blank\"><img decoding=\"async\" loading=\"lazy\" class=\"shopify alignnone\" src=\"https:\/\/www.europesays.com\/fr\/wp-content\/uploads\/2025\/12\/61SnuKwsFnL_720x.jpg\" alt=\"SUENOSZZZ-ESPECIALISTAS DEL DESCANSO Fauteuil nordique IZAN une place, fauteuil tapiss\u00e9 en tissu anti-taches, couleur beige\" width=\"720\" height=\"720\" \/><\/a><a class=\"shopify\" href=\"https:\/\/shop.planete-deco.fr\/products\/sweeek-canape-3-places-en-bouclette-texturee-capitonne-jaune-moutarde-structure-bois-deucalyptus-et-contreplaque-2\" rel=\"nofollow noopener\" target=\"_blank\"><img decoding=\"async\" loading=\"lazy\" class=\"shopify alignnone\" src=\"https:\/\/www.europesays.com\/fr\/wp-content\/uploads\/2025\/12\/31Nsym9bDYL_720x.jpg\" alt=\"sweeek - Canap\u00e9 3 Places en Bouclette textur\u00e9e capitonn\u00e9 Jaune Moutarde - Structure Bois d'eucalyptus et contreplaqu\u00e9\" width=\"500\" height=\"500\" \/><\/a><br \/>Livres<br \/><a class=\"shopify\" href=\"https:\/\/shop.planete-deco.fr\/products\/paris-living\" rel=\"nofollow noopener\" target=\"_blank\"><img decoding=\"async\" loading=\"lazy\" class=\"shopify alignnone\" src=\"https:\/\/www.europesays.com\/fr\/wp-content\/uploads\/2025\/12\/51MrbQ08kuL_720x.jpg\" alt=\"Paris Living\" width=\"393\" height=\"500\" \/><\/a><a class=\"shopify\" href=\"https:\/\/shop.planete-deco.fr\/products\/petits-lofts-1\" rel=\"nofollow noopener\" target=\"_blank\"><img decoding=\"async\" loading=\"lazy\" class=\"shopify alignnone\" src=\"https:\/\/www.europesays.com\/fr\/wp-content\/uploads\/2025\/12\/51ZE4dZjvbL_a9e43ca1-55ad-44dc-830f-58bb91fc7fbc_720x.jpg\" alt=\"Petits lofts\" width=\"413\" height=\"500\" \/><\/a><a class=\"shopify\" href=\"https:\/\/shop.planete-deco.fr\/products\/la-cite-radieuse-le-corbusier\" rel=\"nofollow noopener\" target=\"_blank\"><img decoding=\"async\" loading=\"lazy\" class=\"shopify alignnone\" src=\"https:\/\/www.europesays.com\/fr\/wp-content\/uploads\/2025\/12\/51NprwSL-UL_720x.jpg\" alt=\"La cit\u00e9 radieuse - Le Corbusier\" width=\"400\" height=\"500\" \/><\/a><a class=\"shopify\" href=\"https:\/\/shop.planete-deco.fr\/collections\/livres\/products\/vivre-heureux-en-ville-25-appartements-realises-par-des-architectes-et-designers-dinterieur\" rel=\"nofollow noopener\" target=\"_blank\"><img decoding=\"async\" loading=\"lazy\" class=\"shopify alignnone\" src=\"https:\/\/www.europesays.com\/fr\/wp-content\/uploads\/2025\/12\/61qNSvSvLtL_720x.jpg\" alt=\"Vivre heureux en ville - 25 appartements r\u00e9alis\u00e9s par des architectes et designers d'int\u00e9rieur\" width=\"720\" height=\"957\" \/><\/a><\/p>\n","protected":false},"excerpt":{"rendered":"La semaine d\u00e9coration et design vous propose de d\u00e9couvrir des reportages int\u00e9ressants pour tous les amoureux de la&hellip;\n","protected":false},"author":2,"featured_media":598808,"comment_status":"","ping_status":"","sticky":false,"template":"","format":"standard","meta":{"footnotes":""},"categories":[1358],"tags":[1348,1384,1385,1386,58,59,1011,27],"class_list":{"0":"post-598807","1":"post","2":"type-post","3":"status-publish","4":"format-standard","5":"has-post-thumbnail","7":"category-arts-et-design","8":"tag-arts","9":"tag-arts-and-design","10":"tag-arts-et-design","11":"tag-design","12":"tag-divertissement","13":"tag-entertainment","14":"tag-fr","15":"tag-france"},"share_on_mastodon":{"url":"https:\/\/pubeurope.com\/@fr\/115718324073517720","error":""},"_links":{"self":[{"href":"https:\/\/www.europesays.com\/fr\/wp-json\/wp\/v2\/posts\/598807","targetHints":{"allow":["GET"]}}],"collection":[{"href":"https:\/\/www.europesays.com\/fr\/wp-json\/wp\/v2\/posts"}],"about":[{"href":"https:\/\/www.europesays.com\/fr\/wp-json\/wp\/v2\/types\/post"}],"author":[{"embeddable":true,"href":"https:\/\/www.europesays.com\/fr\/wp-json\/wp\/v2\/users\/2"}],"replies":[{"embeddable":true,"href":"https:\/\/www.europesays.com\/fr\/wp-json\/wp\/v2\/comments?post=598807"}],"version-history":[{"count":0,"href":"https:\/\/www.europesays.com\/fr\/wp-json\/wp\/v2\/posts\/598807\/revisions"}],"wp:featuredmedia":[{"embeddable":true,"href":"https:\/\/www.europesays.com\/fr\/wp-json\/wp\/v2\/media\/598808"}],"wp:attachment":[{"href":"https:\/\/www.europesays.com\/fr\/wp-json\/wp\/v2\/media?parent=598807"}],"wp:term":[{"taxonomy":"category","embeddable":true,"href":"https:\/\/www.europesays.com\/fr\/wp-json\/wp\/v2\/categories?post=598807"},{"taxonomy":"post_tag","embeddable":true,"href":"https:\/\/www.europesays.com\/fr\/wp-json\/wp\/v2\/tags?post=598807"}],"curies":[{"name":"wp","href":"https:\/\/api.w.org\/{rel}","templated":true}]}}