{"id":598811,"date":"2025-12-14T14:12:15","date_gmt":"2025-12-14T14:12:15","guid":{"rendered":"https:\/\/www.europesays.com\/fr\/598811\/"},"modified":"2025-12-14T14:12:15","modified_gmt":"2025-12-14T14:12:15","slug":"les-fans-peuvent-ils-etre-poursuivis-ce-que-dit-la-loi-coreenne","status":"publish","type":"post","link":"https:\/\/www.europesays.com\/fr\/598811\/","title":{"rendered":"les fans peuvent-ils \u00eatre poursuivis ? Ce que dit la loi cor\u00e9enne"},"content":{"rendered":"<p>Des camions de protestation ont r\u00e9cemment \u00e9t\u00e9 d\u00e9ploy\u00e9s devant le si\u00e8ge de HYBE \u00e0 Yongsan et celui de SM Entertainment \u00e0 Seongdong, \u00e0 S\u00e9oul. En cause : la col\u00e8re d\u2019une partie de fans apr\u00e8s la propagation de rumeurs de <a href=\"https:\/\/altselection.ouest-france.fr\/tatouages-assortis-de-jungkook-et-winter-les-internautes-semballent-les-fans-repliquent\/\" data-type=\"post\" data-id=\"282717\" rel=\"nofollow noopener\" target=\"_blank\">relation entre Jungkook (BTS) et Winter (aespa)<\/a>.<\/p>\n<p>Sur les \u00e9crans LED install\u00e9s sur les v\u00e9hicules, des messages visant directement les deux artistes s\u2019encha\u00eenent, \u00e9voquant leurs tatouages, leur vie priv\u00e9e et allant jusqu\u2019\u00e0 remettre en question leur place au sein de leurs groupes respectifs. <a href=\"https:\/\/altselection.ouest-france.fr\/la-nouvelle-vague-de-camions-de-protestation-autour-de-jungkook-choque-les-internautes\/\" data-type=\"post\" data-id=\"283902\" rel=\"nofollow noopener\" target=\"_blank\">Une escalade qui relance un d\u00e9bat d\u00e9j\u00e0 sensible en Cor\u00e9e<\/a> : jusqu\u2019o\u00f9 peut aller le \u201cfan activism\u201d sans basculer dans l\u2019ill\u00e9galit\u00e9 ?<\/p>\n<p>Une pratique banalis\u00e9e\u2026 mais pas sans risques l\u00e9gaux<img loading=\"lazy\" decoding=\"async\" width=\"1400\" height=\"1050\" src=\"https:\/\/www.europesays.com\/fr\/wp-content\/uploads\/2025\/12\/winter-jungkook-couple-33.jpg\" alt=\"Camions de protestation contre Jungkook : les fans peuvent-ils \u00eatre poursuivis ? Ce que dit la loi cor\u00e9enne\" class=\"wp-image-283904\" title=\"Camions de protestation contre Jungkook : les fans peuvent-ils \u00eatre poursuivis ? Ce que dit la loi cor\u00e9enne\"  \/><\/p>\n<p>Les \u00ab camions de protestation \u00bb sont devenus monnaie courante dans la culture fandom, souvent utilis\u00e9s pour faire pression sur des agences ou exprimer un m\u00e9contentement collectif. Mais lorsque le contenu affich\u00e9 d\u00e9passe la critique pour devenir <strong>attaque personnelle<\/strong>, la question de la responsabilit\u00e9 p\u00e9nale se pose.<\/p>\n<p>Dans ce cas pr\u00e9cis, plusieurs juristes estiment que certaines phrases diffus\u00e9es pourraient relever de la <strong>diffamation<\/strong> ou de l\u2019<strong>injure<\/strong>, telles que des accusations de \u00ab tromperie envers les fans \u00bb ou des injonctions \u00e0 quitter les activit\u00e9s de groupe.<\/p>\n<p>En <a href=\"https:\/\/www.law.go.kr\/%EB%B2%95%EB%A0%B9\/%ED%98%95%EB%B2%95\/%EC%A0%9C307%EC%A1%B0\" target=\"_blank\" rel=\"noopener nofollow\">droit cor\u00e9en, l\u2019article 307 du Code p\u00e9nal <\/a>sanctionne le fait de porter atteinte \u00e0 la r\u00e9putation d\u2019une personne en diffusant publiquement des informations, qu\u2019elles soient vraies ou non. L\u2019utilisation d\u2019\u00e9crans g\u00e9ants visibles par un large public renforce la notion de <strong>publicit\u00e9 de l\u2019acte<\/strong>, un \u00e9l\u00e9ment cl\u00e9 pour caract\u00e9riser l\u2019infraction.<\/p>\n<p>Les organisateurs en premi\u00e8re ligne<img loading=\"lazy\" decoding=\"async\" width=\"475\" height=\"594\" src=\"https:\/\/www.europesays.com\/fr\/wp-content\/uploads\/2025\/12\/Chanel-Beauty-a-annonce-que-Jungkook-de-BTS-devient-son-ambassadeur-mondial.jpg\" alt=\"Camions de protestation contre Jungkook : les fans peuvent-ils \u00eatre poursuivis ? Ce que dit la loi cor\u00e9enne\" class=\"wp-image-283860\" title=\"Camions de protestation contre Jungkook : les fans peuvent-ils \u00eatre poursuivis ? Ce que dit la loi cor\u00e9enne\"\/>Chanel Beauty<\/p>\n<p>Les premiers expos\u00e9s \u00e0 des poursuites sont les <strong>organisateurs et initiateurs<\/strong> de la manifestation. Ce sont eux qui planifient l\u2019action, louent les v\u00e9hicules et coordonnent la diffusion des messages. \u00c0 ce titre, ils pourraient \u00eatre consid\u00e9r\u00e9s comme <strong>auteurs principaux<\/strong> des infractions pr\u00e9sum\u00e9es.<\/p>\n<p>Les personnes ayant r\u00e9dig\u00e9 les slogans ne sont pas \u00e9pargn\u00e9es non plus. La justice cor\u00e9enne reconna\u00eet la <strong>coaction<\/strong> : m\u00eame sans ex\u00e9cuter mat\u00e9riellement l\u2019acte, contribuer intentionnellement \u00e0 sa r\u00e9alisation peut suffire pour \u00eatre poursuivi comme complice.<\/p>\n<p>\u00ab Je n\u2019ai fait que donner de l\u2019argent \u00bb : une d\u00e9fense fragile<\/p>\n<p>Le point le plus sensible concerne les <strong>donateurs<\/strong>. Les camions sont g\u00e9n\u00e9ralement financ\u00e9s via des collectes en ligne, parfois ouvertes \u00e0 de tr\u00e8s petites contributions. Pourtant, le montant n\u2019est pas le crit\u00e8re d\u00e9cisif.<\/p>\n<p>Selon les experts, tout d\u00e9pend de la <strong>connaissance pr\u00e9alable du contenu<\/strong>. Si les appels aux dons mentionnaient explicitement une action visant \u00e0 d\u00e9noncer la rumeur ou \u00e0 attaquer personnellement l\u2019artiste, et que les contributeurs ont particip\u00e9 en toute connaissance de cause, ceux-ci pourraient \u00eatre consid\u00e9r\u00e9s comme <strong>complices ou instigateurs indirects<\/strong>.<\/p>\n<p>Des pr\u00e9c\u00e9dents judiciaires existent : par le pass\u00e9, des personnes ayant financ\u00e9 des frais logistiques li\u00e9s \u00e0 des rassemblements ill\u00e9gaux ont \u00e9t\u00e9 reconnues coupables de complicit\u00e9. L\u2019argument de la \u00ab simple intention de soutenir \u00bb n\u2019a alors pas suffi.<\/p>\n<p>Une pression croissante sur les agences<img loading=\"lazy\" decoding=\"async\" width=\"1200\" height=\"800\" src=\"https:\/\/www.europesays.com\/fr\/wp-content\/uploads\/2025\/12\/HYBE-se-desengage-totalement-de-SM.jpg\" alt=\"Camions de protestation contre Jungkook : les fans peuvent-ils \u00eatre poursuivis ? Ce que dit la loi cor\u00e9enne\" class=\"wp-image-247212\" title=\"Camions de protestation contre Jungkook : les fans peuvent-ils \u00eatre poursuivis ? Ce que dit la loi cor\u00e9enne\"  \/><\/p>\n<p>Du c\u00f4t\u00e9 des fans de BTS, notamment ARMYs, ces camions ont provoqu\u00e9 une onde de choc. Beaucoup d\u00e9noncent une usurpation du nom du fandom et r\u00e9clament une <strong>r\u00e9action ferme de HYBE<\/strong> pour prot\u00e9ger Jungkook, alors que le groupe se pr\u00e9pare \u00e0 son retour.<\/p>\n<p>Le silence prolong\u00e9 des agences est de plus en plus critiqu\u00e9, certains estimant qu\u2019il encourage indirectement la prolif\u00e9ration de campagnes diffamatoires. Cette affaire alimente ainsi un d\u00e9bat plus large sur la <strong>responsabilit\u00e9 des labels<\/strong> face \u00e0 des formes de harc\u00e8lement devenues plus visibles, organis\u00e9es et co\u00fbteuses.<\/p>\n<p>Quand le fan engagement franchit la ligne rouge<\/p>\n<p>Pr\u00e9sent\u00e9s comme des actes de \u00ab fan love \u00bb, les camions de protestation montrent ici leurs limites. Une fois la fronti\u00e8re l\u00e9gale franchie, l\u2019\u00e9motion collective peut se transformer en <strong>responsabilit\u00e9 p\u00e9nale<\/strong>, touchant non seulement les meneurs, mais aussi ceux qui ont contribu\u00e9 financi\u00e8rement.<\/p>\n<p>Un signal clair, selon plusieurs observateurs, que la passion pour un artiste ne prot\u00e8ge pas de la loi \u2013 et que chaque participation \u00e0 ce type d\u2019action m\u00e9rite d\u00e9sormais une r\u00e9flexion s\u00e9rieuse.<\/p>\n<p>  Si vous appr\u00e9ciez notre travail, vous pouvez nous soutenir en nous suivant sur Google :  <a href=\"https:\/\/profile.google.com\/cp\/EjwKHGFsdHNlbGVjdGlvbi5vdWVzdC1mcmFuY2UuZnISHGFsdHNlbGVjdGlvbi5vdWVzdC1mcmFuY2UuZnI\" target=\"_blank\" rel=\"noopener nofollow external\" style=\"&#010; display:inline-block !important;&#010; padding:12px 20px !important;&#010; background:#ff2d89 !important;&#010; color:#fff !important;&#010; border-radius:999px !important;&#010; font-weight:700 !important;&#010; text-decoration:none !important;&#010; line-height:1 !important;&#010; border:0 !important;&#010; box-shadow:0 6px 18px rgba(255,45,137,.25) !important;&#010; transition:transform .06s ease, box-shadow .2s ease !important;\"> Suivre sur Google News <\/a><\/p>\n","protected":false},"excerpt":{"rendered":"Des camions de protestation ont r\u00e9cemment \u00e9t\u00e9 d\u00e9ploy\u00e9s devant le si\u00e8ge de HYBE \u00e0 Yongsan et celui de&hellip;\n","protected":false},"author":2,"featured_media":598812,"comment_status":"","ping_status":"","sticky":false,"template":"","format":"standard","meta":{"footnotes":""},"categories":[1355],"tags":[58,59,1011,27,1361,873],"class_list":{"0":"post-598811","1":"post","2":"type-post","3":"status-publish","4":"format-standard","5":"has-post-thumbnail","7":"category-musique","8":"tag-divertissement","9":"tag-entertainment","10":"tag-fr","11":"tag-france","12":"tag-music","13":"tag-musique"},"share_on_mastodon":{"url":"https:\/\/pubeurope.com\/@fr\/115718334732838991","error":""},"_links":{"self":[{"href":"https:\/\/www.europesays.com\/fr\/wp-json\/wp\/v2\/posts\/598811","targetHints":{"allow":["GET"]}}],"collection":[{"href":"https:\/\/www.europesays.com\/fr\/wp-json\/wp\/v2\/posts"}],"about":[{"href":"https:\/\/www.europesays.com\/fr\/wp-json\/wp\/v2\/types\/post"}],"author":[{"embeddable":true,"href":"https:\/\/www.europesays.com\/fr\/wp-json\/wp\/v2\/users\/2"}],"replies":[{"embeddable":true,"href":"https:\/\/www.europesays.com\/fr\/wp-json\/wp\/v2\/comments?post=598811"}],"version-history":[{"count":0,"href":"https:\/\/www.europesays.com\/fr\/wp-json\/wp\/v2\/posts\/598811\/revisions"}],"wp:featuredmedia":[{"embeddable":true,"href":"https:\/\/www.europesays.com\/fr\/wp-json\/wp\/v2\/media\/598812"}],"wp:attachment":[{"href":"https:\/\/www.europesays.com\/fr\/wp-json\/wp\/v2\/media?parent=598811"}],"wp:term":[{"taxonomy":"category","embeddable":true,"href":"https:\/\/www.europesays.com\/fr\/wp-json\/wp\/v2\/categories?post=598811"},{"taxonomy":"post_tag","embeddable":true,"href":"https:\/\/www.europesays.com\/fr\/wp-json\/wp\/v2\/tags?post=598811"}],"curies":[{"name":"wp","href":"https:\/\/api.w.org\/{rel}","templated":true}]}}