{"id":598813,"date":"2025-12-14T14:13:12","date_gmt":"2025-12-14T14:13:12","guid":{"rendered":"https:\/\/www.europesays.com\/fr\/598813\/"},"modified":"2025-12-14T14:13:12","modified_gmt":"2025-12-14T14:13:12","slug":"3-films-a-regarder-ce-dimanche-23","status":"publish","type":"post","link":"https:\/\/www.europesays.com\/fr\/598813\/","title":{"rendered":"3 films \u00e0 regarder ce dimanche"},"content":{"rendered":"<p>Vous \u00eates devant votre t\u00e9l\u00e9 et vous zappez \u00e0 la recherche d\u2019un film \u00e0 regarder seul, en famille ou entre amis\u00a0? Inutile de vous \u00e9puiser, on a \u00e9pluch\u00e9 le programme pour d\u00e9nicher 3 films sympas \u00e0 savourer pour terminer la semaine en beaut\u00e9.<\/p>\n<p> Red One (TF1, 21h10)<br \/>\n    <a href=\"https:\/\/www.youtube.com\/@PressecitronHD?sub_confirmation=1\" target=\"_blank\" rel=\"nofollow noopener\"><br \/>\n        S&rsquo;abonner \u00e0 Presse-citron<br \/>\n    <\/a> <\/p>\n<p>Selon le synopsis d\u2019Allocin\u00e9\u00a0:<\/p>\n<blockquote>\n<p>Apr\u00e8s l\u2019enl\u00e8vement du p\u00e8re No\u00ebl \u2013 Nom de code: Rouge \u2013 le chef de la s\u00e9curit\u00e9 du p\u00f4le Nord doit s\u2019associer avec le chasseur de primes le plus c\u00e9l\u00e8bre du monde dans une mission pleine d\u2019action \u00e0 travers le globe pour sauver No\u00ebl.<\/p>\n<\/blockquote>\n<p>Ce film de No\u00ebl sign\u00e9 Jake Kasdan n\u2019a clairement pas fait l\u2019unanimit\u00e9 \u00e0 sa sortie. Le mieux est sans doute de le visionner pour vous forger votre propre avis.<\/p>\n<p> Les Associ\u00e9s (Arte, 21h)  <\/p>\n<p>D\u2019apr\u00e8s le pitch propos\u00e9 par Rotten Tomatoes\u00a0:<\/p>\n<blockquote>\n<p>Roy, un escroc d\u00e9pressif souffrant de troubles obsessionnels compulsifs, et Frank, son partenaire, voient leur travail compliqu\u00e9 par l\u2019arriv\u00e9e d\u2019Angela, la fille adolescente de Roy. Angela redonne un peu de joie de vivre \u00e0 Roy, et certains de ses sympt\u00f4mes semblent dispara\u00eetre. Mais quand Angela veut apprendre le m\u00e9tier familial et que Roy l\u2019autorise \u00e0 participer \u00e0 une grosse arnaque visant un homme d\u2019affaires, il reconsid\u00e8re ses m\u00e9thodes \u00e9ducatives.<\/p>\n<\/blockquote>\n<p><a href=\"https:\/\/www.presse-citron.net\/5-films-cultes-de-ridley-scott-a-voir-absolument\/\" target=\"_blank\" rel=\"false noopener\">Ridley Scott<\/a> nous propose ici une tr\u00e8s bonne com\u00e9die, notamment en grande partie gr\u00e2ce \u00e0 ce personnage n\u00e9vros\u00e9 incarn\u00e9 par Nicolas Cage. Un tr\u00e8s bon cru \u00e0 voir et \u00e0 revoir.<\/p>\n<p> Une belle course (TMC, 21h15)  <\/p>\n<p>\u00c0 92 ans, Madeleine s\u2019appr\u00eate \u00e0 quitter d\u00e9finitivement son appartement parisien pour une maison de retraite. Elle fait appel \u00e0 Charles, chauffeur de taxi d\u00e9sabus\u00e9, pour un dernier d\u00e9tour \u00e0 travers les rues de son pass\u00e9. Au fil du trajet et des confidences, ce simple service se transforme en une parenth\u00e8se bouleversante, o\u00f9 les souvenirs et les v\u00e9rit\u00e9s d\u00e9voil\u00e9es marquent \u00e0 jamais les deux passagers.<\/p>\n<p>On ne parlera pas de chef-d\u2019\u0153uvre, mais cette com\u00e9die dramatique fonctionne n\u00e9anmoins plut\u00f4t bien, port\u00e9e par le duo constitu\u00e9 de Dany Boon et de Line Renaud.<\/p>\n<p>C\u2019est tout pour cette semaine. Notez, si ces trois films ne sont pas \u00e0 votre go\u00fbt, qu\u2019il y aura d\u2019autres longs-m\u00e9trages ce dimanche soir sur la TNT, et notamment A Star Is Born (TFX, 21h10), ou encore Mes tr\u00e8s chers enfants (France 2, 21h10). Vous pouvez aussi rattraper les p\u00e9pites de la semaine derni\u00e8re en replay <a href=\"https:\/\/www.presse-citron.net\/a-la-tv-ce-soir-3-films-a-regarder-ce-dimanche-98\/\" target=\"_blank\" rel=\"false noopener\">en relisant notre pr\u00e9c\u00e9dent article ici<\/a>.<\/p>\n<blockquote>\n<p class=\"text-base text-neutral-700 dark:text-neutral-300\">\ud83d\udccd Pour ne manquer aucune actualit\u00e9 de Presse-citron, suivez-nous sur <a href=\"https:\/\/news.google.com\/publications\/CAAqBggKMIPiNTC70wU?hl=fr&amp;gl=FR&amp;ceid=FR%3Afr\" target=\"_blank\" rel=\"noopener\">Google Actualit\u00e9s<\/a> et <a href=\"https:\/\/whatsapp.com\/channel\/0029VaCkGuz4NViitBXbEr0b\" target=\"_blank\" rel=\"noopener\">WhatsApp<\/a>.<\/p>\n<\/blockquote>\n","protected":false},"excerpt":{"rendered":"Vous \u00eates devant votre t\u00e9l\u00e9 et vous zappez \u00e0 la recherche d\u2019un film \u00e0 regarder seul, en famille&hellip;\n","protected":false},"author":2,"featured_media":598814,"comment_status":"","ping_status":"","sticky":false,"template":"","format":"standard","meta":{"footnotes":""},"categories":[1354],"tags":[58,59,1346,1011,27,1360,252],"class_list":{"0":"post-598813","1":"post","2":"type-post","3":"status-publish","4":"format-standard","5":"has-post-thumbnail","7":"category-films","8":"tag-divertissement","9":"tag-entertainment","10":"tag-films","11":"tag-fr","12":"tag-france","13":"tag-movies","14":"tag-television"},"share_on_mastodon":{"url":"https:\/\/pubeurope.com\/@fr\/115718337597436127","error":""},"_links":{"self":[{"href":"https:\/\/www.europesays.com\/fr\/wp-json\/wp\/v2\/posts\/598813","targetHints":{"allow":["GET"]}}],"collection":[{"href":"https:\/\/www.europesays.com\/fr\/wp-json\/wp\/v2\/posts"}],"about":[{"href":"https:\/\/www.europesays.com\/fr\/wp-json\/wp\/v2\/types\/post"}],"author":[{"embeddable":true,"href":"https:\/\/www.europesays.com\/fr\/wp-json\/wp\/v2\/users\/2"}],"replies":[{"embeddable":true,"href":"https:\/\/www.europesays.com\/fr\/wp-json\/wp\/v2\/comments?post=598813"}],"version-history":[{"count":0,"href":"https:\/\/www.europesays.com\/fr\/wp-json\/wp\/v2\/posts\/598813\/revisions"}],"wp:featuredmedia":[{"embeddable":true,"href":"https:\/\/www.europesays.com\/fr\/wp-json\/wp\/v2\/media\/598814"}],"wp:attachment":[{"href":"https:\/\/www.europesays.com\/fr\/wp-json\/wp\/v2\/media?parent=598813"}],"wp:term":[{"taxonomy":"category","embeddable":true,"href":"https:\/\/www.europesays.com\/fr\/wp-json\/wp\/v2\/categories?post=598813"},{"taxonomy":"post_tag","embeddable":true,"href":"https:\/\/www.europesays.com\/fr\/wp-json\/wp\/v2\/tags?post=598813"}],"curies":[{"name":"wp","href":"https:\/\/api.w.org\/{rel}","templated":true}]}}