{"id":598815,"date":"2025-12-14T14:14:12","date_gmt":"2025-12-14T14:14:12","guid":{"rendered":"https:\/\/www.europesays.com\/fr\/598815\/"},"modified":"2025-12-14T14:14:12","modified_gmt":"2025-12-14T14:14:12","slug":"le-risque-de-cancer-serait-plus-faible-a-cet-age-precis-selon-des-chercheurs-americains","status":"publish","type":"post","link":"https:\/\/www.europesays.com\/fr\/598815\/","title":{"rendered":"le risque de cancer serait plus faible \u00e0 cet \u00e2ge pr\u00e9cis, selon des chercheurs am\u00e9ricains"},"content":{"rendered":"<p>Risque de cancer diminue avec l\u2019\u00e2ge : ce tournant au tr\u00e8s grand<br \/>\n\u00e2ge<\/p>\n<p>On pense souvent que le cancer grimpe sans fin avec l\u2019\u00e2ge. Une<br \/>\n\u00e9quipe de la <strong>Universit\u00e9 de Stanford<\/strong> remet ce r\u00e9cit<br \/>\nen perspective, en s\u2019attaquant au lien entre mutations accumul\u00e9es<br \/>\net tumeurs. \u00ab\u00a0Le mod\u00e8le standard du cancer, c\u00a0\u00bbest qu&rsquo;avec l&rsquo;\u00e2ge on<br \/>\naccumule des choses mauvaises sous forme de mutations. Quand on<br \/>\naccumule suffisamment de choses mauvaises, le cancer survient\u00a0\u00bb, a<br \/>\nexpliqu\u00e9 Dmitri Petrov, cit\u00e9 par le New York Post. De quoi<br \/>\nreconsid\u00e9rer ce que montrent r\u00e9ellement les courbes par \u00e2ge.<\/p>\n<p>Dans les statistiques, l\u2019incidence augmente nettement apr\u00e8s 50<br \/>\nans, puis atteint un pic entre 70 et 80 ans. Pass\u00e9 ce cap, la<br \/>\ncourbe cesse de s\u2019envoler, elle se tasse. Les chercheurs ont voulu<br \/>\ntester si le vieillissement tr\u00e8s avanc\u00e9 ne finissait pas, lui<br \/>\naussi, par freiner certaines tumeurs. Une id\u00e9e d\u00e9rangeante, mais<br \/>\nqui s\u2019invite de plus en plus dans la conversation scientifique. Et<br \/>\ns\u2019il existait un basculement discret, tard dans la vie ?<\/p>\n<p>\u00c9tude Stanford : des souris tr\u00e8s \u00e2g\u00e9es, trois fois moins de<br \/>\ntumeurs<\/p>\n<p>Pour creuser, l\u2019\u00e9quipe a provoqu\u00e9 des <strong>tumeurs<br \/>\npulmonaires<\/strong> fluorescentes chez des souris g\u00e9n\u00e9tiquement<br \/>\nmodifi\u00e9es, puis compar\u00e9 des jeunes (4 \u00e0 6 mois) \u00e0 des tr\u00e8s \u00e2g\u00e9es<br \/>\n(20 \u00e0 21 mois). Quinze semaines plus tard, verdict sans ambigu\u00eft\u00e9 :<br \/>\nles jeunes pr\u00e9sentaient environ <strong>trois fois moins<\/strong><br \/>\nde protection, avec pr\u00e8s de trois fois plus de tumeurs et des<br \/>\nmasses plus volumineuses que les tr\u00e8s \u00e2g\u00e9es. \u00ab\u00a0C\u2019est une d\u00e9couverte<br \/>\nfrappante\u00a0\u00bb, a observ\u00e9 le Docteur Monte Winslow.<\/p>\n<p>Le r\u00e9sultat casse une intuition tenace. \u00ab\u00a0Au-del\u00e0 d&rsquo;un certain<br \/>\npoint, le vieillissement semble au contraire \u00eatre une forme<br \/>\ng\u00e9n\u00e9rale de suppression du cancer\u00a0\u00bb, a estim\u00e9 Dmitri Petrov. Publi\u00e9<br \/>\ndans la revue Nature Aging, ce travail sugg\u00e8re que<br \/>\nl\u2019environnement biologique du tr\u00e8s grand \u00e2ge pourrait, dans<br \/>\ncertains contextes, devenir moins accueillant pour la prolif\u00e9ration<br \/>\ntumorale. Un renversement qui interpelle les \u00e9pid\u00e9miologistes<br \/>\nautant que les cliniciens.<\/p>\n<p>Vers 85 ans, pourquoi la courbe se tasse<\/p>\n<p>Les donn\u00e9es de population montrent une stabilisation puis un<br \/>\nrecul l\u00e9ger de l\u2019incidence humaine autour de <strong>85<br \/>\nans<\/strong>. Pour comprendre ce tassement, les chercheurs ont<br \/>\nd\u00e9sactiv\u00e9 25 g\u00e8nes suppresseurs de tumeur, dont le c\u00e9l\u00e8bre<br \/>\n<strong>PTEN<\/strong>. Quand ils ont relanc\u00e9 le processus tumoral,<br \/>\ntout a augment\u00e9, mais de fa\u00e7on bien plus marqu\u00e9e chez les jeunes.<br \/>\n\u00ab\u00a0L&rsquo;inactivation de PTEN ressortait comme ayant un effet bien plus<br \/>\nfort chez les souris jeunes\u00a0\u00bb, a d\u00e9taill\u00e9 Emily Shuldiner.<\/p>\n<p>Ce contraste sugg\u00e8re une sensibilit\u00e9 diff\u00e9rente aux mutations<br \/>\nselon l\u2019\u00e2ge. \u00ab\u00a0Cela sugg\u00e8re que l&rsquo;effet d&rsquo;une mutation donn\u00e9e, ou<br \/>\nl&rsquo;efficacit\u00e9 des th\u00e9rapies anticanc\u00e9reuses ciblant des mutations<br \/>\nsp\u00e9cifiques, pourrait \u00eatre diff\u00e9rent chez les personnes jeunes et<br \/>\nles personnes \u00e2g\u00e9es\u00a0\u00bb, a-t-elle ajout\u00e9. Autrement dit, la biologie<br \/>\nde la tumeur se lit aussi \u00e0 travers l\u2019\u00e2ge de l\u2019organisme qui<br \/>\nl\u2019h\u00e9berge \u2014 un param\u00e8tre trop peu int\u00e9gr\u00e9 jusqu\u2019ici.<\/p>\n<p>Apr\u00e8s 85 ans, que change cette<br \/>\nd\u00e9couverte ?<\/p>\n<p>Attention au contresens : une incidence qui se tasse ne veut pas<br \/>\ndire disparition du risque. Cette \u00e9tude est pr\u00e9clinique, men\u00e9e sur<br \/>\ndes souris et sur un mod\u00e8le de <strong>cancer<\/strong> du poumon.<br \/>\nElle ouvre toutefois une piste forte, d\u00e9j\u00e0 discut\u00e9e par l\u2019\u00e9quipe de<br \/>\nStanford dans Nature Aging : des m\u00e9canismes li\u00e9s au<br \/>\nvieillissement extr\u00eame pourraient freiner la progression de<br \/>\ncertaines tumeurs. \u00ab\u00a0Les implications de cette histoire pourraient<br \/>\n\u00eatre \u00e9normes. Peut-\u00eatre que le vieillissement a un c\u00f4t\u00e9 b\u00e9n\u00e9fique<br \/>\nque nous pourrions exploiter pour de meilleurs traitements\u00a0\u00bb, a<br \/>\nd\u00e9clar\u00e9 Dmitri Petrov.<\/p>\n<p>Ces r\u00e9sultats posent aussi une question de m\u00e9thode. \u00ab\u00a0Nous<br \/>\nd\u00e9veloppons ces mod\u00e8les animaux de cancer avec en t\u00eate l&rsquo;objectif<br \/>\nde mettre au point de nouveaux traitements pour les patients\u00a0\u00bb, a<br \/>\nrappel\u00e9 Monte Winslow. \u00ab\u00a0Mais pour que cela fonctionne, les mod\u00e8les<br \/>\ndoivent \u00eatre corrects. Et cette \u00e9tude sugg\u00e8re que les mod\u00e8les<br \/>\nutilisant de jeunes animaux ne refl\u00e8tent peut-\u00eatre pas fid\u00e8lement<br \/>\nd&rsquo;importants changements li\u00e9s au vieillissement\u00a0\u00bb, a-t-il soulign\u00e9.<br \/>\nProchaine \u00e9tape annonc\u00e9e par les chercheurs : \u00e9tudier<br \/>\nsyst\u00e9matiquement l\u2019extr\u00eame vieillesse pour transformer cette<br \/>\nprotection tardive en pistes th\u00e9rapeutiques.<\/p>\n","protected":false},"excerpt":{"rendered":"Risque de cancer diminue avec l\u2019\u00e2ge : ce tournant au tr\u00e8s grand \u00e2ge On pense souvent que le&hellip;\n","protected":false},"author":2,"featured_media":598816,"comment_status":"","ping_status":"","sticky":false,"template":"","format":"standard","meta":{"footnotes":""},"categories":[10],"tags":[930,13041,317,2450,2511,101,33318,7079,1805,5975,154,57202,1011,27,71135,72,378,69809,4510,71,15298,22023,96],"class_list":{"0":"post-598815","1":"post","2":"type-post","3":"status-publish","4":"format-standard","5":"has-post-thumbnail","7":"category-sante","8":"tag-le","9":"tag-a","10":"tag-age","11":"tag-americains","12":"tag-cest","13":"tag-cancer","14":"tag-cet","15":"tag-chercheurs","16":"tag-de","17":"tag-decouverte","18":"tag-des","19":"tag-faible","20":"tag-fr","21":"tag-france","22":"tag-frappante","23":"tag-health","24":"tag-plus","25":"tag-precis","26":"tag-risque","27":"tag-sante","28":"tag-selon","29":"tag-serait","30":"tag-une"},"share_on_mastodon":{"url":"https:\/\/pubeurope.com\/@fr\/115718341571077851","error":""},"_links":{"self":[{"href":"https:\/\/www.europesays.com\/fr\/wp-json\/wp\/v2\/posts\/598815","targetHints":{"allow":["GET"]}}],"collection":[{"href":"https:\/\/www.europesays.com\/fr\/wp-json\/wp\/v2\/posts"}],"about":[{"href":"https:\/\/www.europesays.com\/fr\/wp-json\/wp\/v2\/types\/post"}],"author":[{"embeddable":true,"href":"https:\/\/www.europesays.com\/fr\/wp-json\/wp\/v2\/users\/2"}],"replies":[{"embeddable":true,"href":"https:\/\/www.europesays.com\/fr\/wp-json\/wp\/v2\/comments?post=598815"}],"version-history":[{"count":0,"href":"https:\/\/www.europesays.com\/fr\/wp-json\/wp\/v2\/posts\/598815\/revisions"}],"wp:featuredmedia":[{"embeddable":true,"href":"https:\/\/www.europesays.com\/fr\/wp-json\/wp\/v2\/media\/598816"}],"wp:attachment":[{"href":"https:\/\/www.europesays.com\/fr\/wp-json\/wp\/v2\/media?parent=598815"}],"wp:term":[{"taxonomy":"category","embeddable":true,"href":"https:\/\/www.europesays.com\/fr\/wp-json\/wp\/v2\/categories?post=598815"},{"taxonomy":"post_tag","embeddable":true,"href":"https:\/\/www.europesays.com\/fr\/wp-json\/wp\/v2\/tags?post=598815"}],"curies":[{"name":"wp","href":"https:\/\/api.w.org\/{rel}","templated":true}]}}