{"id":598823,"date":"2025-12-14T14:18:16","date_gmt":"2025-12-14T14:18:16","guid":{"rendered":"https:\/\/www.europesays.com\/fr\/598823\/"},"modified":"2025-12-14T14:18:16","modified_gmt":"2025-12-14T14:18:16","slug":"ventes-en-ligne-interdiction-des-voitures-nouvelles-habitudes-de-consommation-menaces-sur-le-commerce-parisien","status":"publish","type":"post","link":"https:\/\/www.europesays.com\/fr\/598823\/","title":{"rendered":"Ventes en ligne, interdiction des voitures, nouvelles habitudes de consommation&#8230; Menaces sur le commerce parisien"},"content":{"rendered":"<p>\n    <strong>D\u00c9CRYPTAGE &#8211; <\/strong>Le bouleversement de la physionomie de la capitale s\u2019acc\u00e9l\u00e8re. Les petits commerces peinent r\u00e9sister \u00e0 l\u2019offensive de nouveaux acteurs venus de l\u2019\u00e9tranger.<\/p>\n<p class=\"fig-paragraph\">Un g\u00e9ant chinois de l\u2019e-commerce pr\u00e9cipitant la chute de l\u2019un des derniers grands magasins parisiens. Ce cauchemar, entra\u00een\u00e9 par\u00a0<a href=\"http:\/\/www.lefigaro.fr\/societes\/shein-au-bhv-l-art-de-transformer-un-accord-gagnant-gagnant-en-double-accident-industriel-20251201\" data-fig-type=\"Article\" data-gtm-custom-categorie=\"navigation\" data-gtm-custom-action=\"crossclick\" data-gtm-custom-label=\"Contextuel\" data-gtm-event=\"customEventSPE\" data-fig-domain=\"LEFIGARO\" target=\"_blank\" rel=\"noopener\">l\u2019arriv\u00e9e de Shein au BHV,<\/a>\u00a0est un symbole de la r\u00e9volution du commerce en cours dans la Ville lumi\u00e8re. En difficult\u00e9 depuis des ann\u00e9es, l\u2019ex-Bazar de l\u2019H\u00f4tel de Ville, cr\u00e9\u00e9 en 1856 rue de Rivoli, s\u2019enfonce dans la crise depuis qu\u2019il a accueilli \u00e0 son dernier \u00e9tage le premier magasin du site de vente en ligne d\u2019article de mode ultra-low cost. Si le BHV devait \u00eatre contraint de baisser le rideau, il ne serait pas seulement une nouvelle victime de la catastrophe qui s\u2019abat sur les magasins de mode dans la capitale\u00a0: entre 2020 et 2023, le nombre de tailleurs a plong\u00e9 de 22% et celui des boutiques de pr\u00eat-\u00e0-porter femme de 15%.<\/p>\n<p class=\"fig-paragraph\">Pour les commer\u00e7ants, les habitants comme pour les experts, il n\u2019est plus question de se laisser endormir par des chiffres globaux et la fable d\u2019un renouvellement permanent, m\u00eame si la Mairie de Paris se veut toujours rassurante. Certes\u2026<\/p>\n<p class=\"fig-premium-paywall__infos\">\n        Cet article est r\u00e9serv\u00e9 aux abonn\u00e9s.        Il vous reste 89% \u00e0 d\u00e9couvrir.\n    <\/p>\n<p>                <img  data- alt=\"Le Figaro\" class=\"fig-img--complete fig-img\"\/><\/p>\n<p class=\"fig-premium-paywall__title\">Vente Flash<\/p>\n<p class=\"fig-premium-paywall__subtitle\">-50% sur l&rsquo;abonnement num\u00e9rique<\/p>\n<p class=\"fig-premium-paywall__connect\">\n                D\u00e9j\u00e0 abonn\u00e9\u00a0?                <a class=\"fig-premium-paywall__connect-link\" href=\"https:\/\/connect.lefigaro.fr\/login?client=horizon_web&amp;type=main&amp;redirect_uri=https%3A%2F%2Fwww.lefigaro.fr%2Fconjoncture%2Fventes-en-ligne-interdiction-des-voitures-nouvelles-habitudes-de-consommation-menaces-sur-le-commerce-parisien-20251214\" data-js-gtm=\"{&quot;customCategorie&quot;: &quot;conversion&quot;, &quot;customAction&quot;: &quot;before_Landing_Connexion_paywall_auto&quot;, &quot;customLabel&quot;: &quot;bGVmaWdhcm8uZnJfXzFmMGQ2ODU3LTQzOTctNmM3OC04OTA2LTUzZDUxMjkwMjM3Y19fQXJ0aWNsZQ==_Ventes en ligne, interdiction des voitures, nouvelles habitudes de consommation... Menaces sur le commerce parisien_235&quot;, &quot;customIDSPE&quot;: &quot;bGVmaWdhcm8uZnJfXzFmMGQ2ODU3LTQzOTctNmM3OC04OTA2LTUzZDUxMjkwMjM3Y19fQXJ0aWNsZQ==&quot;, &quot;event&quot;: &quot;customEventSPE&quot;}\" target=\"_blank\" rel=\"noopener\"><br \/>\n                    Connectez-vous<br \/>\n                <\/a>\n            <\/p>\n","protected":false},"excerpt":{"rendered":"D\u00c9CRYPTAGE &#8211; Le bouleversement de la physionomie de la capitale s\u2019acc\u00e9l\u00e8re. Les petits commerces peinent r\u00e9sister \u00e0 l\u2019offensive&hellip;\n","protected":false},"author":2,"featured_media":598824,"comment_status":"","ping_status":"","sticky":false,"template":"","format":"standard","meta":{"footnotes":""},"categories":[6],"tags":[4753,35,215,49510,33,34,1011,27,626,1104],"class_list":{"0":"post-598823","1":"post","2":"type-post","3":"status-publish","4":"format-standard","5":"has-post-thumbnail","7":"category-economie","8":"tag-bhv","9":"tag-business","10":"tag-commerce","11":"tag-commerce-en-ligne","12":"tag-economie","13":"tag-economy","14":"tag-fr","15":"tag-france","16":"tag-paris","17":"tag-shein"},"share_on_mastodon":{"url":"https:\/\/pubeurope.com\/@fr\/115718357356759959","error":""},"_links":{"self":[{"href":"https:\/\/www.europesays.com\/fr\/wp-json\/wp\/v2\/posts\/598823","targetHints":{"allow":["GET"]}}],"collection":[{"href":"https:\/\/www.europesays.com\/fr\/wp-json\/wp\/v2\/posts"}],"about":[{"href":"https:\/\/www.europesays.com\/fr\/wp-json\/wp\/v2\/types\/post"}],"author":[{"embeddable":true,"href":"https:\/\/www.europesays.com\/fr\/wp-json\/wp\/v2\/users\/2"}],"replies":[{"embeddable":true,"href":"https:\/\/www.europesays.com\/fr\/wp-json\/wp\/v2\/comments?post=598823"}],"version-history":[{"count":0,"href":"https:\/\/www.europesays.com\/fr\/wp-json\/wp\/v2\/posts\/598823\/revisions"}],"wp:featuredmedia":[{"embeddable":true,"href":"https:\/\/www.europesays.com\/fr\/wp-json\/wp\/v2\/media\/598824"}],"wp:attachment":[{"href":"https:\/\/www.europesays.com\/fr\/wp-json\/wp\/v2\/media?parent=598823"}],"wp:term":[{"taxonomy":"category","embeddable":true,"href":"https:\/\/www.europesays.com\/fr\/wp-json\/wp\/v2\/categories?post=598823"},{"taxonomy":"post_tag","embeddable":true,"href":"https:\/\/www.europesays.com\/fr\/wp-json\/wp\/v2\/tags?post=598823"}],"curies":[{"name":"wp","href":"https:\/\/api.w.org\/{rel}","templated":true}]}}