{"id":598825,"date":"2025-12-14T14:19:16","date_gmt":"2025-12-14T14:19:16","guid":{"rendered":"https:\/\/www.europesays.com\/fr\/598825\/"},"modified":"2025-12-14T14:19:16","modified_gmt":"2025-12-14T14:19:16","slug":"douze-morts-apres-une-attaque-pendant-une-fete-juive-sur-une-plage-de-sydney-le-premier-ministre-denonce-un-acte-malefique-antisemite-et-terroriste","status":"publish","type":"post","link":"https:\/\/www.europesays.com\/fr\/598825\/","title":{"rendered":"douze morts apr\u00e8s une attaque pendant une f\u00eate juive sur une plage de Sydney\u00a0; le premier ministre d\u00e9nonce \u00ab\u00a0un acte mal\u00e9fique, antis\u00e9mite et terroriste \u00bb"},"content":{"rendered":"<p>   \u00ab\u00a0Ignoble terrorisme antis\u00e9mite de masse\u00a0\u00bb, \u00ab\u00a0sc\u00e8ne de massacre\u00a0\u00bb\u2026 Plusieurs personnalit\u00e9s politiques fran\u00e7aises condamnent l\u2019attaque \u00e0 Sydney                        <\/p>\n<p class=\"post__live-container--answer-text post__space-node\">Jean-Luc M\u00e9lenchon, le leader de La France insoumise, a regrett\u00e9 un \u00ab\u00a0ignoble terrorisme antis\u00e9mite de masse\u00a0\u00bb et fait part de son \u00ab\u00a0affliction et compassion pour les malheureuses familles l\u00e2chement frapp\u00e9es\u00a0\u00bb.<\/p>\n<p class=\"post__live-container--answer-text post__space-node\">Le pr\u00e9sident du Rassemblement national, Jordan Bardella, a exprim\u00e9 sa \u00ab\u00a0solidarit\u00e9 avec l\u2019Australie et la communaut\u00e9 juive australienne\u00a0\u00bb. \u00ab\u00a0Pens\u00e9es pour les nombreuses victimes et leurs proches, tragiquement endeuill\u00e9s en cette f\u00eate de Hanoukka\u00a0\u00bb, a-t-il ajout\u00e9.<\/p>\n<p class=\"post__live-container--answer-text post__space-node\">\u00ab\u00a0Une f\u00eate juive transform\u00e9e en sc\u00e8ne de massacre\u2026\u00a0\u00bb, a d\u00e9plor\u00e9 Laurent Wauquiez, le patron des d\u00e9put\u00e9s Les R\u00e9publicains, assurant que \u00ab\u00a0l\u2019antis\u00e9mitisme tue\u00a0\u00bb et exprimant ses \u00ab\u00a0pens\u00e9es aux victimes et \u00e0 la communaut\u00e9 juive frapp\u00e9e une fois de plus\u00a0\u00bb.<\/p>\n<p class=\"post__live-container--answer-text post__space-node\">Le d\u00e9put\u00e9 socialiste J\u00e9r\u00f4me Guedj a, pour sa part, appel\u00e9 \u00e0 un rassemblement dans la soir\u00e9e \u00ab\u00a0pour exprimer [notre] solidarit\u00e9\u00a0\u00bb, \u00ab\u00a0ce soir, partout o\u00f9 il y a des allumages publics\u00a0\u00bb de Hanoukka.<\/p>\n","protected":false},"excerpt":{"rendered":"\u00ab\u00a0Ignoble terrorisme antis\u00e9mite de masse\u00a0\u00bb, \u00ab\u00a0sc\u00e8ne de massacre\u00a0\u00bb\u2026 Plusieurs personnalit\u00e9s politiques fran\u00e7aises condamnent l\u2019attaque \u00e0 Sydney Jean-Luc M\u00e9lenchon,&hellip;\n","protected":false},"author":2,"featured_media":598826,"comment_status":"","ping_status":"","sticky":false,"template":"","format":"standard","meta":{"footnotes":""},"categories":[5],"tags":[11,1011,27,14,12,28],"class_list":{"0":"post-598825","1":"post","2":"type-post","3":"status-publish","4":"format-standard","5":"has-post-thumbnail","7":"category-international","8":"tag-actualites","9":"tag-fr","10":"tag-france","11":"tag-international","12":"tag-news","13":"tag-world"},"share_on_mastodon":{"url":"https:\/\/pubeurope.com\/@fr\/115718361332085739","error":""},"_links":{"self":[{"href":"https:\/\/www.europesays.com\/fr\/wp-json\/wp\/v2\/posts\/598825","targetHints":{"allow":["GET"]}}],"collection":[{"href":"https:\/\/www.europesays.com\/fr\/wp-json\/wp\/v2\/posts"}],"about":[{"href":"https:\/\/www.europesays.com\/fr\/wp-json\/wp\/v2\/types\/post"}],"author":[{"embeddable":true,"href":"https:\/\/www.europesays.com\/fr\/wp-json\/wp\/v2\/users\/2"}],"replies":[{"embeddable":true,"href":"https:\/\/www.europesays.com\/fr\/wp-json\/wp\/v2\/comments?post=598825"}],"version-history":[{"count":0,"href":"https:\/\/www.europesays.com\/fr\/wp-json\/wp\/v2\/posts\/598825\/revisions"}],"wp:featuredmedia":[{"embeddable":true,"href":"https:\/\/www.europesays.com\/fr\/wp-json\/wp\/v2\/media\/598826"}],"wp:attachment":[{"href":"https:\/\/www.europesays.com\/fr\/wp-json\/wp\/v2\/media?parent=598825"}],"wp:term":[{"taxonomy":"category","embeddable":true,"href":"https:\/\/www.europesays.com\/fr\/wp-json\/wp\/v2\/categories?post=598825"},{"taxonomy":"post_tag","embeddable":true,"href":"https:\/\/www.europesays.com\/fr\/wp-json\/wp\/v2\/tags?post=598825"}],"curies":[{"name":"wp","href":"https:\/\/api.w.org\/{rel}","templated":true}]}}