{"id":598827,"date":"2025-12-14T14:20:21","date_gmt":"2025-12-14T14:20:21","guid":{"rendered":"https:\/\/www.europesays.com\/fr\/598827\/"},"modified":"2025-12-14T14:20:21","modified_gmt":"2025-12-14T14:20:21","slug":"deux-personnes-tres-gravement-blessees","status":"publish","type":"post","link":"https:\/\/www.europesays.com\/fr\/598827\/","title":{"rendered":"deux personnes tr\u00e8s gravement bless\u00e9es"},"content":{"rendered":"<p>Dimanche matin, \u00e0 00\u00a0h\u00a037, les sapeurs-pompiers du SDIS 90 sont intervenus sur l\u2019A 36 \u00e0 Angeot pour un tr\u00e8s grave accident de circulation. Un v\u00e9hicule, qui sortait de l\u2019aire du Haut Bois, \u00e0 hauteur d\u2019Angeot, s\u2019est engag\u00e9 \u00e0 contresens. Il a percut\u00e9 un v\u00e9hicule arrivant en face. L\u2019accident s\u2019est produit dans le sens Mulhouse-Montb\u00e9liard.<\/p>\n<p>Les\u00a0reconnaissances men\u00e9es ont permis d\u2019\u00e9tablir un bilan initial de deux victimes, toutes deux\u00a0conducteurs. Les secours ont pris en charge un homme de 40 ans en urgence absolue, m\u00e9dicalis\u00e9 par le SMUR et transport\u00e9 vers l\u2019H\u00f4pital Nord Franche-Comt\u00e9 par\u00a0une ambulance. Un homme de 34 ans, \u00e9galement en urgence absolue, a \u00e9t\u00e9 m\u00e9dicalis\u00e9\u00a0sur place avant d\u2019\u00eatre transport\u00e9 vers l\u2019h\u00f4pital de Tr\u00e9venans.<\/p>\n<p>Ce contenu est bloqu\u00e9 car vous n&rsquo;avez pas accept\u00e9 les cookies et autres traceurs.<\/p>\n<p>En cliquant sur \u00ab J\u2019accepte \u00bb, les cookies et autres traceurs seront d\u00e9pos\u00e9s et vous pourrez visualiser les contenus  (<a href=\"\" class=\"consentModule_policy\" target=\"_blank\" title=\"Consulter la politique de protection des donn\u00e9es du fournisseur\">plus d&rsquo;informations<\/a>).<\/p>\n<p>En cliquant sur \u00ab J\u2019accepte tous les cookies \u00bb, vous autorisez des d\u00e9p\u00f4ts de cookies et autres traceurs pour le stockage de vos donn\u00e9es sur nos sites et applications \u00e0 des fins de personnalisation et de ciblage publicitaire.<\/p>\n<p class=\"consentModule_secondaryText\">Vous gardez la possibilit\u00e9 de retirer votre consentement \u00e0 tout moment en consultant notre <a href=\"https:\/\/www.estrepublicain.fr\/protection-des-donnees\" target=\"_blank\" title=\"Consulter notre politique de protection des donn\u00e9es\" rel=\"noopener\">politique de protection des donn\u00e9es<\/a>. <br \/>&#13;<br \/>\n            <a href=\"https:\/\/www.estrepublicain.fr\/faits-divers-justice\/2025\/12\/14\/javascript:Didomi.notice.show()\" class=\"consentModule_cmp\" target=\"_blank\" rel=\"noopener\">G\u00e9rer mes choix<\/a>&#13;\n        <\/p>\n<p>&#13;<br \/>\n                        J&rsquo;accepte&#13;<br \/>\n            J&rsquo;accepte tous les cookies&#13;\n        <\/p>\n<p>Les secours ont engag\u00e9 de gros moyens, dont deux ambulances et un fourgon pompe-tonne secours routier\u00a0du centre de secours de Belfort Sud, ainsi qu\u2019une ambulance de Belfort Nord. Le\u00a0SDIS 68 a renforc\u00e9 les pompiers du Territoire.<\/p>\n<p>La Gendarmerie nationale et les \u00e9quipes des Autoroutes Paris-Rhin-Rh\u00f4ne (APRR) ont\u00a0assur\u00e9\u00a0le balisage et la protection du site pour s\u00e9curiser la zone. La gestion de l\u2019intervention a\u00a0ensuite \u00e9t\u00e9 confi\u00e9e \u00e0 la Gendarmerie nationale et aux \u00e9quipes de l\u2019APRR.<\/p>\n","protected":false},"excerpt":{"rendered":"Dimanche matin, \u00e0 00\u00a0h\u00a037, les sapeurs-pompiers du SDIS 90 sont intervenus sur l\u2019A 36 \u00e0 Angeot pour un&hellip;\n","protected":false},"author":2,"featured_media":598828,"comment_status":"","ping_status":"","sticky":false,"template":"","format":"standard","meta":{"footnotes":""},"categories":[4],"tags":[119,11,71136,11655,10332,274,1011,27,12,11058,25,55891],"class_list":{"0":"post-598827","1":"post","2":"type-post","3":"status-publish","4":"format-standard","5":"has-post-thumbnail","7":"category-france","8":"tag-accident","9":"tag-actualites","10":"tag-angeot","11":"tag-ca-grand-belfort-90a","12":"tag-edition-belfort-hericourt-montbeliard","13":"tag-faits-divers-justice","14":"tag-fr","15":"tag-france","16":"tag-news","17":"tag-region-franche-comte","18":"tag-republique-francaise","19":"tag-territoire-de-belfort"},"share_on_mastodon":{"url":"https:\/\/pubeurope.com\/@fr\/115718365256847864","error":""},"_links":{"self":[{"href":"https:\/\/www.europesays.com\/fr\/wp-json\/wp\/v2\/posts\/598827","targetHints":{"allow":["GET"]}}],"collection":[{"href":"https:\/\/www.europesays.com\/fr\/wp-json\/wp\/v2\/posts"}],"about":[{"href":"https:\/\/www.europesays.com\/fr\/wp-json\/wp\/v2\/types\/post"}],"author":[{"embeddable":true,"href":"https:\/\/www.europesays.com\/fr\/wp-json\/wp\/v2\/users\/2"}],"replies":[{"embeddable":true,"href":"https:\/\/www.europesays.com\/fr\/wp-json\/wp\/v2\/comments?post=598827"}],"version-history":[{"count":0,"href":"https:\/\/www.europesays.com\/fr\/wp-json\/wp\/v2\/posts\/598827\/revisions"}],"wp:featuredmedia":[{"embeddable":true,"href":"https:\/\/www.europesays.com\/fr\/wp-json\/wp\/v2\/media\/598828"}],"wp:attachment":[{"href":"https:\/\/www.europesays.com\/fr\/wp-json\/wp\/v2\/media?parent=598827"}],"wp:term":[{"taxonomy":"category","embeddable":true,"href":"https:\/\/www.europesays.com\/fr\/wp-json\/wp\/v2\/categories?post=598827"},{"taxonomy":"post_tag","embeddable":true,"href":"https:\/\/www.europesays.com\/fr\/wp-json\/wp\/v2\/tags?post=598827"}],"curies":[{"name":"wp","href":"https:\/\/api.w.org\/{rel}","templated":true}]}}