{"id":598839,"date":"2025-12-14T14:33:23","date_gmt":"2025-12-14T14:33:23","guid":{"rendered":"https:\/\/www.europesays.com\/fr\/598839\/"},"modified":"2025-12-14T14:33:23","modified_gmt":"2025-12-14T14:33:23","slug":"un-enfant-de-3-ans-meurt-pendant-un-cours-dapprentissage-a-la-natation-dans-une-piscine-municipale","status":"publish","type":"post","link":"https:\/\/www.europesays.com\/fr\/598839\/","title":{"rendered":"Un enfant de 3 ans meurt pendant un cours d\u2019apprentissage \u00e0 la natation dans une piscine municipale"},"content":{"rendered":"<p>Comment un tel drame a-t-il pu avoir lieu\u00a0? Triste soir\u00e9e samedi \u00e0 <a href=\"https:\/\/www.20minutes.fr\/dossier\/toulon\" class=\"c-link c-link--is-underlined\" rel=\"nofollow noopener\" target=\"_blank\">Toulon<\/a>. Un petit gar\u00e7on de trois ans a <a href=\"https:\/\/www.20minutes.fr\/faits_divers\/4186833-20251120-tarn-garonne-homme-meurt-noye-piege-voiture-apres-accident\" target=\"_blank\" class=\"c-link c-link--is-underlined\" rel=\"nofollow noopener\">perdu la vie<\/a> \u00e0 la piscine municipale L\u00e9o-Lagrange de Font-Pr\u00e9, alors qu\u2019il participait \u00e0 une s\u00e9ance d\u2019apprentissage de la natation, rapporte <a href=\"https:\/\/www.francebleu.fr\/infos\/faits-divers-justice\/toulon-un-enfant-de-3-ans-meurt-a-la-piscine-municipale-de-font-pre-7181279\" target=\"_blank\" class=\"c-link c-link--is-underlined\" rel=\"nofollow noopener\">Ici Provence<\/a>.<\/p>\n<p>Dans un communiqu\u00e9, la mairie pr\u00e9cise que \u00ab\u00a0l\u2019enfant participait \u00e0 une activit\u00e9 d\u2019apprentissage de la natation organis\u00e9e par un club sportif sur un cr\u00e9neau g\u00e9r\u00e9 en autonomie, avec un encadrement dipl\u00f4m\u00e9 du club, conforme \u00e0 la r\u00e9glementation en vigueur\u00a0\u00bb, lorsqu\u2019il a tragiquement trouv\u00e9 la mort.<\/p>\n<\/p>\n<p>Les causes du d\u00e9c\u00e8s encore inconnues<\/p>\n<p>Une cellule de soutien psychologique a \u00e9t\u00e9 mise en place sans attendre pour accompagner les proches, les t\u00e9moins et le personnel. Jos\u00e9e Massi, la maire de Toulon, s\u2019est \u00e9galement rendue sur place pour soutenir la famille de la jeune victime ainsi que les \u00e9quipes de la piscine.<\/p>\n<p>Pour l\u2019heure, \u00ab\u00a0les causes exactes du d\u00e9c\u00e8s ne sont pas \u00e9tablies \u00e0 ce stade\u00a0\u00bb, indique la municipalit\u00e9. Une enqu\u00eate des services de l\u2019\u00c9tat est en cours et une autopsie sera r\u00e9alis\u00e9e dans les prochains jours afin de d\u00e9terminer pr\u00e9cis\u00e9ment ce qui s\u2019est pass\u00e9.<\/p>\n","protected":false},"excerpt":{"rendered":"Comment un tel drame a-t-il pu avoir lieu\u00a0? Triste soir\u00e9e samedi \u00e0 Toulon. Un petit gar\u00e7on de trois&hellip;\n","protected":false},"author":2,"featured_media":598840,"comment_status":"","ping_status":"","sticky":false,"template":"","format":"standard","meta":{"footnotes":""},"categories":[9619],"tags":[1111,47,11,10258,3983,1067,1777,674,118,1011,27,5216,12,883,5922,882,25,2310,7506],"class_list":{"0":"post-598839","1":"post","2":"type-post","3":"status-publish","4":"format-standard","5":"has-post-thumbnail","7":"category-toulon","8":"tag-actu","9":"tag-actualite","10":"tag-actualites","11":"tag-autopsie","12":"tag-deces","13":"tag-enquete","14":"tag-eu","15":"tag-europe","16":"tag-faits-divers","17":"tag-fr","18":"tag-france","19":"tag-natation","20":"tag-news","21":"tag-paca","22":"tag-piscine","23":"tag-provence-alpes-cote-dazur","24":"tag-republique-francaise","25":"tag-toulon","26":"tag-var"},"share_on_mastodon":{"url":"https:\/\/pubeurope.com\/@fr\/115718416228678258","error":""},"_links":{"self":[{"href":"https:\/\/www.europesays.com\/fr\/wp-json\/wp\/v2\/posts\/598839","targetHints":{"allow":["GET"]}}],"collection":[{"href":"https:\/\/www.europesays.com\/fr\/wp-json\/wp\/v2\/posts"}],"about":[{"href":"https:\/\/www.europesays.com\/fr\/wp-json\/wp\/v2\/types\/post"}],"author":[{"embeddable":true,"href":"https:\/\/www.europesays.com\/fr\/wp-json\/wp\/v2\/users\/2"}],"replies":[{"embeddable":true,"href":"https:\/\/www.europesays.com\/fr\/wp-json\/wp\/v2\/comments?post=598839"}],"version-history":[{"count":0,"href":"https:\/\/www.europesays.com\/fr\/wp-json\/wp\/v2\/posts\/598839\/revisions"}],"wp:featuredmedia":[{"embeddable":true,"href":"https:\/\/www.europesays.com\/fr\/wp-json\/wp\/v2\/media\/598840"}],"wp:attachment":[{"href":"https:\/\/www.europesays.com\/fr\/wp-json\/wp\/v2\/media?parent=598839"}],"wp:term":[{"taxonomy":"category","embeddable":true,"href":"https:\/\/www.europesays.com\/fr\/wp-json\/wp\/v2\/categories?post=598839"},{"taxonomy":"post_tag","embeddable":true,"href":"https:\/\/www.europesays.com\/fr\/wp-json\/wp\/v2\/tags?post=598839"}],"curies":[{"name":"wp","href":"https:\/\/api.w.org\/{rel}","templated":true}]}}