{"id":598841,"date":"2025-12-14T14:34:14","date_gmt":"2025-12-14T14:34:14","guid":{"rendered":"https:\/\/www.europesays.com\/fr\/598841\/"},"modified":"2025-12-14T14:34:14","modified_gmt":"2025-12-14T14:34:14","slug":"je-ne-suis-pas-sure-quil-appellera-les-pompiers-la-prochaine-fois-poursuivi-pour-avoir-cause-un-incendie-il-nie-tout-en-bloc","status":"publish","type":"post","link":"https:\/\/www.europesays.com\/fr\/598841\/","title":{"rendered":"\u00ab\u00a0Je ne suis pas s\u00fbre qu\u2019il appellera les pompiers la prochaine fois\u00a0\u00bb\u00a0: poursuivi pour avoir caus\u00e9 un incendie, il nie tout en bloc"},"content":{"rendered":"<p>\n                                                                Poursuivi pour avoir mis le feu \u00e0 un enfin sur un chantier, le pr\u00e9venu nie en bloc toute implication devant le tribunal judiciaire de Montpellier o\u00f9 il comparaissait le 5\u00a0d\u00e9cembre dernier.\n                            <\/p>\n<p>Younes, 21 ans, aurait-il la guigne ou a contrario beaucoup de chance\u00a0? M\u00eame le tribunal judiciaire de Montpellier, qui tenait son audience coll\u00e9giale, en comparution imm\u00e9diate, le 5\u00a0d\u00e9cembre dernier, n\u2019a\u00a0pas \u00e9t\u00e9 \u00e0 m\u00eame de trancher sur cette question. Et pour cause.<\/p>\n<p>Rappel des faits\u00a0: le 5\u00a0octobre dernier, un individu met le feu \u00e0 un engin sur un chantier de la Ville de Montpellier. Younes correspond au signalement. Aussi quand une patrouille de police le rep\u00e8re dans les parages, il est aussit\u00f4t embarqu\u00e9. Il sent l\u2019alcool, l\u2019essence et a de la suie sur les mains.<\/p>\n<p>Ce ne peut \u00eatre que lui, m\u00eame si celui-ci conteste toute implication. Les policiers sont d\u2019autant plus persuad\u00e9s qu\u2019ils tiennent leur lascar\u00a0car, un mois plus t\u00f4t, il a \u00e9t\u00e9 mis en cause pour des faits similaires, m\u00eame si la proc\u00e9dure a \u00e9t\u00e9 class\u00e9e sans suite, faute de preuves \u00e0 son encontre. Cette fois-ci, il n\u2019y \u00e9chappera pas, croient-ils.<\/p>\n<p>Plac\u00e9 sous contr\u00f4le judiciaire apr\u00e8s ces derniers faits, Younes devait r\u00e9pondre de ses actes devant le tribunal judiciaire de Montpellier, ce vendredi 5\u00a0d\u00e9cembre, pour d\u00e9gradation ou d\u00e9t\u00e9rioration du bien d\u2019autrui par un moyen dangereux pour les personnes, et en r\u00e9cidive.<\/p>\n<p>\u00ab\u00a0J\u2019\u00e9tais au mauvais endroit au mauvais moment\u00a0\u00bb<\/p>\n<p>\u00ab\u00a0C\u2019est moi qui ai appel\u00e9 les pompiers quand je suis pass\u00e9 devant le chantier et que j\u2019ai vu le feu. Si je suis entr\u00e9 sur le site, c\u2019est pour \u00e9loigner des barri\u00e8res qui auraient pu propager l\u2019incendie\u00a0\u00bb, explique le pr\u00e9venu.<\/p>\n<p>\u00ab\u00a0Ce qui est \u00e9tonnant, c\u2019est que c\u2019est encore vous qui pr\u00e9venez la police en septembre dernier pour un incendie sur un chantier. Vous pouvez nous expliquer\u00a0?\u00a0\u00bb, l\u2019interroge la pr\u00e9sidente du tribunal, Alix Fredon. La r\u00e9ponse ne se fait pas attendre\u00a0: \u00ab\u00a0J\u2019\u00e9tais au mauvais endroit au mauvais moment\u00a0puisque, chaque fois, j\u2019ai \u00e9t\u00e9 arr\u00eat\u00e9 apr\u00e8s\u00a0\u00bb, se d\u00e9sole-t-il.<\/p>\n<p>L\u2019analyse psychiatrique ne fait \u00e9tat d\u2019aucune tendance \u00e0 la pyromanie ni \u00e0 la manipulation. Et ses trois condamnations, toutes en 2023, n\u2019ont rien \u00e0 voir par ailleurs avec des faits li\u00e9s \u00e0 des incendies. Faute d\u2019\u00e9l\u00e9ments pour entrer en voie de condamnation, \u00ab\u00a0m\u00eame si la foudre tombe deux fois au m\u00eame endroit\u00a0\u00bb, peste la procureure, Estelle Bois, elle requiert la relaxe. Mais pr\u00e9vient\u00a0: \u00ab\u00a0Si vous revenez devant nous pour des m\u00eames faits la prochaine fois, \u00e7a va mal se passer.\u00a0\u00bb<\/p>\n<p>L\u2019avocate de Younes, Me Bentivegna, est aux anges. Inutile d\u2019insister sur le fait\u00a0qu\u2019il n\u2019y a aucun \u00e9l\u00e9ment dans le dossier, mais le souligne quand m\u00eame. Avant de faire remarquer\u00a0que si son client est t\u00e9moin d\u2019un\u00a0incendie une prochaine fois, \u00ab\u00a0je ne suis pas s\u00fbre qu\u2019il appellera les pompiers\u00a0\u00bb. On s\u2019en doute. Le tribunal a suivi les r\u00e9quisitions du minist\u00e8re public.<\/p>\n","protected":false},"excerpt":{"rendered":"Poursuivi pour avoir mis le feu \u00e0 un enfin sur un chantier, le pr\u00e9venu nie en bloc toute&hellip;\n","protected":false},"author":2,"featured_media":598842,"comment_status":"","ping_status":"","sticky":false,"template":"","format":"standard","meta":{"footnotes":""},"categories":[9599],"tags":[1111,11,1777,674,1011,27,7089,303,2208,12,2680,25],"class_list":{"0":"post-598841","1":"post","2":"type-post","3":"status-publish","4":"format-standard","5":"has-post-thumbnail","7":"category-montpellier","8":"tag-actu","9":"tag-actualites","10":"tag-eu","11":"tag-europe","12":"tag-fr","13":"tag-france","14":"tag-herault","15":"tag-justice","16":"tag-montpellier","17":"tag-news","18":"tag-occitanie","19":"tag-republique-francaise"},"share_on_mastodon":{"url":"https:\/\/pubeurope.com\/@fr\/115718420386379354","error":""},"_links":{"self":[{"href":"https:\/\/www.europesays.com\/fr\/wp-json\/wp\/v2\/posts\/598841","targetHints":{"allow":["GET"]}}],"collection":[{"href":"https:\/\/www.europesays.com\/fr\/wp-json\/wp\/v2\/posts"}],"about":[{"href":"https:\/\/www.europesays.com\/fr\/wp-json\/wp\/v2\/types\/post"}],"author":[{"embeddable":true,"href":"https:\/\/www.europesays.com\/fr\/wp-json\/wp\/v2\/users\/2"}],"replies":[{"embeddable":true,"href":"https:\/\/www.europesays.com\/fr\/wp-json\/wp\/v2\/comments?post=598841"}],"version-history":[{"count":0,"href":"https:\/\/www.europesays.com\/fr\/wp-json\/wp\/v2\/posts\/598841\/revisions"}],"wp:featuredmedia":[{"embeddable":true,"href":"https:\/\/www.europesays.com\/fr\/wp-json\/wp\/v2\/media\/598842"}],"wp:attachment":[{"href":"https:\/\/www.europesays.com\/fr\/wp-json\/wp\/v2\/media?parent=598841"}],"wp:term":[{"taxonomy":"category","embeddable":true,"href":"https:\/\/www.europesays.com\/fr\/wp-json\/wp\/v2\/categories?post=598841"},{"taxonomy":"post_tag","embeddable":true,"href":"https:\/\/www.europesays.com\/fr\/wp-json\/wp\/v2\/tags?post=598841"}],"curies":[{"name":"wp","href":"https:\/\/api.w.org\/{rel}","templated":true}]}}