{"id":598843,"date":"2025-12-14T14:35:26","date_gmt":"2025-12-14T14:35:26","guid":{"rendered":"https:\/\/www.europesays.com\/fr\/598843\/"},"modified":"2025-12-14T14:35:26","modified_gmt":"2025-12-14T14:35:26","slug":"une-fan-zone-a-la-mosson-pour-suivre-les-matchs-de-la-can","status":"publish","type":"post","link":"https:\/\/www.europesays.com\/fr\/598843\/","title":{"rendered":"une fan zone \u00e0 la Mosson pour suivre les matchs de la CAN"},"content":{"rendered":"<p>\n\t\t\t\t\tLa Coupe d&rsquo;Afrique des Nations de football (CAN) se d\u00e9roule du 21 d\u00e9cembre et 18 janvier au Maroc. A cette occasion, une fan zone est organis\u00e9e au quartier de la Mosson \u00e0 Montpellier.\t\t\t\t<\/p>\n<p>\n\t\t\t\t\t\t\t\t\t\u00a9 Illustration \/ La fan zone est accessible du 21 d\u00e9cembre au 18 janvier..\t\t\t\t\t\t\t\t<\/p>\n<p>\t\t\t\t\t<a data-no-instant=\"1\" href=\"https:\/\/militantdugout.gard.fr\/accueil.html\" rel=\"noopener\" class=\"a2t-link\" aria-label=\"DEP30-COM-MG-2025-1120x260px\" target=\"_blank\"><img decoding=\"async\" src=\"https:\/\/www.europesays.com\/fr\/wp-content\/uploads\/2025\/12\/DEP30-COM-MG-2025-1120x260px.gif\" alt=\"\"\/><\/a><a data-no-instant=\"1\" href=\"https:\/\/scaira.grantplatform.com\/\" rel=\"noopener\" class=\"a2t-link\" aria-label=\"3222-image\" target=\"_blank\"><img decoding=\"async\" src=\"https:\/\/www.europesays.com\/fr\/wp-content\/uploads\/2025\/12\/1765268656_24_3222-image.png\" alt=\"\"  \/><\/a><a data-no-instant=\"1\" href=\"https:\/\/www.lunel.com\/2025\/11\/18\/decouvrez-le-programme-de-noel-feerique\/\" rel=\"noopener\" class=\"a2t-link\" aria-label=\"841375-image\" target=\"_blank\"><img decoding=\"async\" src=\"https:\/\/www.europesays.com\/fr\/wp-content\/uploads\/2025\/12\/841375-image.jpeg\" alt=\"\"  \/><\/a><\/p>\n<p>Tous les matchs de la <strong>CAN<\/strong> \u00e0 visionner \u00e0 la <a href=\"https:\/\/infoccitanie.fr\/tag\/mosson\/\" target=\"_blank\" rel=\"noopener\"><strong>Mosson<\/strong><\/a>. Une <strong>fan zone<\/strong>, organis\u00e9e par <strong>Yeobi<\/strong> en coop\u00e9ration avec les associations Esprit Libre, Afrimoove, GSC 34 et les maisons pour tous Louis Feuillade et <strong>L\u00e9o Lagrange<\/strong>, voit le jour au coeur de cette derni\u00e8re.<\/p>\n<p>L\u2019ouverture de la fan zone est pr\u00e9vue le<strong> dimanche 21 d\u00e9cembre<\/strong>, \u00e0 18h, \u00e0 l\u2019occasion du match d\u2019ouverture de la comp\u00e9tition <strong>Maroc- Comores.<\/strong> Au programme de cette inauguration : spectacles et animations musicales, march\u00e9 artisanal et la diffusion du match sur grand \u00e9cran. Pour participer \u00e0 la fan zone l\u2019inscription est obligatoire, mais reste gratuite. Pour vous inscrire <a href=\"https:\/\/www.helloasso.com\/associations\/yeobi\/evenements\/can-a-la-mosson\" target=\"_blank\" rel=\"noopener\"><strong>cliquez ici<\/strong><\/a>.<\/p>\n","protected":false},"excerpt":{"rendered":"La Coupe d&rsquo;Afrique des Nations de football (CAN) se d\u00e9roule du 21 d\u00e9cembre et 18 janvier au Maroc.&hellip;\n","protected":false},"author":2,"featured_media":598844,"comment_status":"","ping_status":"","sticky":false,"template":"","format":"standard","meta":{"footnotes":""},"categories":[9599],"tags":[1111,11,1777,674,2257,1011,27,2208,12,2680,25],"class_list":{"0":"post-598843","1":"post","2":"type-post","3":"status-publish","4":"format-standard","5":"has-post-thumbnail","7":"category-montpellier","8":"tag-actu","9":"tag-actualites","10":"tag-eu","11":"tag-europe","12":"tag-foot","13":"tag-fr","14":"tag-france","15":"tag-montpellier","16":"tag-news","17":"tag-occitanie","18":"tag-republique-francaise"},"share_on_mastodon":{"url":"https:\/\/pubeurope.com\/@fr\/115718425191607271","error":""},"_links":{"self":[{"href":"https:\/\/www.europesays.com\/fr\/wp-json\/wp\/v2\/posts\/598843","targetHints":{"allow":["GET"]}}],"collection":[{"href":"https:\/\/www.europesays.com\/fr\/wp-json\/wp\/v2\/posts"}],"about":[{"href":"https:\/\/www.europesays.com\/fr\/wp-json\/wp\/v2\/types\/post"}],"author":[{"embeddable":true,"href":"https:\/\/www.europesays.com\/fr\/wp-json\/wp\/v2\/users\/2"}],"replies":[{"embeddable":true,"href":"https:\/\/www.europesays.com\/fr\/wp-json\/wp\/v2\/comments?post=598843"}],"version-history":[{"count":0,"href":"https:\/\/www.europesays.com\/fr\/wp-json\/wp\/v2\/posts\/598843\/revisions"}],"wp:featuredmedia":[{"embeddable":true,"href":"https:\/\/www.europesays.com\/fr\/wp-json\/wp\/v2\/media\/598844"}],"wp:attachment":[{"href":"https:\/\/www.europesays.com\/fr\/wp-json\/wp\/v2\/media?parent=598843"}],"wp:term":[{"taxonomy":"category","embeddable":true,"href":"https:\/\/www.europesays.com\/fr\/wp-json\/wp\/v2\/categories?post=598843"},{"taxonomy":"post_tag","embeddable":true,"href":"https:\/\/www.europesays.com\/fr\/wp-json\/wp\/v2\/tags?post=598843"}],"curies":[{"name":"wp","href":"https:\/\/api.w.org\/{rel}","templated":true}]}}