{"id":598850,"date":"2025-12-14T14:40:27","date_gmt":"2025-12-14T14:40:27","guid":{"rendered":"https:\/\/www.europesays.com\/fr\/598850\/"},"modified":"2025-12-14T14:40:27","modified_gmt":"2025-12-14T14:40:27","slug":"grenoble-arrache-un-match-nul-face-a-montpellier-pour-conclure-la-phase-aller-de-ligue-2","status":"publish","type":"post","link":"https:\/\/www.europesays.com\/fr\/598850\/","title":{"rendered":"Grenoble arrache un match nul face \u00e0 Montpellier pour conclure la phase aller de Ligue 2"},"content":{"rendered":"<p itemprop=\"description\"><strong>Pour son dernier rendez-vous de l\u2019ann\u00e9e en Ligue 2, le GF38 a partag\u00e9 les points avec Montpellier (1-1), et termine la phase aller dans le ventre mou du classement.<\/strong><\/p>\n<p>Grenoble esp\u00e9rait confirmer apr\u00e8s son succ\u00e8s face \u00e0 Nancy, mais devra se satisfaire d\u2019un point. Oppos\u00e9s \u00e0 Montpellier samedi soir, les Is\u00e9rois sont parvenus \u00e0 \u00e9viter la d\u00e9faite au terme d\u2019une rencontre tr\u00e8s anim\u00e9e.<\/p>\n<p>D\u00e8s les premi\u00e8res minutes, les deux formations affichent leurs intentions et le GF38 se cr\u00e9e plusieurs situations franches. De l\u2019autre c\u00f4t\u00e9, dans les cages grenobloises, Bobby Allain doit aussi intervenir pour pr\u00e9server l\u2019\u00e9quilibre.<\/p>\n<p>\u00c0 la pause, le score reste vierge malgr\u00e9 un rythme soutenu.<\/p>\n<p>Au retour des vestiaires, le sc\u00e9nario se r\u00e9p\u00e8te. Grenoble pousse, mais manque d\u2019efficacit\u00e9, tandis que Montpellier se montre plus clinique. Peu apr\u00e8s l\u2019heure de jeu, les visiteurs ouvrent le score sur une frappe pr\u00e9cise de T\u00e9ji Savanier. Loin de se r\u00e9signer, le GF38 repart \u00e0 l\u2019assaut et trouve finalement la faille \u00e0 dix minutes du terme, gr\u00e2ce \u00e0 une t\u00eate du g\u00e9ant Nesta Elph\u00e8ge qui inscrit le 4e but de sa saison et sauve les siens.<\/p>\n<p>Port\u00e9s par l\u2019\u00e9galisation, les Grenoblois terminent fort et monopolisent le ballon dans les derni\u00e8res minutes, sans r\u00e9ussir \u00e0 arracher la victoire.\u00a0<\/p>\n<p>Ce match nul permet n\u00e9anmoins \u00e0 Grenoble de boucler la phase aller \u00e0 la 11e place de Ligue 2.<\/p>\n<p>La saison n\u2019est pas totalement en pause pour le GF38, qui retrouvera Nancy le 20 d\u00e9cembre au stade des Alpes pour les 32e de finale de la Coupe de France.<\/p>\n","protected":false},"excerpt":{"rendered":"Pour son dernier rendez-vous de l\u2019ann\u00e9e en Ligue 2, le GF38 a partag\u00e9 les points avec Montpellier (1-1),&hellip;\n","protected":false},"author":2,"featured_media":598851,"comment_status":"","ping_status":"","sticky":false,"template":"","format":"standard","meta":{"footnotes":""},"categories":[9566],"tags":[1111,11,2813,2430,1109,251,1112,2811,1777,674,118,1011,27,21780,2731,14004,1922,1110,1114,108,12,316,25,2812,517,800],"class_list":{"0":"post-598850","1":"post","2":"type-post","3":"status-publish","4":"format-standard","5":"has-post-thumbnail","7":"category-grenoble","8":"tag-actu","9":"tag-actualites","10":"tag-article","11":"tag-auvergne-rhone-alpes","12":"tag-breves","13":"tag-culture","14":"tag-depeches","15":"tag-economique","16":"tag-eu","17":"tag-europe","18":"tag-faits-divers","19":"tag-fr","20":"tag-france","21":"tag-gf38","22":"tag-grenoble","23":"tag-grenoblemag","24":"tag-info","25":"tag-informations","26":"tag-infos","27":"tag-isere","28":"tag-news","29":"tag-politique","30":"tag-republique-francaise","31":"tag-sociale","32":"tag-sport","33":"tag-transports"},"share_on_mastodon":{"url":"https:\/\/pubeurope.com\/@fr\/115718443749940016","error":""},"_links":{"self":[{"href":"https:\/\/www.europesays.com\/fr\/wp-json\/wp\/v2\/posts\/598850","targetHints":{"allow":["GET"]}}],"collection":[{"href":"https:\/\/www.europesays.com\/fr\/wp-json\/wp\/v2\/posts"}],"about":[{"href":"https:\/\/www.europesays.com\/fr\/wp-json\/wp\/v2\/types\/post"}],"author":[{"embeddable":true,"href":"https:\/\/www.europesays.com\/fr\/wp-json\/wp\/v2\/users\/2"}],"replies":[{"embeddable":true,"href":"https:\/\/www.europesays.com\/fr\/wp-json\/wp\/v2\/comments?post=598850"}],"version-history":[{"count":0,"href":"https:\/\/www.europesays.com\/fr\/wp-json\/wp\/v2\/posts\/598850\/revisions"}],"wp:featuredmedia":[{"embeddable":true,"href":"https:\/\/www.europesays.com\/fr\/wp-json\/wp\/v2\/media\/598851"}],"wp:attachment":[{"href":"https:\/\/www.europesays.com\/fr\/wp-json\/wp\/v2\/media?parent=598850"}],"wp:term":[{"taxonomy":"category","embeddable":true,"href":"https:\/\/www.europesays.com\/fr\/wp-json\/wp\/v2\/categories?post=598850"},{"taxonomy":"post_tag","embeddable":true,"href":"https:\/\/www.europesays.com\/fr\/wp-json\/wp\/v2\/tags?post=598850"}],"curies":[{"name":"wp","href":"https:\/\/api.w.org\/{rel}","templated":true}]}}