{"id":598852,"date":"2025-12-14T14:42:44","date_gmt":"2025-12-14T14:42:44","guid":{"rendered":"https:\/\/www.europesays.com\/fr\/598852\/"},"modified":"2025-12-14T14:42:44","modified_gmt":"2025-12-14T14:42:44","slug":"cesson-sevigne-le-choeur-sevigne-chante-noel-en-leglise-saint-martin","status":"publish","type":"post","link":"https:\/\/www.europesays.com\/fr\/598852\/","title":{"rendered":"Cesson-S\u00e9vign\u00e9. Le Ch\u0153ur S\u00e9vign\u00e9 chante No\u00ebl en l\u2019\u00e9glise Saint-Martin"},"content":{"rendered":"<p>Comme chaque ann\u00e9e d\u00e9sormais, \u00e0 l\u2019approche de No\u00ebl, l\u2019association cessonnaise Ch\u0153ur S\u00e9vign\u00e9 donnera deux concerts en l\u2019\u00e9glise Saint-Martin.\u00a0L\u2019ensemble vocal d\u2019une cinquantaine de choristes, dirig\u00e9 par Oleg Afonine, interpr\u00e9tera pour le public cessonnais un programme tr\u00e8s vari\u00e9 sur le th\u00e8me de No\u00ebl, et sera pour l\u2019occasion accompagn\u00e9 au piano par Jennifer Meinier\u00a0, pr\u00e9cise Josiane Cavelier, la nouvelle pr\u00e9sidente de Ch\u0153ur S\u00e9vign\u00e9.<\/p>\n<p>\u00ab\u00a0Un hommage particulier sera rendu \u00e0 John Rutter \u00bb<\/p>\n<p>Le programme offrira une grande vari\u00e9t\u00e9 dans la forme musicale. Alterneront des pi\u00e8ces pour grand ch\u0153ur et solistes, pour solistes ou petits ensembles, autant de fa\u00e7ons de c\u00e9l\u00e9brer en chantant le miracle de No\u00ebl. \u00a0Un hommage particulier sera rendu au compositeur anglais contemporain John Rutter, avec en pi\u00e8ce ma\u00eetresse la messe des enfants pour ch\u0153ur, baryton et soprano solistes\u00a0, r\u00e9v\u00e8le la pr\u00e9sidente. Au programme \u00e9galement plusieurs pi\u00e8ces emprunt\u00e9es \u00e0 de grands compositeurs classiques et des No\u00ebls traditionnels fran\u00e7ais et de divers pays.<\/p>\n<p>Concerts de No\u00ebl par le Ch\u0153ur S\u00e9vign\u00e9, samedi 20\u00a0d\u00e9cembre, \u00e0 20\u00a0h\u00a030, et dimanche 21\u00a0d\u00e9cembre, \u00e0 16\u00a0h, en l\u2019\u00e9glise Saint-Martin. 12\u00a0\u20ac, plein tarif\u00a0; 8\u00a0\u20ac, tarif r\u00e9duit\u00a0; gratuit enfant moins de 12\u00a0ans. Billetterie sur www.choeursevigne.fr rubrique agenda.<\/p>\n<p>\u00a0<\/p>\n","protected":false},"excerpt":{"rendered":"Comme chaque ann\u00e9e d\u00e9sormais, \u00e0 l\u2019approche de No\u00ebl, l\u2019association cessonnaise Ch\u0153ur S\u00e9vign\u00e9 donnera deux concerts en l\u2019\u00e9glise Saint-Martin.\u00a0L\u2019ensemble&hellip;\n","protected":false},"author":2,"featured_media":598853,"comment_status":"","ping_status":"","sticky":false,"template":"","format":"standard","meta":{"footnotes":""},"categories":[2821],"tags":[1111,11,829,4099,67399,41746,12336,1777,674,1011,27,12,15830,584,25,26085,51436,11489],"class_list":{"0":"post-598852","1":"post","2":"type-post","3":"status-publish","4":"format-standard","5":"has-post-thumbnail","7":"category-rennes","8":"tag-actu","9":"tag-actualites","10":"tag-bretagne","11":"tag-cesson-sevigne","12":"tag-ch","13":"tag-chante","14":"tag-eglise","15":"tag-eu","16":"tag-europe","17":"tag-fr","18":"tag-france","19":"tag-news","20":"tag-noel","21":"tag-rennes","22":"tag-republique-francaise","23":"tag-saint-martin","24":"tag-sevigne","25":"tag-ur"},"share_on_mastodon":{"url":"https:\/\/pubeurope.com\/@fr\/115718451588209929","error":""},"_links":{"self":[{"href":"https:\/\/www.europesays.com\/fr\/wp-json\/wp\/v2\/posts\/598852","targetHints":{"allow":["GET"]}}],"collection":[{"href":"https:\/\/www.europesays.com\/fr\/wp-json\/wp\/v2\/posts"}],"about":[{"href":"https:\/\/www.europesays.com\/fr\/wp-json\/wp\/v2\/types\/post"}],"author":[{"embeddable":true,"href":"https:\/\/www.europesays.com\/fr\/wp-json\/wp\/v2\/users\/2"}],"replies":[{"embeddable":true,"href":"https:\/\/www.europesays.com\/fr\/wp-json\/wp\/v2\/comments?post=598852"}],"version-history":[{"count":0,"href":"https:\/\/www.europesays.com\/fr\/wp-json\/wp\/v2\/posts\/598852\/revisions"}],"wp:featuredmedia":[{"embeddable":true,"href":"https:\/\/www.europesays.com\/fr\/wp-json\/wp\/v2\/media\/598853"}],"wp:attachment":[{"href":"https:\/\/www.europesays.com\/fr\/wp-json\/wp\/v2\/media?parent=598852"}],"wp:term":[{"taxonomy":"category","embeddable":true,"href":"https:\/\/www.europesays.com\/fr\/wp-json\/wp\/v2\/categories?post=598852"},{"taxonomy":"post_tag","embeddable":true,"href":"https:\/\/www.europesays.com\/fr\/wp-json\/wp\/v2\/tags?post=598852"}],"curies":[{"name":"wp","href":"https:\/\/api.w.org\/{rel}","templated":true}]}}