{"id":598854,"date":"2025-12-14T14:44:26","date_gmt":"2025-12-14T14:44:26","guid":{"rendered":"https:\/\/www.europesays.com\/fr\/598854\/"},"modified":"2025-12-14T14:44:26","modified_gmt":"2025-12-14T14:44:26","slug":"lartiste-emilie-quinquis-a-revisite-lhymne-breton-au-roazhon-park-avant-le-derby-stade","status":"publish","type":"post","link":"https:\/\/www.europesays.com\/fr\/598854\/","title":{"rendered":"L\u2019artiste \u00c9milie Quinquis a revisit\u00e9 l\u2019hymne breton au Roazhon Park avant le derby Stade"},"content":{"rendered":"<p>Chanteuse, musicienne et compositrice install\u00e9e \u00e0 Ouessant (Finist\u00e8re), avec son mari Yann Tiersen, \u00c9milie Quinquis a revisit\u00e9, samedi 13\u00a0d\u00e9cembre 2025, l\u2019hymne breton sur la pelouse du Roazhon Park \u00e0 Rennes (Ille-et-Vilaine), quelques minutes avant le coup d\u2019envoi de la rencontre de <a href=\"https:\/\/brest.maville.com\/sport\/detail_-stade-rennais-stade-brestois.-ces-deux-minutes-qui-ont-fait-basculer-le-derby-_6-7108281_actu.Htm\" target=\"_self\" rel=\"noopener\">Ligue 1\u00a0entre le Stade Rennais et le Stade Brestois<\/a> devant 25\u00a0000\u00a0personnes.<\/p>\n<\/p>\n<p>Premi\u00e8re dans un stade<\/p>\n<p>Dans une vid\u00e9o publi\u00e9e sur Facebook, \u00c9milie Quinquis pr\u00e9cise que cette initiative remonte \u00e0 fin septembre. \u00a0Je jouais dans la brasserie Bloom pop [\u00e0 Rennes, N.D.L.R.]. Il y avait une table d\u2019irr\u00e9ductibles, en costume cravate, qui sont rest\u00e9s \u00e9couter mon concert. \u00c0 la toute fin, ils sont venus me trouver pour me proposer de jouer [au Roazhon Park]. Je suis n\u00e9e \u00e0 Brest et j\u2019ai fait mes \u00e9tudes \u00e0 Rennes, donc c\u2019est une rencontre un peu sp\u00e9ciale pour moi. \u00c7a ne m\u2019est jamais arriv\u00e9 de jouer dans un stade.\u00a0<\/p>\n<p>La version electro de \u00ab Bro gozh ma zado\u00f9 \u00bb propos\u00e9e par la Finist\u00e9rienne n\u2019aura pas suffi aux Ti-Zefs pour s\u2019imposer dans le derby breton (3-1).<\/p>\n<p>\u00a0<\/p>\n","protected":false},"excerpt":{"rendered":"Chanteuse, musicienne et compositrice install\u00e9e \u00e0 Ouessant (Finist\u00e8re), avec son mari Yann Tiersen, \u00c9milie Quinquis a revisit\u00e9, samedi&hellip;\n","protected":false},"author":2,"featured_media":598855,"comment_status":"","ping_status":"","sticky":false,"template":"","format":"standard","meta":{"footnotes":""},"categories":[2821],"tags":[1111,11,3809,1465,829,1777,674,63,1011,27,1792,1922,12,584,25,479,517,1470],"class_list":{"0":"post-598854","1":"post","2":"type-post","3":"status-publish","4":"format-standard","5":"has-post-thumbnail","7":"category-rennes","8":"tag-actu","9":"tag-actualites","10":"tag-ball","11":"tag-basket","12":"tag-bretagne","13":"tag-eu","14":"tag-europe","15":"tag-football","16":"tag-fr","17":"tag-france","18":"tag-handball","19":"tag-info","20":"tag-news","21":"tag-rennes","22":"tag-republique-francaise","23":"tag-rugby","24":"tag-sport","25":"tag-volley"},"share_on_mastodon":{"url":"https:\/\/pubeurope.com\/@fr\/115718459591296561","error":""},"_links":{"self":[{"href":"https:\/\/www.europesays.com\/fr\/wp-json\/wp\/v2\/posts\/598854","targetHints":{"allow":["GET"]}}],"collection":[{"href":"https:\/\/www.europesays.com\/fr\/wp-json\/wp\/v2\/posts"}],"about":[{"href":"https:\/\/www.europesays.com\/fr\/wp-json\/wp\/v2\/types\/post"}],"author":[{"embeddable":true,"href":"https:\/\/www.europesays.com\/fr\/wp-json\/wp\/v2\/users\/2"}],"replies":[{"embeddable":true,"href":"https:\/\/www.europesays.com\/fr\/wp-json\/wp\/v2\/comments?post=598854"}],"version-history":[{"count":0,"href":"https:\/\/www.europesays.com\/fr\/wp-json\/wp\/v2\/posts\/598854\/revisions"}],"wp:featuredmedia":[{"embeddable":true,"href":"https:\/\/www.europesays.com\/fr\/wp-json\/wp\/v2\/media\/598855"}],"wp:attachment":[{"href":"https:\/\/www.europesays.com\/fr\/wp-json\/wp\/v2\/media?parent=598854"}],"wp:term":[{"taxonomy":"category","embeddable":true,"href":"https:\/\/www.europesays.com\/fr\/wp-json\/wp\/v2\/categories?post=598854"},{"taxonomy":"post_tag","embeddable":true,"href":"https:\/\/www.europesays.com\/fr\/wp-json\/wp\/v2\/tags?post=598854"}],"curies":[{"name":"wp","href":"https:\/\/api.w.org\/{rel}","templated":true}]}}