{"id":598856,"date":"2025-12-14T14:45:45","date_gmt":"2025-12-14T14:45:45","guid":{"rendered":"https:\/\/www.europesays.com\/fr\/598856\/"},"modified":"2025-12-14T14:45:45","modified_gmt":"2025-12-14T14:45:45","slug":"sarreguemines-le-tribunal-administratif-annule-le-licenciement-de-lancien-directeur-du-centre-nautique","status":"publish","type":"post","link":"https:\/\/www.europesays.com\/fr\/598856\/","title":{"rendered":"Sarreguemines. Le tribunal administratif annule le licenciement de l\u2019ancien directeur du centre nautique"},"content":{"rendered":"<p>Le tribunal administratif de Strasbourg a annul\u00e9 le licenciement pour insuffisance professionnelle de l\u2019ancien directeur du centre nautique de Sarreguemines, Rapha\u00ebl Apel. Dans sa d\u00e9cision rendue le 18\u00a0septembre, il enjoint l\u2019employeur, la communaut\u00e9 d\u2019agglom\u00e9ration Sarreguemines confluences, \u00ab\u00a0de le r\u00e9int\u00e9grer dans ses fonctions et de reconstituer sa carri\u00e8re \u00e0 la date d\u2019effet de son licenciement, dans un d\u00e9lai de deux mois \u00e0 compter de la notification du jugement\u00a0\u00bb.<\/p>\n<p>Gr\u00e8ve et contestations<\/p>\n<p>Le licenciement du directeur avait&#8230;<\/p>\n","protected":false},"excerpt":{"rendered":"Le tribunal administratif de Strasbourg a annul\u00e9 le licenciement pour insuffisance professionnelle de l\u2019ancien directeur du centre nautique&hellip;\n","protected":false},"author":2,"featured_media":598857,"comment_status":"","ping_status":"","sticky":false,"template":"","format":"standard","meta":{"footnotes":""},"categories":[2820],"tags":[1111,11,6114,1777,674,274,1011,27,775,12,25,25411,25412,640],"class_list":{"0":"post-598856","1":"post","2":"type-post","3":"status-publish","4":"format-standard","5":"has-post-thumbnail","7":"category-strasbourg","8":"tag-actu","9":"tag-actualites","10":"tag-edition-sarreguemines-bitche","11":"tag-eu","12":"tag-europe","13":"tag-faits-divers-justice","14":"tag-fr","15":"tag-france","16":"tag-grand-est","17":"tag-news","18":"tag-republique-francaise","19":"tag-sarreguemines","20":"tag-sarreguemines-ville-57d","21":"tag-strasbourg"},"share_on_mastodon":{"url":"https:\/\/pubeurope.com\/@fr\/115718467298212346","error":""},"_links":{"self":[{"href":"https:\/\/www.europesays.com\/fr\/wp-json\/wp\/v2\/posts\/598856","targetHints":{"allow":["GET"]}}],"collection":[{"href":"https:\/\/www.europesays.com\/fr\/wp-json\/wp\/v2\/posts"}],"about":[{"href":"https:\/\/www.europesays.com\/fr\/wp-json\/wp\/v2\/types\/post"}],"author":[{"embeddable":true,"href":"https:\/\/www.europesays.com\/fr\/wp-json\/wp\/v2\/users\/2"}],"replies":[{"embeddable":true,"href":"https:\/\/www.europesays.com\/fr\/wp-json\/wp\/v2\/comments?post=598856"}],"version-history":[{"count":0,"href":"https:\/\/www.europesays.com\/fr\/wp-json\/wp\/v2\/posts\/598856\/revisions"}],"wp:featuredmedia":[{"embeddable":true,"href":"https:\/\/www.europesays.com\/fr\/wp-json\/wp\/v2\/media\/598857"}],"wp:attachment":[{"href":"https:\/\/www.europesays.com\/fr\/wp-json\/wp\/v2\/media?parent=598856"}],"wp:term":[{"taxonomy":"category","embeddable":true,"href":"https:\/\/www.europesays.com\/fr\/wp-json\/wp\/v2\/categories?post=598856"},{"taxonomy":"post_tag","embeddable":true,"href":"https:\/\/www.europesays.com\/fr\/wp-json\/wp\/v2\/tags?post=598856"}],"curies":[{"name":"wp","href":"https:\/\/api.w.org\/{rel}","templated":true}]}}