{"id":598858,"date":"2025-12-14T14:47:17","date_gmt":"2025-12-14T14:47:17","guid":{"rendered":"https:\/\/www.europesays.com\/fr\/598858\/"},"modified":"2025-12-14T14:47:17","modified_gmt":"2025-12-14T14:47:17","slug":"dans-une-commune-au-nord-de-strasbourg-avoir-son-moteur-allume-pres-dune-ecole-vous-coutera-une-amende-de-135-euros","status":"publish","type":"post","link":"https:\/\/www.europesays.com\/fr\/598858\/","title":{"rendered":"Dans une commune au nord de Strasbourg, avoir son moteur allum\u00e9 pr\u00e8s d&rsquo;une \u00e9cole vous co\u00fbtera une amende de 135 euros"},"content":{"rendered":"<p>Dans une commune au nord de Strasbourg, avoir son moteur allum\u00e9 pr\u00e8s d&rsquo;une \u00e9cole vous co\u00fbtera une amende de 135 eurosSur le m\u00eame sujet<a href=\"https:\/\/www.bfmtv.com\/societe\/video-dans-une-commune-au-nord-de-strasbourg-avoir-son-moteur-allume-pres-d-une-ecole-vous-coutera-une-amende-de-135-euros_VN-202512140215.html\" title=\"Dans une commune au nord de Strasbourg, avoir son moteur allum\u00e9 pr\u00e8s d&#039;une \u00e9cole vous co\u00fbtera une amende de 135 euros \" rel=\"nofollow noopener\" target=\"_blank\"><img width=\"16\" height=\"9\" class=\"lozad\"  alt=\"Dans une commune au nord de Strasbourg, avoir son moteur allum\u00e9 pr\u00e8s d'une \u00e9cole vous co\u00fbtera une amende de 135 euros \"\/>en lectureDans une commune au nord de Strasbourg, avoir son moteur allum\u00e9 pr\u00e8s d&rsquo;une \u00e9cole vous co\u00fbtera une amende de 135 euros<\/a><a href=\"https:\/\/www.bfmtv.com\/replay-emissions\/robin-de-bfm\/video-robin-de-bfm-le-plus-gros-entrepot-de-jouets-dans-le-rush-avant-noel_VN-202512140184.html\" title=\"ROBIN DE BFM - Le plus gros entrep\u00f4t de jouets dans le rush avant No\u00ebl\" rel=\"nofollow noopener\" target=\"_blank\"><img width=\"16\" height=\"9\" class=\"lozad\"  alt=\"ROBIN DE BFM - Le plus gros entrep\u00f4t de jouets dans le rush avant No\u00ebl\"\/>2:51ROBIN DE BFM &#8211; Le plus gros entrep\u00f4t de jouets dans le rush avant No\u00ebl<\/a><a href=\"https:\/\/www.bfmtv.com\/politique\/video-colere-agricole-il-y-a-une-revendication-des-agriculteurs-a-avoir-un-sens-dans-leur-metier-un-respect-et-une-dignite-affirme-sandrine-rousseau_VN-202512140137.html\" title=\"Col\u00e8re agricole: &quot;Il y a une revendication des agriculteurs \u00e0 avoir un sens dans leur m\u00e9tier, un respect et une dignit\u00e9&quot;, affirme Sandrine Rousseau\" rel=\"nofollow noopener\" target=\"_blank\"><img width=\"16\" height=\"9\" class=\"lozad\"  alt=\"Col\u00e8re agricole: &quot;Il y a une revendication des agriculteurs \u00e0 avoir un sens dans leur m\u00e9tier, un respect et une dignit\u00e9&quot;, affirme Sandrine Rousseau\"\/>1:16Col\u00e8re agricole: \u00ab\u00a0Il y a une revendication des agriculteurs \u00e0 avoir un sens dans leur m\u00e9tier, un respect et une dignit\u00e9\u00a0\u00bb, affirme Sandrine Rousseau<\/a><a href=\"https:\/\/www.bfmtv.com\/societe\/video-a-cadaujac-en-gironde-un-cortege-de-tracteurs-s-elancera-en-direction-de-bordeaux_VN-202512140102.html\" title=\"\u00c0 Cadaujac en Gironde, un cort\u00e8ge de tracteurs s&#039;\u00e9lancera en direction de Bordeaux\" rel=\"nofollow noopener\" target=\"_blank\"><img width=\"16\" height=\"9\" class=\"lozad\"  alt=\"\u00c0 Cadaujac en Gironde, un cort\u00e8ge de tracteurs s'\u00e9lancera en direction de Bordeaux\"\/>1:31\u00c0 Cadaujac en Gironde, un cort\u00e8ge de tracteurs s&rsquo;\u00e9lancera en direction de Bordeaux<\/a><a href=\"https:\/\/www.bfmtv.com\/societe\/video-conformite-securite-les-colis-passes-au-crible-juste-avant-noel_VN-202512140096.html\" title=\"Conformit\u00e9, s\u00e9curit\u00e9... Les colis pass\u00e9s au crible juste avant No\u00ebl\" rel=\"nofollow noopener\" target=\"_blank\"><img width=\"16\" height=\"9\" class=\"lozad\"  alt=\"Conformit\u00e9, s\u00e9curit\u00e9... Les colis pass\u00e9s au crible juste avant No\u00ebl\"\/>1:18Conformit\u00e9, s\u00e9curit\u00e9&#8230; Les colis pass\u00e9s au crible juste avant No\u00ebl<\/a><a href=\"https:\/\/www.bfmtv.com\/societe\/video-apres-la-poussette-yoyo-il-invente-un-velo-a-grande-roue-pliable-en-5-secondes_VN-202512140080.html\" title=\"Apr\u00e8s la poussette Yoyo, il invente un v\u00e9lo \u00e0 grande roue pliable en 5 secondes\" rel=\"nofollow noopener\" target=\"_blank\"><img width=\"16\" height=\"9\" class=\"lozad\"  alt=\"Apr\u00e8s la poussette Yoyo, il invente un v\u00e9lo \u00e0 grande roue pliable en 5 secondes\"\/>1:20Apr\u00e8s la poussette Yoyo, il invente un v\u00e9lo \u00e0 grande roue pliable en 5 secondes<\/a><a href=\"https:\/\/www.bfmtv.com\/societe\/video-dans-cette-commune-au-nord-de-strasbourg-avoir-son-moteur-allume-pres-d-une-ecole-vous-coutera-une-amende-de-135-euros_VN-202512140078.html\" title=\"Dans cette commune au nord de Strasbourg, avoir son moteur allum\u00e9 pr\u00e8s d&#039;une \u00e9cole vous co\u00fbtera une amende de 135 euros\" rel=\"nofollow noopener\" target=\"_blank\"><img width=\"16\" height=\"9\" class=\"lozad\"  alt=\"Dans cette commune au nord de Strasbourg, avoir son moteur allum\u00e9 pr\u00e8s d'une \u00e9cole vous co\u00fbtera une amende de 135 euros\"\/>1:13Dans cette commune au nord de Strasbourg, avoir son moteur allum\u00e9 pr\u00e8s d&rsquo;une \u00e9cole vous co\u00fbtera une amende de 135 euros<\/a><a href=\"https:\/\/www.bfmtv.com\/societe\/video-le-train-entre-nice-et-tende-rouvre-ce-lundi-au-public-apres-plus-d-un-an-de-travaux_VN-202512140069.html\" title=\"Le train entre Nice et Tende rouvre ce lundi au public apr\u00e8s plus d&#039;un an de travaux\" rel=\"nofollow noopener\" target=\"_blank\"><img width=\"16\" height=\"9\" class=\"lozad\"  alt=\"Le train entre Nice et Tende rouvre ce lundi au public apr\u00e8s plus d'un an de travaux\"\/>1:16Le train entre Nice et Tende rouvre ce lundi au public apr\u00e8s plus d&rsquo;un an de travaux<\/a><a href=\"https:\/\/www.bfmtv.com\/societe\/video-ca-fait-plus-d-un-mois-et-demi-qu-on-le-demande-les-agriculteurs-regrettent-une-campagne-de-vaccination-trop-tardive-de-leurs-animaux_VN-202512140063.html\" title=\"&quot;\u00c7a fait plus d&#039;un mois et demi qu&#039;on le demande&quot;: les agriculteurs regrettent une campagne de vaccination trop tardive de leurs animaux\" rel=\"nofollow noopener\" target=\"_blank\"><img width=\"16\" height=\"9\" class=\"lozad\"  alt=\"&quot;\u00c7a fait plus d'un mois et demi qu'on le demande&quot;: les agriculteurs regrettent une campagne de vaccination trop tardive de leurs animaux\"\/>1:28&Prime;\u00c7a fait plus d&rsquo;un mois et demi qu&rsquo;on le demande\u00a0\u00bb: les agriculteurs regrettent une campagne de vaccination trop tardive de leurs animaux<\/a><a href=\"https:\/\/www.bfmtv.com\/societe\/video-blocage-de-l-a64-les-agriculteurs-toujours-sur-place-entre-toulouse-et-bayonne_VN-202512140062.html\" title=\"Blocage de l&#039;A64: les agriculteurs toujours sur place entre Toulouse et Bayonne\" rel=\"nofollow noopener\" target=\"_blank\"><img width=\"16\" height=\"9\" class=\"lozad\"  alt=\"Blocage de l'A64: les agriculteurs toujours sur place entre Toulouse et Bayonne\"\/>0:39Blocage de l&rsquo;A64: les agriculteurs toujours sur place entre Toulouse et Bayonne<\/a><a href=\"https:\/\/www.bfmtv.com\/societe\/video-coupe-du-monde-2026-la-colere-des-supporters-face-aux-prix-exorbitants-des-billets_VN-202512140047.html\" title=\"Coupe du monde 2026: la col\u00e8re des supporters face aux prix exorbitants des billets\" rel=\"nofollow noopener\" target=\"_blank\"><img width=\"16\" height=\"9\" class=\"lozad\"  alt=\"Coupe du monde 2026: la col\u00e8re des supporters face aux prix exorbitants des billets\"\/>1:21Coupe du monde 2026: la col\u00e8re des supporters face aux prix exorbitants des billets<\/a><a href=\"https:\/\/www.bfmtv.com\/societe\/video-pierre-jean-duchene-eleveur-bovin-en-savoie-temoigne-apres-que-son-troupeau-a-ete-abattu-par-mesure-de-prevention-contre-la-dermatose-bovine-il-y-a-cinq-mois_VN-202512130392.html\" title=\"Pierre-Jean Duch\u00eane, \u00e9leveur bovin en Savoie, t\u00e9moigne apr\u00e8s que son troupeau a \u00e9t\u00e9 abattu par mesure de pr\u00e9vention contre la dermatose bovine il y a cinq mois\" rel=\"nofollow noopener\" target=\"_blank\"><img width=\"16\" height=\"9\" class=\"lozad\"  alt=\"Pierre-Jean Duch\u00eane, \u00e9leveur bovin en Savoie, t\u00e9moigne apr\u00e8s que son troupeau a \u00e9t\u00e9 abattu par mesure de pr\u00e9vention contre la dermatose bovine il y a cinq mois\"\/>3:20Pierre-Jean Duch\u00eane, \u00e9leveur bovin en Savoie, t\u00e9moigne apr\u00e8s que son troupeau a \u00e9t\u00e9 abattu par mesure de pr\u00e9vention contre la dermatose bovine il y a cinq mois<\/a><a href=\"https:\/\/www.bfmtv.com\/societe\/video-les-eclaireurs-crise-agricole-quelles-sont-les-actions-prevues-dans-les-prochains-jours-par-les-agriculteurs_VN-202512130388.html\" title=\"LES \u00c9CLAIREURS - Crise agricole: quelles sont les actions pr\u00e9vues dans les prochains jours par les agriculteurs?\" rel=\"nofollow noopener\" target=\"_blank\"><img width=\"16\" height=\"9\" class=\"lozad\"  alt=\"LES \u00c9CLAIREURS - Crise agricole: quelles sont les actions pr\u00e9vues dans les prochains jours par les agriculteurs?\"\/>2:28LES \u00c9CLAIREURS &#8211; Crise agricole: quelles sont les actions pr\u00e9vues dans les prochains jours par les agriculteurs?<\/a><a href=\"https:\/\/www.bfmtv.com\/societe\/video-crise-agricole-la-ministre-de-l-agriculture-annie-genevard-assure-qu-il-n-y-a-plus-aucun-foyer-actif-de-dermatose-bovine_VN-202512130381.html\" title=\"Crise agricole: la ministre de l&#039;Agriculture, Annie Genevard, assure qu&#039;il n&#039;y a &quot;plus aucun foyer actif de dermatose bovine&quot; \" rel=\"nofollow noopener\" target=\"_blank\"><img width=\"16\" height=\"9\" class=\"lozad\"  alt=\"Crise agricole: la ministre de l'Agriculture, Annie Genevard, assure qu'il n'y a &quot;plus aucun foyer actif de dermatose bovine&quot; \"\/>1:22Crise agricole: la ministre de l&rsquo;Agriculture, Annie Genevard, assure qu&rsquo;il n&rsquo;y a \u00ab\u00a0plus aucun foyer actif de dermatose bovine\u00a0\u00bb<\/a><a class=\"jumpToVideo\" target=\"_blank\"><img class=\"thumbnailPreview\"\/><\/a><\/p>\n","protected":false},"excerpt":{"rendered":"Dans une commune au nord de Strasbourg, avoir son moteur allum\u00e9 pr\u00e8s d&rsquo;une \u00e9cole vous co\u00fbtera une amende&hellip;\n","protected":false},"author":2,"featured_media":598859,"comment_status":"","ping_status":"","sticky":false,"template":"","format":"standard","meta":{"footnotes":""},"categories":[2820],"tags":[1111,11,1777,674,1011,27,775,12,25,640],"class_list":{"0":"post-598858","1":"post","2":"type-post","3":"status-publish","4":"format-standard","5":"has-post-thumbnail","7":"category-strasbourg","8":"tag-actu","9":"tag-actualites","10":"tag-eu","11":"tag-europe","12":"tag-fr","13":"tag-france","14":"tag-grand-est","15":"tag-news","16":"tag-republique-francaise","17":"tag-strasbourg"},"share_on_mastodon":{"url":"https:\/\/pubeurope.com\/@fr\/115718471373801858","error":""},"_links":{"self":[{"href":"https:\/\/www.europesays.com\/fr\/wp-json\/wp\/v2\/posts\/598858","targetHints":{"allow":["GET"]}}],"collection":[{"href":"https:\/\/www.europesays.com\/fr\/wp-json\/wp\/v2\/posts"}],"about":[{"href":"https:\/\/www.europesays.com\/fr\/wp-json\/wp\/v2\/types\/post"}],"author":[{"embeddable":true,"href":"https:\/\/www.europesays.com\/fr\/wp-json\/wp\/v2\/users\/2"}],"replies":[{"embeddable":true,"href":"https:\/\/www.europesays.com\/fr\/wp-json\/wp\/v2\/comments?post=598858"}],"version-history":[{"count":0,"href":"https:\/\/www.europesays.com\/fr\/wp-json\/wp\/v2\/posts\/598858\/revisions"}],"wp:featuredmedia":[{"embeddable":true,"href":"https:\/\/www.europesays.com\/fr\/wp-json\/wp\/v2\/media\/598859"}],"wp:attachment":[{"href":"https:\/\/www.europesays.com\/fr\/wp-json\/wp\/v2\/media?parent=598858"}],"wp:term":[{"taxonomy":"category","embeddable":true,"href":"https:\/\/www.europesays.com\/fr\/wp-json\/wp\/v2\/categories?post=598858"},{"taxonomy":"post_tag","embeddable":true,"href":"https:\/\/www.europesays.com\/fr\/wp-json\/wp\/v2\/tags?post=598858"}],"curies":[{"name":"wp","href":"https:\/\/api.w.org\/{rel}","templated":true}]}}