{"id":598860,"date":"2025-12-14T14:48:18","date_gmt":"2025-12-14T14:48:18","guid":{"rendered":"https:\/\/www.europesays.com\/fr\/598860\/"},"modified":"2025-12-14T14:48:18","modified_gmt":"2025-12-14T14:48:18","slug":"le-centre-de-retention-administrative-restera-t-il-au-commissariat-auvare-a-nice","status":"publish","type":"post","link":"https:\/\/www.europesays.com\/fr\/598860\/","title":{"rendered":"Le centre de r\u00e9tention administrative restera-t-il au commissariat Auvare \u00e0 Nice ?"},"content":{"rendered":"<p class=\"fs-5 \">Le centre de r\u00e9tention administrative de Nice (CRA), le seul des Alpes-Maritimes, restera-t-il \u00e0 Auvare, lorsque l\u2019ensemble des forces de l\u2019ordre auront d\u00e9m\u00e9nag\u00e9 \u00e0 l\u2019h\u00f4tel des polices, en construction en plein centre-ville (ancien h\u00f4pital Saint-Roch) ?<\/p>\n<p class=\"fs-5 \">La question fait d\u00e9bat depuis que Christian Estrosi a sonn\u00e9 le glas d\u2019Auvare, il y a 15 ans, en annon\u00e7ant qu\u2019il allait construire un commissariat mutualis\u00e9 pour r\u00e9unir dans un m\u00eame lieu, tous les services de police nationale et sa police municipale.<\/p>\n<p class=\"fs-5 \">Les centres de r\u00e9tention servent \u00e0 retenir les \u00e9trangers qui ne disposent pas du droit de s\u00e9journer sur le territoire fran\u00e7ais, avant d\u2019organiser leur \u00e9loignement forc\u00e9 dans leur pays d\u2019origine.<\/p>\n<p class=\"fs-5 \">L\u2019\u00e9tablissement actuel, g\u00e9r\u00e9 depuis 2009 par la PAF, la police aux fronti\u00e8res, peut accueillir 40 personnes. Mais ses locaux, \u00e0 bout de souffle, sont \u00ab inadapt\u00e9s pour la mission \u00bb, \u00ab exigus \u00bb, \u00ab v\u00e9tustes \u00bb, selon le dernier rapport du contr\u00f4leur g\u00e9n\u00e9ral des lieux de privation de libert\u00e9, il y a un an. Le nouveau CRA devrait voir sa capacit\u00e9 augmenter jusqu\u2019\u00e0 140 personnes.<\/p>\n<p>                                                                                Des travaux de s\u00e9curisation, apr\u00e8s le d\u00e9m\u00e9nagement en centre-ville<\/p>\n<p class=\"fs-5 \">Mais o\u00f9 ? Le 11 d\u00e9cembre, le syndicat Alliance police nationale 06 a rencontr\u00e9 le pr\u00e9fet des Alpes-Maritimes, Laurent Hottiaux. Au menu de leurs discussions, l\u2019avenir du centre de r\u00e9tention. Et le syndicat a partag\u00e9 sur ses r\u00e9seaux sociaux la r\u00e9ponse de l\u2019\u00c9tat : \u00ab Nous conservons le centre de r\u00e9tention actuel et des travaux seront engag\u00e9s pour le s\u00e9curiser au d\u00e9part des effectifs sur le futur h\u00f4tel des polices \u00bb.<\/p>\n<p class=\"fs-5 \">\u00ab Nous serons attentifs \u00e0 la volum\u00e9trie des effectifs du CRA, \u00e0 la s\u00e9curit\u00e9 b\u00e2timentaire et \u00e0 celle des effectifs, ainsi qu\u2019aux \u00e9quipements \u00bb, pr\u00e9viennent les policiers d\u2019Alliance.<\/p>\n<p class=\"fs-5 \">\u00ab Des hypoth\u00e8ses d\u2019implantation [du futur CRA] sont toujours \u00e0 l\u2019\u00e9tude \u00bb, pr\u00e9cisent les services de la pr\u00e9fecture. \u00ab Ce qui a \u00e9t\u00e9 dit, c\u2019est que lorsque les effectifs de police auront d\u00e9m\u00e9nag\u00e9, il faudra engager des travaux pour s\u00e9curiser le lieu. On ne parle pas d\u2019un agrandissement \u00bb, assure encore l\u2019\u00c9tat.<\/p>\n<p class=\"fs-5 \">Depuis 2018, de nombreux terrains ont surgi dans le d\u00e9bat. \u00c0 La Trinit\u00e9, pr\u00e8s de l\u2019a\u00e9roport, ou encore \u00e0 Grasse. La piste \u00e0 l\u2019ouest du d\u00e9partement semblait avoir les faveurs du minist\u00e8re de l\u2019Int\u00e9rieur jusqu\u2019\u00e0 la mi-octobre. Finalement, sur l\u2019emprise de la maison d\u2019arr\u00eat de la Cit\u00e9 des parfums, c\u2019est une <a href=\"https:\/\/www.nicematin.com\/societe\/securite\/le-centre-de-retention-administrative-ne-sera-pas-delocalise-a-grasse-jerome-viaud-plaide-pour-l-extension-de-la-maison-d-arret-10652987\" rel=\"nofollow noopener\" target=\"_blank\">augmentation de la capacit\u00e9 p\u00e9nitentiaire<\/a> qui a \u00e9t\u00e9 ent\u00e9rin\u00e9e par l\u2019\u00c9tat. Deux cents places suppl\u00e9mentaires, en cellules modulaires, vont \u00eatre construites.<\/p>\n","protected":false},"excerpt":{"rendered":"Le centre de r\u00e9tention administrative de Nice (CRA), le seul des Alpes-Maritimes, restera-t-il \u00e0 Auvare, lorsque l\u2019ensemble des&hellip;\n","protected":false},"author":2,"featured_media":598861,"comment_status":"","ping_status":"","sticky":false,"template":"","format":"standard","meta":{"footnotes":""},"categories":[2819],"tags":[1111,11,1777,674,1011,27,12,2401,882,25],"class_list":{"0":"post-598860","1":"post","2":"type-post","3":"status-publish","4":"format-standard","5":"has-post-thumbnail","7":"category-nice","8":"tag-actu","9":"tag-actualites","10":"tag-eu","11":"tag-europe","12":"tag-fr","13":"tag-france","14":"tag-news","15":"tag-nice","16":"tag-provence-alpes-cote-dazur","17":"tag-republique-francaise"},"share_on_mastodon":{"url":"https:\/\/pubeurope.com\/@fr\/115718475415369035","error":""},"_links":{"self":[{"href":"https:\/\/www.europesays.com\/fr\/wp-json\/wp\/v2\/posts\/598860","targetHints":{"allow":["GET"]}}],"collection":[{"href":"https:\/\/www.europesays.com\/fr\/wp-json\/wp\/v2\/posts"}],"about":[{"href":"https:\/\/www.europesays.com\/fr\/wp-json\/wp\/v2\/types\/post"}],"author":[{"embeddable":true,"href":"https:\/\/www.europesays.com\/fr\/wp-json\/wp\/v2\/users\/2"}],"replies":[{"embeddable":true,"href":"https:\/\/www.europesays.com\/fr\/wp-json\/wp\/v2\/comments?post=598860"}],"version-history":[{"count":0,"href":"https:\/\/www.europesays.com\/fr\/wp-json\/wp\/v2\/posts\/598860\/revisions"}],"wp:featuredmedia":[{"embeddable":true,"href":"https:\/\/www.europesays.com\/fr\/wp-json\/wp\/v2\/media\/598861"}],"wp:attachment":[{"href":"https:\/\/www.europesays.com\/fr\/wp-json\/wp\/v2\/media?parent=598860"}],"wp:term":[{"taxonomy":"category","embeddable":true,"href":"https:\/\/www.europesays.com\/fr\/wp-json\/wp\/v2\/categories?post=598860"},{"taxonomy":"post_tag","embeddable":true,"href":"https:\/\/www.europesays.com\/fr\/wp-json\/wp\/v2\/tags?post=598860"}],"curies":[{"name":"wp","href":"https:\/\/api.w.org\/{rel}","templated":true}]}}