{"id":598862,"date":"2025-12-14T14:49:21","date_gmt":"2025-12-14T14:49:21","guid":{"rendered":"https:\/\/www.europesays.com\/fr\/598862\/"},"modified":"2025-12-14T14:49:21","modified_gmt":"2025-12-14T14:49:21","slug":"nice-deux-policiers-de-laeroport-accuses-de-corruption-par-des-narcotrafiquants","status":"publish","type":"post","link":"https:\/\/www.europesays.com\/fr\/598862\/","title":{"rendered":"Nice : Deux policiers de l\u2019a\u00e9roport accus\u00e9s de corruption par des narcotrafiquants"},"content":{"rendered":"<p class=\"mb-4 text-lg md:leading-8 break-words\"><strong>enqu\u00eate &#8211; Deux policiers de la PAF \u00e0 Nice sont accus\u00e9s d\u2019avoir couvert le transfert de stup\u00e9fiants contre 1.000 \u00e0 chaque passage de drogue. L\u2019un des deux a \u00e9t\u00e9 mis en examen et \u00e9crou\u00e9, vendredi<\/strong><\/p>\n<p class=\"mb-4 text-lg md:leading-8 break-words\">Des faits reproch\u00e9s extr\u00eamement graves\u2026 Un policier de la Police de l\u2019Air et des Fronti\u00e8res (PAF) de <a href=\"https:\/\/www.20minutes.fr\/societe\/4176586-20251002-aeroport-nice-christian-estrosi-veut-demander-etat-remplacer-controleurs-aeriens-militaires?at_medium=RSS%20feed&amp;at_campaign=ynews&amp;utm_source=yahoo&amp;utm_medium=rss&amp;utm_campaign=news_feed&amp;utm_content=in_article_link\" rel=\"nofollow noopener\" target=\"_blank\" data-ylk=\"slk:l\u2019a\u00e9roport de Nice;elm:context_link;itc:0;sec:content-canvas\" class=\"link \">l\u2019a\u00e9roport de Nice<\/a> a \u00e9t\u00e9 mis en examen pour <a href=\"https:\/\/www.20minutes.fr\/faits_divers\/4191324-20251213-val-oise-gendarmes-policiers-municipaux-soupconnes-corruption-profit-crime-organise?at_medium=RSS%20feed&amp;at_campaign=ynews&amp;utm_source=yahoo&amp;utm_medium=rss&amp;utm_campaign=news_feed&amp;utm_content=in_article_link\" rel=\"nofollow noopener\" target=\"_blank\" data-ylk=\"slk:corruption;elm:context_link;itc:0;sec:content-canvas\" class=\"link \">corruption<\/a> et \u00e9crou\u00e9 ce vendredi 12\u00a0d\u00e9cembre, \u00e0 l\u2019issue de quatre jours de garde \u00e0 vue. Un second fonctionnaire sera convoqu\u00e9 ult\u00e9rieurement pour les m\u00eames soup\u00e7ons.<\/p>\n<p class=\"mb-4 text-lg md:leading-8 break-words\">Les deux hommes sont accus\u00e9s d\u2019avoir couvert le <a href=\"https:\/\/www.20minutes.fr\/justice\/4191337-20251213-yvelines-neuf-hommes-mis-examen-trafic-drogue-1-5-tonne-cannabis-saisie?at_medium=RSS%20feed&amp;at_campaign=ynews&amp;utm_source=yahoo&amp;utm_medium=rss&amp;utm_campaign=news_feed&amp;utm_content=in_article_link\" rel=\"nofollow noopener\" target=\"_blank\" data-ylk=\"slk:transfert de stup\u00e9fiants;elm:context_link;itc:0;sec:content-canvas\" class=\"link \">transfert de stup\u00e9fiants<\/a> contre r\u00e9mun\u00e9ration, en fermant les yeux sur des \u00ab\u00a0mules\u00a0\u00bb transportant la marchandise, selon les informations du <a href=\"https:\/\/www.leparisien.fr\/faits-divers\/aeroport-de-nice-deux-policiers-soupconnes-davoir-ete-corrompus-par-des-narcotrafiquants-13-12-2025-LFFHDGBGEZHBDLFISLPS3OZM7M.php?at_variant=photo&amp;at_creation=Le%20Parisien&amp;at_campaign=Partage%20Twitter%20CM&amp;at_medium=Social%20media&amp;at_medium=RSS%20feed&amp;at_campaign=ynews&amp;utm_source=yahoo&amp;utm_medium=rss&amp;utm_campaign=news_feed&amp;utm_content=in_article_link\" rel=\"nofollow noopener\" target=\"_blank\" data-ylk=\"slk:Parisien;elm:context_link;itc:0;sec:content-canvas\" class=\"link \">Parisien<\/a> et de <a href=\"https:\/\/www.rtl.fr\/actu\/justice-faits-divers\/info-rtl-narcotrafic-soupcons-de-corruption-a-la-police-aux-frontieres-de-l-aeroport-de-nice-un-policier-incarcere-7900577585?at_medium=RSS%20feed&amp;at_campaign=ynews&amp;utm_source=yahoo&amp;utm_medium=rss&amp;utm_campaign=news_feed&amp;utm_content=in_article_link\" rel=\"nofollow noopener\" target=\"_blank\" data-ylk=\"slk:RTL;elm:context_link;itc:0;sec:content-canvas\" class=\"link \">RTL<\/a>.<\/p>\n<p class=\"mb-4 text-lg md:leading-8 break-words\">Le deal \u00e9tait juteux\u00a0: 1.000 euros empoch\u00e9s \u00e0 chaque passage de drogue, d\u2019apr\u00e8s les \u00e9l\u00e9ments recueillis. Ce trafic, organis\u00e9 par des narcotrafiquants originaires des pays de l\u2019Est, aurait dur\u00e9 de\u00a02019 \u00e0\u00a02024, et se d\u00e9roulait tant\u00f4t dans l\u2019a\u00e9rogare priv\u00e9e que sur la plateforme principale de l\u2019a\u00e9roport ni\u00e7ois.<\/p>\n<p>Une enqu\u00eate men\u00e9e \u00e0 partir de l\u2019application Sky ECC<\/p>\n<p class=\"mb-4 text-lg md:leading-8 break-words\">L\u2019enqu\u00eate, men\u00e9e par la police judiciaire de Nice a d\u00e9marr\u00e9 gr\u00e2ce au d\u00e9cryptage de l\u2019application Sky ECC \u2013 cette messagerie chiffr\u00e9e longtemps r\u00e9put\u00e9e inviolable et chouchoute des trafiquants. Une premi\u00e8re vague d\u2019interpellations avait d\u00e9j\u00e0 eu lieu en\u00a02020, mais le business a continu\u00e9 malgr\u00e9 tout.<\/p>\n<p class=\"mb-4 text-lg md:leading-8 break-words\">L\u2019un des policiers ni\u00e7ois mis en cause serait d\u2019ailleurs d\u00e9j\u00e0 connu pour des faits de corruption. Si les accusations se confirment, \u00e7a ferait partie des cas les plus graves de corruption dans les fronti\u00e8res a\u00e9riennes.<\/p>\n<p class=\"mb-4 text-lg md:leading-8 break-words\"><a href=\"https:\/\/www.20minutes.fr\/faits_divers\/faits-divers-nice\/4191367-20251214-nice-deux-policiers-aeroport-accuses-corruption-narcotrafiquants?at_medium=RSS%20feed&amp;at_campaign=ynews&amp;utm_source=yahoo&amp;utm_medium=rss&amp;utm_campaign=news_feed&amp;utm_content=read_more_link&quot;\" rel=\"nofollow noopener\" target=\"_blank\" data-ylk=\"slk:Lire la suite sur 20minutes;elm:context_link;itc:0;sec:content-canvas\" class=\"link \">Lire la suite sur 20minutes<\/a><\/p>\n<p>\u00c0 lire aussi :<br \/><a href=\"https:\/\/www.20minutes.fr\/societe\/4176586-20251002-aeroport-nice-christian-estrosi-veut-demander-etat-remplacer-controleurs-aeriens-militaires?at_medium=RSS%20feed&amp;at_campaign=ynews&amp;utm_source=yahoo&amp;utm_medium=rss&amp;utm_campaign=news_feed&amp;utm_content=related_content_link\" rel=\"nofollow noopener\" target=\"_blank\" data-ylk=\"slk:A\u00e9roport de Nice\u00a0: Christian Estrosi veut demander \u00e0 l\u2019\u00c9tat de remplacer les contr\u00f4leurs a\u00e9riens par des militaires;elm:context_link;itc:0;sec:content-canvas\" class=\"link \">A\u00e9roport de Nice\u00a0: Christian Estrosi veut demander \u00e0 l\u2019\u00c9tat de remplacer les contr\u00f4leurs a\u00e9riens par des militaires<\/a><br \/><a href=\"https:\/\/www.20minutes.fr\/societe\/4186942-20251120-demande-quand-ca-va-arriver-magistrats-policiers-journalistes-inquietude-monte-face-narcotrafiquants?at_medium=RSS%20feed&amp;at_campaign=ynews&amp;utm_source=yahoo&amp;utm_medium=rss&amp;utm_campaign=news_feed&amp;utm_content=related_content_link\" rel=\"nofollow noopener\" target=\"_blank\" data-ylk=\"slk:\u00ab\u00a0On se demande quand \u00e7a va arriver\u00a0\u00bb\u2026 Magistrats, policiers, journalistes, l\u2019inqui\u00e9tude monte face aux narcotrafiquants;elm:context_link;itc:0;sec:content-canvas\" class=\"link \">\u00ab\u00a0On se demande quand \u00e7a va arriver\u00a0\u00bb\u2026 Magistrats, policiers, journalistes, l\u2019inqui\u00e9tude monte face aux narcotrafiquants<\/a><\/p>\n","protected":false},"excerpt":{"rendered":"enqu\u00eate &#8211; Deux policiers de la PAF \u00e0 Nice sont accus\u00e9s d\u2019avoir couvert le transfert de stup\u00e9fiants contre&hellip;\n","protected":false},"author":2,"featured_media":598863,"comment_status":"","ping_status":"","sticky":false,"template":"","format":"standard","meta":{"footnotes":""},"categories":[2819],"tags":[25354,1111,11,1777,674,1011,27,18375,12,2401,71137,71138,6890,882,25],"class_list":{"0":"post-598862","1":"post","2":"type-post","3":"status-publish","4":"format-standard","5":"has-post-thumbnail","7":"category-nice","8":"tag-accuses","9":"tag-actu","10":"tag-actualites","11":"tag-eu","12":"tag-europe","13":"tag-fr","14":"tag-france","15":"tag-les-deux-hommes","16":"tag-news","17":"tag-nice","18":"tag-pays-de-lest","19":"tag-police-de-lair-et-des-frontieres","20":"tag-policiers","21":"tag-provence-alpes-cote-dazur","22":"tag-republique-francaise"},"share_on_mastodon":{"url":"https:\/\/pubeurope.com\/@fr\/115718479245845348","error":""},"_links":{"self":[{"href":"https:\/\/www.europesays.com\/fr\/wp-json\/wp\/v2\/posts\/598862","targetHints":{"allow":["GET"]}}],"collection":[{"href":"https:\/\/www.europesays.com\/fr\/wp-json\/wp\/v2\/posts"}],"about":[{"href":"https:\/\/www.europesays.com\/fr\/wp-json\/wp\/v2\/types\/post"}],"author":[{"embeddable":true,"href":"https:\/\/www.europesays.com\/fr\/wp-json\/wp\/v2\/users\/2"}],"replies":[{"embeddable":true,"href":"https:\/\/www.europesays.com\/fr\/wp-json\/wp\/v2\/comments?post=598862"}],"version-history":[{"count":0,"href":"https:\/\/www.europesays.com\/fr\/wp-json\/wp\/v2\/posts\/598862\/revisions"}],"wp:featuredmedia":[{"embeddable":true,"href":"https:\/\/www.europesays.com\/fr\/wp-json\/wp\/v2\/media\/598863"}],"wp:attachment":[{"href":"https:\/\/www.europesays.com\/fr\/wp-json\/wp\/v2\/media?parent=598862"}],"wp:term":[{"taxonomy":"category","embeddable":true,"href":"https:\/\/www.europesays.com\/fr\/wp-json\/wp\/v2\/categories?post=598862"},{"taxonomy":"post_tag","embeddable":true,"href":"https:\/\/www.europesays.com\/fr\/wp-json\/wp\/v2\/tags?post=598862"}],"curies":[{"name":"wp","href":"https:\/\/api.w.org\/{rel}","templated":true}]}}