{"id":598868,"date":"2025-12-14T14:53:12","date_gmt":"2025-12-14T14:53:12","guid":{"rendered":"https:\/\/www.europesays.com\/fr\/598868\/"},"modified":"2025-12-14T14:53:12","modified_gmt":"2025-12-14T14:53:12","slug":"les-apprentis-dauteuil-ont-ouvert-une-boutique-ephemere-et-pedagogique","status":"publish","type":"post","link":"https:\/\/www.europesays.com\/fr\/598868\/","title":{"rendered":"les Apprentis d\u2019Auteuil ont ouvert une boutique \u00e9ph\u00e9m\u00e8re et p\u00e9dagogique"},"content":{"rendered":"<p>Cet \u00e9v\u00e9nement bisannuel est organis\u00e9 par les 27\u00a0\u00e9l\u00e8ves des classes de premi\u00e8re et deuxi\u00e8me ann\u00e9es du CAP \u00c9quipier polyvalent du commerce, encadr\u00e9s par leurs professeurs Ga\u00eblle Dejean et Anne-Laure Fontaine, en partenariat avec le groupe Sandro, Maje, Claudie Pierlot, Fursac (SMPC) depuis 2019. Le groupe SMCP, qui donne son stock de v\u00eatements invendus aux AA, permet \u00e0 ces jeunes d\u2019effectuer un exercice pratique en \u00e9voluant dans un milieu du luxe, totalement inhabituel pour ces lyc\u00e9ens.<\/p>\n<p>Mise en situation<\/p>\n<p>Afin de valider leurs comp\u00e9tences au dipl\u00f4me, les jeunes ont r\u00e9ceptionn\u00e9 la marchandise qu\u2019ils ont tri\u00e9e par cat\u00e9gorie. Ils ont \u00e9tiquet\u00e9 les diff\u00e9rentes pi\u00e8ces qu\u2019ils ont ensuite mises en rayon comme dans une boutique. Ils ont habill\u00e9 des mannequins en accentuant leur d\u00e9coration sur la saisonnalit\u00e9 de No\u00ebl.<\/p>\n<p>Les professeurs ont r\u00e9parti les t\u00e2ches\u00a0: accueil, vente, conseil, encaissement\u2026 Une petite nouveaut\u00e9 \u00e9tait propos\u00e9e\u00a0: une carte de fid\u00e9lit\u00e9. \u00c0 noter les magnifiques bouquets \u00ab\u00a0bleu nuit et blanc\u00a0\u00bb, les couleurs du th\u00e8me de la boutique \u00e9ph\u00e9m\u00e8re, r\u00e9alis\u00e9s par les Serres de Majolan \u2013 partenaire historique des \u00e9tablissements Saint-Joseph \u2013, qui ont \u00e9galement fourni les sapins.<\/p>\n<p>Pour cette ouverture, les \u00e9l\u00e8ves ont offert des boissons, des g\u00e2teaux et des chocolats aux clients, un service de photomaton, une enqu\u00eate de satisfaction \u00e0 la sortie, un fichier avec le nom des clients qui ont sign\u00e9 une charte de non-revente\u2026 Les recettes de la boutique \u00e9ph\u00e9m\u00e8re sont vers\u00e9es \u00e0 la Fondation des AA, et permettent de financer des projets pour les jeunes.<\/p>\n","protected":false},"excerpt":{"rendered":"Cet \u00e9v\u00e9nement bisannuel est organis\u00e9 par les 27\u00a0\u00e9l\u00e8ves des classes de premi\u00e8re et deuxi\u00e8me ann\u00e9es du CAP \u00c9quipier&hellip;\n","protected":false},"author":2,"featured_media":598869,"comment_status":"","ping_status":"","sticky":false,"template":"","format":"standard","meta":{"footnotes":""},"categories":[2817],"tags":[1111,11,1997,1777,674,1011,27,12,2219,25],"class_list":{"0":"post-598868","1":"post","2":"type-post","3":"status-publish","4":"format-standard","5":"has-post-thumbnail","7":"category-bordeaux","8":"tag-actu","9":"tag-actualites","10":"tag-bordeaux","11":"tag-eu","12":"tag-europe","13":"tag-fr","14":"tag-france","15":"tag-news","16":"tag-nouvelle-aquitaine","17":"tag-republique-francaise"},"share_on_mastodon":{"url":"https:\/\/pubeurope.com\/@fr\/115718494948283110","error":""},"_links":{"self":[{"href":"https:\/\/www.europesays.com\/fr\/wp-json\/wp\/v2\/posts\/598868","targetHints":{"allow":["GET"]}}],"collection":[{"href":"https:\/\/www.europesays.com\/fr\/wp-json\/wp\/v2\/posts"}],"about":[{"href":"https:\/\/www.europesays.com\/fr\/wp-json\/wp\/v2\/types\/post"}],"author":[{"embeddable":true,"href":"https:\/\/www.europesays.com\/fr\/wp-json\/wp\/v2\/users\/2"}],"replies":[{"embeddable":true,"href":"https:\/\/www.europesays.com\/fr\/wp-json\/wp\/v2\/comments?post=598868"}],"version-history":[{"count":0,"href":"https:\/\/www.europesays.com\/fr\/wp-json\/wp\/v2\/posts\/598868\/revisions"}],"wp:featuredmedia":[{"embeddable":true,"href":"https:\/\/www.europesays.com\/fr\/wp-json\/wp\/v2\/media\/598869"}],"wp:attachment":[{"href":"https:\/\/www.europesays.com\/fr\/wp-json\/wp\/v2\/media?parent=598868"}],"wp:term":[{"taxonomy":"category","embeddable":true,"href":"https:\/\/www.europesays.com\/fr\/wp-json\/wp\/v2\/categories?post=598868"},{"taxonomy":"post_tag","embeddable":true,"href":"https:\/\/www.europesays.com\/fr\/wp-json\/wp\/v2\/tags?post=598868"}],"curies":[{"name":"wp","href":"https:\/\/api.w.org\/{rel}","templated":true}]}}