{"id":598870,"date":"2025-12-14T14:54:16","date_gmt":"2025-12-14T14:54:16","guid":{"rendered":"https:\/\/www.europesays.com\/fr\/598870\/"},"modified":"2025-12-14T14:54:16","modified_gmt":"2025-12-14T14:54:16","slug":"16-logements-pour-des-personnes-en-grande-difficulte-vont-etre-crees-aux-chartrons","status":"publish","type":"post","link":"https:\/\/www.europesays.com\/fr\/598870\/","title":{"rendered":"16\u00a0logements pour des personnes en grande difficult\u00e9 vont \u00eatre cr\u00e9\u00e9s aux Chartrons"},"content":{"rendered":"<p>Pour Delphine Jamet, adjointe en charge de l\u2019administration g\u00e9n\u00e9rale, ce projet a pour objectif d\u2019\u00ab\u00a0apporter de la mixit\u00e9 sociale dans un quartier en voie de gentrification, de proposer du logement social dans un secteur o\u00f9 il n\u2019y en a pas beaucoup\u00a0\u00bb. Les publics concern\u00e9s sont en effet des familles monoparentales, des jeunes ou des personnes \u00e2g\u00e9es avec de faibles revenus, \u00ab\u00a0des gens qui peuvent venir de la rue, avoir connu un accident de vie, et qui ont besoin de se reconstruire, mais qui n\u2019ont pas acc\u00e8s au parc priv\u00e9\u00a0\u00bb, d\u00e9taille Bruno Martin.<\/p>\n<p>        <img decoding=\"async\" id=\"27051954\" src=\"https:\/\/www.europesays.com\/fr\/wp-content\/uploads\/2025\/12\/20251209-123511.jpg\" alt=\"Les architectes, \u00e9lus et responsables associatifs qui portent le projet. Objectif\u00a0: \u00ab\u00a0optimiser le patrimoine municipal tout en servant l\u2019int\u00e9r\u00eat g\u00e9n\u00e9ral\u00a0\u00bb\" itemprop=\"contentURL\"\/><\/p>\n<p>    Les architectes, \u00e9lus et responsables associatifs qui portent le projet. Objectif\u00a0: \u00ab\u00a0optimiser le patrimoine municipal tout en servant l\u2019int\u00e9r\u00eat g\u00e9n\u00e9ral\u00a0\u00bb<\/p>\n<p>Ch.\u00a0L.<\/p>\n<p>Les loyers qu\u2019ils devront payer devraient se situer aux alentours de sept euros du m\u00e8tre carr\u00e9, pour des superficies variant de 20 \u00e0 65 m\u00e8tres carr\u00e9s. \u00ab\u00a0On est clairement tr\u00e8s en dessous du prix du march\u00e9. En contrepartie de quoi, c\u2019est notre association qui prend en charge le risque d\u2019impay\u00e9 ou qui remet le logement en \u00e9tat s\u2019il y a des d\u00e9gradations\u00a0\u00bb, poursuit le pr\u00e9sident d\u2019Habitat et Humanisme.<\/p>\n<p>Car la Ville va rester propri\u00e9taire du foncier, en le louant pendant soixante\u00a0ans \u00e0 l\u2019association pour le loyer symbolique d\u2019un euro par an. \u00ab\u00a0On optimise notre patrimoine tout en servant l\u2019int\u00e9r\u00eat g\u00e9n\u00e9ral\u00a0\u00bb, r\u00e9sume Delphine Jamet. Acquis en 1878, ces immeubles ont en effet h\u00e9berg\u00e9 des associations ou des services municipaux, mais ils sont aujourd\u2019hui \u00ab\u00a0en tr\u00e8s mauvais \u00e9tat\u00a0\u00bb, explique Philippe Matricon, architecte pour Habitat et Humanisme. \u00ab\u00a0Les toitures fuient. Les huisseries ne sont pas top. Les locaux ne sont pas accessibles aux personnes \u00e0 mobilit\u00e9 r\u00e9duite. L\u2019ensemble est class\u00e9 F du point de vue \u00e9nerg\u00e9tique.\u00a0\u00bb Une cat\u00e9gorie \u00e0 laquelle on ne pourra plus louer de logements \u00e0 compter du 1er\u00a0janvier 2028.<\/p>\n<p>Budget\u00a0: 2\u00a0millions d\u2019euros<\/p>\n<p>L\u2019objectif est de ramener ce classement au niveau C. \u00ab\u00a0\u00c0 l\u2019origine, c\u2019est bien construit. On peut travailler \u00e0 partir de cette base\u00a0\u00bb, explique Beno\u00eet Reuz\u00e9, architecte de l\u2019agence Acta, missionn\u00e9e sur ce projet. D\u2019o\u00f9 la dur\u00e9e des travaux, et leur budget\u00a0: 1,3\u00a0million d\u2019euros, pour un budget global de 2\u00a0millions. Le financement doit \u00eatre assur\u00e9 par des subventions de la Ville, de la M\u00e9tropole et de l\u2019\u00c9tat.<\/p>\n","protected":false},"excerpt":{"rendered":"Pour Delphine Jamet, adjointe en charge de l\u2019administration g\u00e9n\u00e9rale, ce projet a pour objectif d\u2019\u00ab\u00a0apporter de la mixit\u00e9&hellip;\n","protected":false},"author":2,"featured_media":598871,"comment_status":"","ping_status":"","sticky":false,"template":"","format":"standard","meta":{"footnotes":""},"categories":[2817],"tags":[1111,11,1997,1777,674,1011,27,12,2219,25],"class_list":{"0":"post-598870","1":"post","2":"type-post","3":"status-publish","4":"format-standard","5":"has-post-thumbnail","7":"category-bordeaux","8":"tag-actu","9":"tag-actualites","10":"tag-bordeaux","11":"tag-eu","12":"tag-europe","13":"tag-fr","14":"tag-france","15":"tag-news","16":"tag-nouvelle-aquitaine","17":"tag-republique-francaise"},"share_on_mastodon":{"url":"https:\/\/pubeurope.com\/@fr\/115718499711183446","error":""},"_links":{"self":[{"href":"https:\/\/www.europesays.com\/fr\/wp-json\/wp\/v2\/posts\/598870","targetHints":{"allow":["GET"]}}],"collection":[{"href":"https:\/\/www.europesays.com\/fr\/wp-json\/wp\/v2\/posts"}],"about":[{"href":"https:\/\/www.europesays.com\/fr\/wp-json\/wp\/v2\/types\/post"}],"author":[{"embeddable":true,"href":"https:\/\/www.europesays.com\/fr\/wp-json\/wp\/v2\/users\/2"}],"replies":[{"embeddable":true,"href":"https:\/\/www.europesays.com\/fr\/wp-json\/wp\/v2\/comments?post=598870"}],"version-history":[{"count":0,"href":"https:\/\/www.europesays.com\/fr\/wp-json\/wp\/v2\/posts\/598870\/revisions"}],"wp:featuredmedia":[{"embeddable":true,"href":"https:\/\/www.europesays.com\/fr\/wp-json\/wp\/v2\/media\/598871"}],"wp:attachment":[{"href":"https:\/\/www.europesays.com\/fr\/wp-json\/wp\/v2\/media?parent=598870"}],"wp:term":[{"taxonomy":"category","embeddable":true,"href":"https:\/\/www.europesays.com\/fr\/wp-json\/wp\/v2\/categories?post=598870"},{"taxonomy":"post_tag","embeddable":true,"href":"https:\/\/www.europesays.com\/fr\/wp-json\/wp\/v2\/tags?post=598870"}],"curies":[{"name":"wp","href":"https:\/\/api.w.org\/{rel}","templated":true}]}}