{"id":598878,"date":"2025-12-14T15:00:14","date_gmt":"2025-12-14T15:00:14","guid":{"rendered":"https:\/\/www.europesays.com\/fr\/598878\/"},"modified":"2025-12-14T15:00:14","modified_gmt":"2025-12-14T15:00:14","slug":"1500-e-remis-a-lassociation-onco-partage","status":"publish","type":"post","link":"https:\/\/www.europesays.com\/fr\/598878\/","title":{"rendered":"1500 \u20ac remis \u00e0 l\u2019association Onco partage."},"content":{"rendered":"<p>Le 17\u00a0octobre dernier, quatre groupes de musique M\u00e9tal locaux se sont produits salle du Roucas pour r\u00e9colter des fonds revers\u00e9s \u00e0 une association de lutte contre le <a href=\"https:\/\/www.laprovence.com\/article\/societe\/1217724579922715\/chaque-annee-31-000-nouveaux-cas-de-cancers-sont-diagnostiques-en-paca\" target=\"_blank\" rel=\"noopener\">cancer<\/a>. En partenariat avec la Maison pour tous, c\u2019est Fabien, guitariste de son propre groupe m\u00e9tal, Kalvaire, qui a organis\u00e9 ce concert pour la 3e ann\u00e9e.<\/p>\n<p>Il est tr\u00e8s satisfait de la g\u00e9n\u00e9rosit\u00e9 du public, 150 fans de musique m\u00e9tal\u00a0: \u00ab\u00a0Ce montant correspond \u00e0 toutes les recettes des entr\u00e9es dont le prix est libre, chacun participant selon ses moyens, et d\u2019une partie des ventes du merchandising du groupe Stone Horns, que je remercie d\u2019autant plus qu\u2019ils ont jou\u00e9 b\u00e9n\u00e9volement, comme Digital Nova, Bronca et Break the Void.\u00a0\u00bb<\/p>\n<p>Au si\u00e8ge de la MPT, Jean Casella a remis un ch\u00e8que de\u00a01500 \u20ac \u00e0 <a href=\"https:\/\/www.laprovence.com\/article\/hub-sante\/5284295\/lassociation-onco-partage-et-lhopital-clairval-innovent-dans-le-parcours-de-soin-des-patients.html\" target=\"_blank\" rel=\"noopener\">Onco-Partage<\/a> de <a href=\"https:\/\/www.laprovence.com\/bouches-du-rhone\/marseille-13055\" target=\"_blank\" rel=\"noopener\">Marseille<\/a>, qui travaille avec la clinique de Vitrolles et qui a pour vocation d\u2019am\u00e9liorer la prise en charge des patients trait\u00e9s en canc\u00e9rologie, notamment gr\u00e2ce aux soins de support et \u00e0 l\u2019\u00e9ducation th\u00e9rapeutique.<\/p>\n<p>Audrey Garibbo-Sarkissian, co-fondatrice et pr\u00e9sidente depuis mai\u00a02024, \u00e9tait accompagn\u00e9e de Laure Youinou, <a href=\"https:\/\/www.laprovence.com\/article\/edition-salon\/6819802\/avec-ses-mains-et-ses-mots-elle-bichonne-les-malades-du-cancer.html\" target=\"_blank\" rel=\"noopener\">socio-esth\u00e9ticienne<\/a>. Audrey, en insistant sur l\u2019importance du d\u00e9pistage, a pr\u00e9cis\u00e9 que les principales activi&#8230;<\/p>\n","protected":false},"excerpt":{"rendered":"Le 17\u00a0octobre dernier, quatre groupes de musique M\u00e9tal locaux se sont produits salle du Roucas pour r\u00e9colter des&hellip;\n","protected":false},"author":2,"featured_media":598879,"comment_status":"","ping_status":"","sticky":false,"template":"","format":"standard","meta":{"footnotes":""},"categories":[2814],"tags":[31914,17,1111,11,14797,1777,674,1011,27,9445,884,12,71139,882,16,14582,25,14802],"class_list":{"0":"post-598878","1":"post","2":"type-post","3":"status-publish","4":"format-standard","5":"has-post-thumbnail","7":"category-marseille","8":"tag-31914","9":"tag-17","10":"tag-actu","11":"tag-actualites","12":"tag-cheque","13":"tag-eu","14":"tag-europe","15":"tag-fr","16":"tag-france","17":"tag-lassociation","18":"tag-marseille","19":"tag-news","20":"tag-onco-partage","21":"tag-provence-alpes-cote-dazur","22":"tag-region","23":"tag-remis","24":"tag-republique-francaise","25":"tag-vitrolles"},"share_on_mastodon":{"url":"https:\/\/pubeurope.com\/@fr\/115718522382197903","error":""},"_links":{"self":[{"href":"https:\/\/www.europesays.com\/fr\/wp-json\/wp\/v2\/posts\/598878","targetHints":{"allow":["GET"]}}],"collection":[{"href":"https:\/\/www.europesays.com\/fr\/wp-json\/wp\/v2\/posts"}],"about":[{"href":"https:\/\/www.europesays.com\/fr\/wp-json\/wp\/v2\/types\/post"}],"author":[{"embeddable":true,"href":"https:\/\/www.europesays.com\/fr\/wp-json\/wp\/v2\/users\/2"}],"replies":[{"embeddable":true,"href":"https:\/\/www.europesays.com\/fr\/wp-json\/wp\/v2\/comments?post=598878"}],"version-history":[{"count":0,"href":"https:\/\/www.europesays.com\/fr\/wp-json\/wp\/v2\/posts\/598878\/revisions"}],"wp:featuredmedia":[{"embeddable":true,"href":"https:\/\/www.europesays.com\/fr\/wp-json\/wp\/v2\/media\/598879"}],"wp:attachment":[{"href":"https:\/\/www.europesays.com\/fr\/wp-json\/wp\/v2\/media?parent=598878"}],"wp:term":[{"taxonomy":"category","embeddable":true,"href":"https:\/\/www.europesays.com\/fr\/wp-json\/wp\/v2\/categories?post=598878"},{"taxonomy":"post_tag","embeddable":true,"href":"https:\/\/www.europesays.com\/fr\/wp-json\/wp\/v2\/tags?post=598878"}],"curies":[{"name":"wp","href":"https:\/\/api.w.org\/{rel}","templated":true}]}}