{"id":598880,"date":"2025-12-14T15:02:27","date_gmt":"2025-12-14T15:02:27","guid":{"rendered":"https:\/\/www.europesays.com\/fr\/598880\/"},"modified":"2025-12-14T15:02:27","modified_gmt":"2025-12-14T15:02:27","slug":"la-metropole-aix-marseille-provence-et-le-conseil-departemental-des-bouches-du-rhone-reagissent","status":"publish","type":"post","link":"https:\/\/www.europesays.com\/fr\/598880\/","title":{"rendered":"la M\u00e9tropole Aix-Marseille-Provence et le Conseil d\u00e9partemental des Bouches-du-Rh\u00f4ne r\u00e9agissent"},"content":{"rendered":"<p>Apr\u00e8s l&rsquo;attaque terroriste qui a eu lieu ce dimanche 14 d\u00e9cembre sur la plage Bondi \u00e0 Sydney, la M\u00e9tropole Aix-Marseille-Provence et le D\u00e9partement des Bouches-du-Rh\u00f4ne annoncent mettre leurs drapeaux en berne.<\/p>\n<p>Deux individus ont ouvert le feu dimanche sur une foule qui c\u00e9l\u00e9brait la f\u00eate juive de Hanouka sur la plage de Bondi \u00e0 Sydney, en Australie. Le bilan est \u00e0 au moins 12 morts ainsi que 29 bless\u00e9s ce dimanche.\u00a0<\/p>\n<p>Via un communiqu\u00e9 de presse, la<a href=\"https:\/\/maritima.fr\/actualites\/social\/marseille\/8613\/metropole-aix-marseille-des-transports-en-commun-desormais-gratuits-pour-les-enfants-et-les-seniors\" target=\"_blank\" rel=\"noopener\"> M\u00e9tropole Aix-Marseille-Provence <\/a>et le D\u00e9partement des <a href=\"https:\/\/maritima.fr\/actualites\/environnement\/bouches-du-rhone\/7714\/pollution-a-lozone-les-bouches-du-rhone-vont-passer-en-alerte-de-niveau-2\" target=\"_blank\" rel=\"noopener\">Bouches-du-Rh\u00f4ne<\/a> expriment \u00ab\u00a0leur profonde horreur et leur vive \u00e9motion\u00a0\u00bb apr\u00e8s l&rsquo;attaque.\u00a0<\/p>\n<p>Ils poursuivent : \u00ab\u00a0\u200bFace \u00e0 cet acte barbare et odieux, perp\u00e9tr\u00e9 en raison de la haine de l&rsquo;autre et de l&rsquo;antis\u00e9mitisme, la M\u00e9tropole Aix-Marseille-Provence et le D\u00e9partement des Bouches-du-Rh\u00f4ne se tiennent fermement et solidairement aux c\u00f4t\u00e9s des victimes, de leurs familles et de la communaut\u00e9 juive, tant en Australie que dans le reste du monde et plus particuli\u00e8rement sur le territoire proven\u00e7al.\u00a0\u00bb\u00a0<\/p>\n<p>En signe d&rsquo;hommages aux victimes, \u00ab\u00a0et pour marquer leur condamnation absolue de la terreur et de l&rsquo;antis\u00e9mitisme\u00a0\u00bb, ils d\u00e9cident de mettre leurs drapeaux en berne.\u00a0<\/p>\n<p><strong>Lire aussi : <a href=\"https:\/\/maritima.fr\/actualites\/international\/monde\/10475\/australie-onze-morts-dans-une-attaque-par-balles-sur-la-plage-de-bondi-a-sydney\" target=\"_blank\" rel=\"noopener\">Australie : onze morts dans une attaque par balles sur la plage de Bondi \u00e0 Sydney<\/a><\/strong><\/p>\n","protected":false},"excerpt":{"rendered":"Apr\u00e8s l&rsquo;attaque terroriste qui a eu lieu ce dimanche 14 d\u00e9cembre sur la plage Bondi \u00e0 Sydney, la&hellip;\n","protected":false},"author":2,"featured_media":598881,"comment_status":"","ping_status":"","sticky":false,"template":"","format":"standard","meta":{"footnotes":""},"categories":[2814],"tags":[1111,11,5035,885,1777,674,1011,27,884,12,882,25],"class_list":{"0":"post-598880","1":"post","2":"type-post","3":"status-publish","4":"format-standard","5":"has-post-thumbnail","7":"category-marseille","8":"tag-actu","9":"tag-actualites","10":"tag-australie","11":"tag-bouches-du-rhone","12":"tag-eu","13":"tag-europe","14":"tag-fr","15":"tag-france","16":"tag-marseille","17":"tag-news","18":"tag-provence-alpes-cote-dazur","19":"tag-republique-francaise"},"share_on_mastodon":{"url":"https:\/\/pubeurope.com\/@fr\/115718530260801498","error":""},"_links":{"self":[{"href":"https:\/\/www.europesays.com\/fr\/wp-json\/wp\/v2\/posts\/598880","targetHints":{"allow":["GET"]}}],"collection":[{"href":"https:\/\/www.europesays.com\/fr\/wp-json\/wp\/v2\/posts"}],"about":[{"href":"https:\/\/www.europesays.com\/fr\/wp-json\/wp\/v2\/types\/post"}],"author":[{"embeddable":true,"href":"https:\/\/www.europesays.com\/fr\/wp-json\/wp\/v2\/users\/2"}],"replies":[{"embeddable":true,"href":"https:\/\/www.europesays.com\/fr\/wp-json\/wp\/v2\/comments?post=598880"}],"version-history":[{"count":0,"href":"https:\/\/www.europesays.com\/fr\/wp-json\/wp\/v2\/posts\/598880\/revisions"}],"wp:featuredmedia":[{"embeddable":true,"href":"https:\/\/www.europesays.com\/fr\/wp-json\/wp\/v2\/media\/598881"}],"wp:attachment":[{"href":"https:\/\/www.europesays.com\/fr\/wp-json\/wp\/v2\/media?parent=598880"}],"wp:term":[{"taxonomy":"category","embeddable":true,"href":"https:\/\/www.europesays.com\/fr\/wp-json\/wp\/v2\/categories?post=598880"},{"taxonomy":"post_tag","embeddable":true,"href":"https:\/\/www.europesays.com\/fr\/wp-json\/wp\/v2\/tags?post=598880"}],"curies":[{"name":"wp","href":"https:\/\/api.w.org\/{rel}","templated":true}]}}