{"id":598882,"date":"2025-12-14T15:04:19","date_gmt":"2025-12-14T15:04:19","guid":{"rendered":"https:\/\/www.europesays.com\/fr\/598882\/"},"modified":"2025-12-14T15:04:19","modified_gmt":"2025-12-14T15:04:19","slug":"une-lyonnaise-la-comedienne-lison-pennec","status":"publish","type":"post","link":"https:\/\/www.europesays.com\/fr\/598882\/","title":{"rendered":"une lyonnaise, la com\u00e9dienne Lison Pennec"},"content":{"rendered":"<p>\u00ab\u00a0Il a peur du loup\u00a0!\u00a0\u00bb, s\u2019exclame la maman du petit gar\u00e7on qui, le soir de No\u00ebl, se voir offrir une peluche de l\u2019animal dans la publicit\u00e9 cr\u00e9\u00e9e pour l\u2019enseigne Intermarch\u00e9.<\/p>\n<p>Cette maman dans le film, beaucoup de Lyonnais et pas que, l\u2019ont reconnue. Il s\u2019agit de Lison Pennec, actrice com\u00e9dienne, qui a eu du nez en participant \u00e0 ce projet.<\/p>\n<p>  Craquant<\/p>\n<p>Lison Pennec qui a grandi dans les pentes de la Croix-Rousse et d\u00e9val\u00e9 des milliers de fois, avec ses fr\u00e8res, les escaliers de la rue Jos\u00e9phin-Soulary o\u00f9 ils habitaient. Lison Pennec qui a, surtout, suivi tr\u00e8s t\u00f4t les cours d\u2019impro du Th\u00e9\u00e2tre M\u00e9tro atelier, puis ceux de Jeanine Berdin au <a href=\"https:\/\/www.leprogres.fr\/culture-loisirs\/2022\/11\/07\/le-petit-theatre-de-poche-transmet-son-art-depuis-51-ans\" target=\"_blank\" rel=\"noopener\">Petit Th\u00e9\u00e2tre de Poche<\/a> dans le Vieux-Lyon, avant de monter \u00e0 Paris et sur les planches, d\u00e9finitivement.<\/p>\n<p>Lison Pennec, enfin, mais ce n\u2019est pas une fin, <a href=\"https:\/\/www.leprogres.fr\/culture-loisirs\/2023\/04\/24\/la-lyonnaise-lison-pennec-revelation-feminine-de-la-ceremonie-des-molieres\" target=\"_blank\" rel=\"noopener\">r\u00e9v\u00e9lation f\u00e9minine<\/a> aux Moli\u00e8res en 2023, pour son r\u00f4le dans la pi\u00e8ce Glenn, naissance d\u2019un prodige d\u2019Yvan Calb\u00e9rac.<\/p>\n<p>Dans le film d\u2019animation craquant qui est en train de faire le tour du monde, la Lyonnaise, pas moins craquante, appara\u00eet au tout d\u00e9but, attendrie par la frayeur de son fils lorsqu\u2019un loup sort de son paquet-cadeau.<\/p>\n<p>  Plus de 600\u00a0millions de vues<\/p>\n<p>La suite, c\u2019est une histoire mettant en sc\u00e8ne l\u2019animal sauvage racont\u00e9e \u00e0 cet enfant qui, comme tous les enfants ou presque, a peur du Grand m\u00e9chant. Qui ne l\u2019est pas.<\/p>\n<p>Ce contenu est bloqu\u00e9 car vous n&rsquo;avez pas accept\u00e9 les cookies et autres traceurs.<\/p>\n<p>En cliquant sur \u00ab J\u2019accepte \u00bb, les cookies et autres traceurs seront d\u00e9pos\u00e9s et vous pourrez visualiser les contenus  (<a href=\"\" class=\"consentModule_policy\" target=\"_blank\" title=\"Consulter la politique de protection des donn\u00e9es du fournisseur\">plus d&rsquo;informations<\/a>).<\/p>\n<p>En cliquant sur \u00ab J\u2019accepte tous les cookies \u00bb, vous autorisez des d\u00e9p\u00f4ts de cookies et autres traceurs pour le stockage de vos donn\u00e9es sur nos sites et applications \u00e0 des fins de personnalisation et de ciblage publicitaire.<\/p>\n<p class=\"consentModule_secondaryText\">Vous gardez la possibilit\u00e9 de retirer votre consentement \u00e0 tout moment en consultant notre <a href=\"https:\/\/www.leprogres.fr\/protection-des-donnees\" target=\"_blank\" title=\"Consulter notre politique de protection des donn\u00e9es\" rel=\"noopener\">politique de protection des donn\u00e9es<\/a>. <br \/>&#13;<br \/>\n            <a href=\"https:\/\/www.leprogres.fr\/culture-loisirs\/2025\/12\/14\/javascript:Didomi.notice.show()\" class=\"consentModule_cmp\" target=\"_blank\" rel=\"noopener\">G\u00e9rer mes choix<\/a>&#13;\n        <\/p>\n<p>&#13;<br \/>\n                        J&rsquo;accepte&#13;<br \/>\n            J&rsquo;accepte tous les cookies&#13;\n        <\/p>\n<p>Dans les 2\u201933 de ce conte de No\u00ebl des temps modernes, port\u00e9 par la chanson du Mal aim\u00e9 de Claude Fran\u00e7ois, le loup, dont la voix est celle de Fred Destot, ancien acolyte d\u2019Omar Sy, renonce \u00e0 \u00eatre carnivore, devient v\u00e9g\u00e9tarien et va jusqu\u2019\u00e0 concocter une quiche aux l\u00e9gumes pour ses amis de la for\u00eat qui l\u2019acceptent alors \u00e0 leur table de f\u00eate.<\/p>\n<p>D\u2019ores et d\u00e9j\u00e0, la pub d\u2019Intermarch\u00e9, r\u00e9alis\u00e9 par le studio d\u2019animation Illogic Studios co-fond\u00e9 par Th\u00e9ophile Dufresne, totalise plus de 600\u00a0millions de vues.<\/p>\n<p>Juste avant, son message final \u00ab\u00a0Tout le monde a une bonne raison de mieux manger\u00a0\u00bb, Lison Pennec r\u00e9appara\u00eet autour de la table de No\u00ebl. Magique la petite et dingue combien ce petit film r\u00e9alis\u00e9 sans l\u2019IA nous touche.<\/p>\n","protected":false},"excerpt":{"rendered":"\u00ab\u00a0Il a peur du loup\u00a0!\u00a0\u00bb, s\u2019exclame la maman du petit gar\u00e7on qui, le soir de No\u00ebl, se voir&hellip;\n","protected":false},"author":2,"featured_media":598883,"comment_status":"","ping_status":"","sticky":false,"template":"","format":"standard","meta":{"footnotes":""},"categories":[1889],"tags":[1111,11,2430,650,1687,2757,1777,674,107,1011,27,2428,2756,12,25,2429],"class_list":{"0":"post-598882","1":"post","2":"type-post","3":"status-publish","4":"format-standard","5":"has-post-thumbnail","7":"category-lyon","8":"tag-actu","9":"tag-actualites","10":"tag-auvergne-rhone-alpes","11":"tag-cinema","12":"tag-culture-loisirs","13":"tag-edition-lyon-villeurbanne","14":"tag-eu","15":"tag-europe","16":"tag-fil-info","17":"tag-fr","18":"tag-france","19":"tag-lyon","20":"tag-lyon-bassin","21":"tag-news","22":"tag-republique-francaise","23":"tag-rhone"},"share_on_mastodon":{"url":"https:\/\/pubeurope.com\/@fr\/115718538107860160","error":""},"_links":{"self":[{"href":"https:\/\/www.europesays.com\/fr\/wp-json\/wp\/v2\/posts\/598882","targetHints":{"allow":["GET"]}}],"collection":[{"href":"https:\/\/www.europesays.com\/fr\/wp-json\/wp\/v2\/posts"}],"about":[{"href":"https:\/\/www.europesays.com\/fr\/wp-json\/wp\/v2\/types\/post"}],"author":[{"embeddable":true,"href":"https:\/\/www.europesays.com\/fr\/wp-json\/wp\/v2\/users\/2"}],"replies":[{"embeddable":true,"href":"https:\/\/www.europesays.com\/fr\/wp-json\/wp\/v2\/comments?post=598882"}],"version-history":[{"count":0,"href":"https:\/\/www.europesays.com\/fr\/wp-json\/wp\/v2\/posts\/598882\/revisions"}],"wp:featuredmedia":[{"embeddable":true,"href":"https:\/\/www.europesays.com\/fr\/wp-json\/wp\/v2\/media\/598883"}],"wp:attachment":[{"href":"https:\/\/www.europesays.com\/fr\/wp-json\/wp\/v2\/media?parent=598882"}],"wp:term":[{"taxonomy":"category","embeddable":true,"href":"https:\/\/www.europesays.com\/fr\/wp-json\/wp\/v2\/categories?post=598882"},{"taxonomy":"post_tag","embeddable":true,"href":"https:\/\/www.europesays.com\/fr\/wp-json\/wp\/v2\/tags?post=598882"}],"curies":[{"name":"wp","href":"https:\/\/api.w.org\/{rel}","templated":true}]}}