{"id":598884,"date":"2025-12-14T15:06:12","date_gmt":"2025-12-14T15:06:12","guid":{"rendered":"https:\/\/www.europesays.com\/fr\/598884\/"},"modified":"2025-12-14T15:06:12","modified_gmt":"2025-12-14T15:06:12","slug":"direct-challenge-cup-dragons-rfc-lyon-le-lou-veut-enfin-avancer-suivez-le-match-de-la-2e-journee","status":"publish","type":"post","link":"https:\/\/www.europesays.com\/fr\/598884\/","title":{"rendered":"Direct. Challenge Cup &#8211; Dragons RFC &#8211; Lyon : le Lou veut enfin avancer, suivez le match de la 2e journ\u00e9e"},"content":{"rendered":"<p>\n                Bonjour et bienvenue sur Rugbyrama pour suivre le direct comment\u00e9 du match de la deuxi\u00e8me journ\u00e9e de Challenge\u00a0Cup entre les Dragons RFC et Lyon.\u00a0\n            <\/p>\n<p>Lyon se d\u00e9place au pays de Galles chez les Dragons RFC ce dimanche.\u00a0<\/p>\n<p>Les Lyonnais doivent marquer des points apr\u00e8s avoir c\u00e9d\u00e9 face \u00e0 Newcastle la semaine derni\u00e8re.\u00a0<\/p>\n<p>L&rsquo;abitre de la rencontre est M. Russo.\u00a0<\/p>\n","protected":false},"excerpt":{"rendered":"Bonjour et bienvenue sur Rugbyrama pour suivre le direct comment\u00e9 du match de la deuxi\u00e8me journ\u00e9e de Challenge\u00a0Cup&hellip;\n","protected":false},"author":2,"featured_media":598885,"comment_status":"","ping_status":"","sticky":false,"template":"","format":"standard","meta":{"footnotes":""},"categories":[1889],"tags":[1111,11,2430,69590,1777,674,1011,27,2428,12,25,68796],"class_list":{"0":"post-598884","1":"post","2":"type-post","3":"status-publish","4":"format-standard","5":"has-post-thumbnail","7":"category-lyon","8":"tag-actu","9":"tag-actualites","10":"tag-auvergne-rhone-alpes","11":"tag-epcr-challenge-cup","12":"tag-eu","13":"tag-europe","14":"tag-fr","15":"tag-france","16":"tag-lyon","17":"tag-news","18":"tag-republique-francaise","19":"tag-rugby-u00e0-xv"},"share_on_mastodon":{"url":"https:\/\/pubeurope.com\/@fr\/115718545865806147","error":""},"_links":{"self":[{"href":"https:\/\/www.europesays.com\/fr\/wp-json\/wp\/v2\/posts\/598884","targetHints":{"allow":["GET"]}}],"collection":[{"href":"https:\/\/www.europesays.com\/fr\/wp-json\/wp\/v2\/posts"}],"about":[{"href":"https:\/\/www.europesays.com\/fr\/wp-json\/wp\/v2\/types\/post"}],"author":[{"embeddable":true,"href":"https:\/\/www.europesays.com\/fr\/wp-json\/wp\/v2\/users\/2"}],"replies":[{"embeddable":true,"href":"https:\/\/www.europesays.com\/fr\/wp-json\/wp\/v2\/comments?post=598884"}],"version-history":[{"count":0,"href":"https:\/\/www.europesays.com\/fr\/wp-json\/wp\/v2\/posts\/598884\/revisions"}],"wp:featuredmedia":[{"embeddable":true,"href":"https:\/\/www.europesays.com\/fr\/wp-json\/wp\/v2\/media\/598885"}],"wp:attachment":[{"href":"https:\/\/www.europesays.com\/fr\/wp-json\/wp\/v2\/media?parent=598884"}],"wp:term":[{"taxonomy":"category","embeddable":true,"href":"https:\/\/www.europesays.com\/fr\/wp-json\/wp\/v2\/categories?post=598884"},{"taxonomy":"post_tag","embeddable":true,"href":"https:\/\/www.europesays.com\/fr\/wp-json\/wp\/v2\/tags?post=598884"}],"curies":[{"name":"wp","href":"https:\/\/api.w.org\/{rel}","templated":true}]}}