{"id":598894,"date":"2025-12-14T15:12:13","date_gmt":"2025-12-14T15:12:13","guid":{"rendered":"https:\/\/www.europesays.com\/fr\/598894\/"},"modified":"2025-12-14T15:12:13","modified_gmt":"2025-12-14T15:12:13","slug":"arrivee-du-quinte-du-dimanche-14-decembre-a-paris-vincennes-lincroyable-remontada-de-jean-michel-bazire-avec-jobspost","status":"publish","type":"post","link":"https:\/\/www.europesays.com\/fr\/598894\/","title":{"rendered":"Arriv\u00e9e du quint\u00e9 du dimanche 14\u00a0d\u00e9cembre \u00e0 Paris-Vincennes\u00a0: l\u2019incroyable remontada de Jean-Michel Bazire avec Jobspost"},"content":{"rendered":"<p class=\"paragraph text_align_left lp-f-body-02\">Apr\u00e8s la victoire de Jobspost (n\u00b0 8) sous la poigne de <a href=\"https:\/\/www.leparisien.fr\/sports\/hippisme\/le-plus-glorifiant-fier-la-legende-jean-michel-bazire-ouvre-lalbum-souvenirs-de-ses-prix-damerique-27-01-2024-TEAIAIARP5HM3PN4Y6KUYX6URI.php\" target=\"_blank\" rel=\"noreferrer noopener\">Jean-Michel Bazire<\/a>, les plus nostalgiques auront une pens\u00e9e pour l\u2019ancien meilleur ennemi du \u00ab Zidane des courses \u00bb, \u00e0 savoir Jos Verbeeck, quand ce dernier a remport\u00e9 le <a href=\"https:\/\/www.youtube.com\/watch?v=0QP7H2iMMF4\" target=\"_blank\" rel=\"noreferrer noopener\">Prix d\u2019Am\u00e9rique 1998<\/a> avec Dryade des Bois apr\u00e8s avoir perdu un terrain consid\u00e9rable au d\u00e9part.<\/p>\n<p>\u00ab C\u2019est incroyable ce qu\u2019il a fait \u00bb<\/p>\n<p class=\"\">Ce dimanche, le cheval su\u00e9dois a bien failli \u00ab planter \u00bb ses nombreux preneurs pour la troisi\u00e8me fois cons\u00e9cutive puisqu\u2019il s\u2019\u00e9tait d\u00e9j\u00e0 \u00e9lanc\u00e9 au galop lors de ses deux plus r\u00e9centes sorties. Compl\u00e8tement repris par JMB pour \u00ab retomber au trot \u00bb , il a ainsi perdu une cinquantaine de m\u00e8tres. Apr\u00e8s avoir progressivement recoll\u00e9, il s\u2019est retrouv\u00e9 \u00e0 port\u00e9e de fusil des chevaux de t\u00eate dans le dernier tournant et s\u2019est montr\u00e9 le plus fort dans la ligne droite. Malgr\u00e9 son exp\u00e9rience, Jean-Michel Bazire \u00e9tait d\u2019accord pour dire que son partenaire \u00e9tait parvenu \u00e0 r\u00e9aliser une performance rare : \u00ab C\u2019est incroyable ce qu\u2019il a fait. Le cheval \u00e9tait tranquille dans les raquettes de d\u00e9part, et c\u2019est comme s\u2019il avait pris un coup de jus (sic) en partant\u2026 Il faut redoubler de vigilance, car il est sp\u00e9cial. Ensuite, j\u2019ai bien voyag\u00e9 et, dans le dernier tournant, j\u2019\u00e9tais \u00e0 peu pr\u00e8s s\u00fbr de mon fait. \u00c0 mi-ligne droite, il avait un peu les jambes lourdes mais a bon c\u0153ur et s\u2019est arrach\u00e9 jusqu\u2019au bout. \u00bb<\/p>\n<blockquote class=\"twitter-tweet\">\n<p lang=\"fr\" dir=\"ltr\">\ud83e\udd47 Apr\u00e8s avoir perdu quasiment toute chance au d\u00e9part \ud835\udddd\ud835\uddfc\ud835\uddef\ud835\ude00\ud835\uddfd\ud835\uddfc\ud835\ude00\ud835\ude01 (J.-M. Bazire &#8211; J. Westholm) surprend tout le monde et s&rsquo;impose dans le Prix de Briare, Quint\u00e9+ du jour \u00e0 Vincennes. <\/p>\n<p>\ud83c\udfc1: 8 &#8211; 14 &#8211; 6 &#8211; 16 &#8211; 5 <a href=\"https:\/\/t.co\/9RQ1zIcSIz\">pic.twitter.com\/9RQ1zIcSIz<\/a><\/p>\n<p>\u2014 Equidia (@equidia) <a href=\"https:\/\/twitter.com\/equidia\/status\/2000211074461638762?ref_src=twsrc%5Etfw\" target=\"_blank\" rel=\"noopener\">December 14, 2025<\/a><\/p><\/blockquote>\n<p class=\"\">Sans ce retour improbable, <a href=\"https:\/\/www.letrot.com\/stats\/chevaux\/FREEDOM-%28NOR%29\/ZGJaZgcABAsW\/courses\" target=\"_blank\" rel=\"noreferrer noopener\">Freedom<\/a> (n\u00b0 13), maintenu apr\u00e8s enqu\u00eate, aurait permis \u00e0 <a href=\"https:\/\/www.leparisien.fr\/sports\/hippisme\/quinte-du-dimanche-14-decembre-a-paris-vincennes-olivier-et-eric-raffin-la-fratrie-ambitieuse-avec-freedom-13-12-2025-EH2JL35ZVFHVLLJ7Y663O7S4SA.php\" target=\"_blank\" rel=\"noreferrer noopener\">Olivier et \u00c9ric Raffin<\/a> de signer une victoire symbolique. Le hongre de 7 ans n\u2019a pas \u00e0 rougir de sa deuxi\u00e8me place obtenue aux d\u00e9pens de Jacomo Bello (n\u00b0 6), incontestablement revenu au mieux. Quatri\u00e8me, <a href=\"https:\/\/www.kiosque.leparisien.fr\/\" target=\"_blank\" rel=\"noreferrer noopener\">le favori de notre titre<\/a>, Jolivert du Gers (n\u00b0 16) est \u00e0 cr\u00e9diter d\u2019une belle fin de course et devance Dylan Dog Font (n\u00b0 5), qui \u00e9tait \u00e0 la cote de 82\/1\u2026<\/p>\n<p><script async src=\"https:\/\/platform.twitter.com\/widgets.js\" charset=\"utf-8\"><\/script><\/p>\n","protected":false},"excerpt":{"rendered":"Apr\u00e8s la victoire de Jobspost (n\u00b0 8) sous la poigne de Jean-Michel Bazire, les plus nostalgiques auront une&hellip;\n","protected":false},"author":2,"featured_media":598895,"comment_status":"","ping_status":"","sticky":false,"template":"","format":"standard","meta":{"footnotes":""},"categories":[1888],"tags":[11,1777,674,1011,27,11462,12,626,25,60],"class_list":{"0":"post-598894","1":"post","2":"type-post","3":"status-publish","4":"format-standard","5":"has-post-thumbnail","7":"category-paris","8":"tag-actualites","9":"tag-eu","10":"tag-europe","11":"tag-fr","12":"tag-france","13":"tag-hippisme","14":"tag-news","15":"tag-paris","16":"tag-republique-francaise","17":"tag-sports"},"share_on_mastodon":{"url":"","error":""},"_links":{"self":[{"href":"https:\/\/www.europesays.com\/fr\/wp-json\/wp\/v2\/posts\/598894","targetHints":{"allow":["GET"]}}],"collection":[{"href":"https:\/\/www.europesays.com\/fr\/wp-json\/wp\/v2\/posts"}],"about":[{"href":"https:\/\/www.europesays.com\/fr\/wp-json\/wp\/v2\/types\/post"}],"author":[{"embeddable":true,"href":"https:\/\/www.europesays.com\/fr\/wp-json\/wp\/v2\/users\/2"}],"replies":[{"embeddable":true,"href":"https:\/\/www.europesays.com\/fr\/wp-json\/wp\/v2\/comments?post=598894"}],"version-history":[{"count":0,"href":"https:\/\/www.europesays.com\/fr\/wp-json\/wp\/v2\/posts\/598894\/revisions"}],"wp:featuredmedia":[{"embeddable":true,"href":"https:\/\/www.europesays.com\/fr\/wp-json\/wp\/v2\/media\/598895"}],"wp:attachment":[{"href":"https:\/\/www.europesays.com\/fr\/wp-json\/wp\/v2\/media?parent=598894"}],"wp:term":[{"taxonomy":"category","embeddable":true,"href":"https:\/\/www.europesays.com\/fr\/wp-json\/wp\/v2\/categories?post=598894"},{"taxonomy":"post_tag","embeddable":true,"href":"https:\/\/www.europesays.com\/fr\/wp-json\/wp\/v2\/tags?post=598894"}],"curies":[{"name":"wp","href":"https:\/\/api.w.org\/{rel}","templated":true}]}}