{"id":598899,"date":"2025-12-14T15:15:25","date_gmt":"2025-12-14T15:15:25","guid":{"rendered":"https:\/\/www.europesays.com\/fr\/598899\/"},"modified":"2025-12-14T15:15:25","modified_gmt":"2025-12-14T15:15:25","slug":"affaire-epstein-deux-banques-suisses-dans-le-viseur-des-usa","status":"publish","type":"post","link":"https:\/\/www.europesays.com\/fr\/598899\/","title":{"rendered":"Affaire Epstein: deux banques suisses dans le viseur des USA"},"content":{"rendered":"<p>Parall\u00e8lement, une enqu\u00eate montre que, dans les ann\u00e9es 1990, le r\u00e9seau de Jeffrey Epstein s\u2019\u00e9tendait jusqu\u2019en Suisse. Apr\u00e8s la d\u00e9couverte d&rsquo;une longue correspondance entre le financier <a href=\"https:\/\/www.20min.ch\/fr\/story\/jeffrey-epstein-les-pistes-genevoises-et-suisses-du-predateur-sexuel-103465328\" target=\"_blank\" rel=\"noopener\">et une jeune danseuse de ballet install\u00e9e \u00e0 Gen\u00e8ve<\/a>, une ancienne finaliste de Miss Suisse affirme avoir \u00e9t\u00e9 importun\u00e9e par le milliardaire \u00e0 New York en 1993, lors d\u2019un concours de beaut\u00e9 organis\u00e9 par Donald Trump. Le d\u00e9linquant sexuel aurait tent\u00e9 de la recruter en lui promettant\u00a0argent, visa et nouvelle vie aux USA. \u00abEpstein s&rsquo;est pr\u00e9sent\u00e9 \u00e0 moi en marge du concours comme \u00e9tant le meilleur ami de Trump\u00bb, d\u00e9clare la femme, aujourd&rsquo;hui \u00e2g\u00e9e de 55 ans. Il serait devenu tr\u00e8s insistant, apr\u00e8s qu&rsquo;elle ait refus\u00e9 d&rsquo;aller \u00e0 une f\u00eate \u00e0 Mar-a-Lago, la propri\u00e9t\u00e9 de Trump en Floride. Traumatis\u00e9e, la jeune femme, qui avait accus\u00e9 il y a un an le pr\u00e9sident am\u00e9ricain de l&rsquo;avoir \u00e9galement\u00a0gravement harcel\u00e9e sexuellement dans une suite d\u2019h\u00f4tel \u00e0 cette \u00e9poque, rentrera en Suisse et abandonnera le mannequinat.<\/p>\n","protected":false},"excerpt":{"rendered":"Parall\u00e8lement, une enqu\u00eate montre que, dans les ann\u00e9es 1990, le r\u00e9seau de Jeffrey Epstein s\u2019\u00e9tendait jusqu\u2019en Suisse. Apr\u00e8s&hellip;\n","protected":false},"author":2,"featured_media":598900,"comment_status":"","ping_status":"","sticky":false,"template":"","format":"standard","meta":{"footnotes":""},"categories":[1589],"tags":[11,73,1866,12,1864,1865,1863,308],"class_list":{"0":"post-598899","1":"post","2":"type-post","3":"status-publish","4":"format-standard","5":"has-post-thumbnail","7":"category-etats-unis","8":"tag-actualites","9":"tag-etats-unis","10":"tag-etats-unis-damerique","11":"tag-news","12":"tag-united-states","13":"tag-united-states-of-america","14":"tag-us","15":"tag-usa"},"share_on_mastodon":{"url":"https:\/\/pubeurope.com\/@fr\/115718581622714798","error":""},"_links":{"self":[{"href":"https:\/\/www.europesays.com\/fr\/wp-json\/wp\/v2\/posts\/598899","targetHints":{"allow":["GET"]}}],"collection":[{"href":"https:\/\/www.europesays.com\/fr\/wp-json\/wp\/v2\/posts"}],"about":[{"href":"https:\/\/www.europesays.com\/fr\/wp-json\/wp\/v2\/types\/post"}],"author":[{"embeddable":true,"href":"https:\/\/www.europesays.com\/fr\/wp-json\/wp\/v2\/users\/2"}],"replies":[{"embeddable":true,"href":"https:\/\/www.europesays.com\/fr\/wp-json\/wp\/v2\/comments?post=598899"}],"version-history":[{"count":0,"href":"https:\/\/www.europesays.com\/fr\/wp-json\/wp\/v2\/posts\/598899\/revisions"}],"wp:featuredmedia":[{"embeddable":true,"href":"https:\/\/www.europesays.com\/fr\/wp-json\/wp\/v2\/media\/598900"}],"wp:attachment":[{"href":"https:\/\/www.europesays.com\/fr\/wp-json\/wp\/v2\/media?parent=598899"}],"wp:term":[{"taxonomy":"category","embeddable":true,"href":"https:\/\/www.europesays.com\/fr\/wp-json\/wp\/v2\/categories?post=598899"},{"taxonomy":"post_tag","embeddable":true,"href":"https:\/\/www.europesays.com\/fr\/wp-json\/wp\/v2\/tags?post=598899"}],"curies":[{"name":"wp","href":"https:\/\/api.w.org\/{rel}","templated":true}]}}