{"id":598903,"date":"2025-12-14T15:17:22","date_gmt":"2025-12-14T15:17:22","guid":{"rendered":"https:\/\/www.europesays.com\/fr\/598903\/"},"modified":"2025-12-14T15:17:22","modified_gmt":"2025-12-14T15:17:22","slug":"mondial-feminin-de-handball-cet-apres-midi-la-finale-allemagne","status":"publish","type":"post","link":"https:\/\/www.europesays.com\/fr\/598903\/","title":{"rendered":"Mondial f\u00e9minin de handball : Cet apr\u00e8s-midi, la finale Allemagne"},"content":{"rendered":"<p>Elle y retrouvera la Norv\u00e8ge avec quatre titres mondiaux \u00e0 son actif. <br \/>Battues par la France lors de la finale de l\u2019\u00e9dition 2023, les Norv\u00e9giennes auront \u00e0 c\u0153ur de prendre leur revanche et de d\u00e9crocher une cinqui\u00e8me couronne mondiale <br \/>C\u00f4t\u00e9 allemand, le palmar\u00e8s reste plus discret depuis la r\u00e9unification, avec un seul titre mondial remport\u00e9 en 1993. <br \/>La petite finale pour la m\u00e9daille de bronze aura oppos\u00e9 la France aux Pays-Bas ce dimanche \u00e0 14h30.<\/p>\n","protected":false},"excerpt":{"rendered":"Elle y retrouvera la Norv\u00e8ge avec quatre titres mondiaux \u00e0 son actif. Battues par la France lors de&hellip;\n","protected":false},"author":2,"featured_media":598904,"comment_status":"","ping_status":"","sticky":false,"template":"","format":"standard","meta":{"footnotes":""},"categories":[1587],"tags":[11,5024,5025,5026,258,672,5028,1659,1804,5029,5027,251,1805,1803,33,2518,1283,1777,674,1801,1757,1393,985,12,316,1802,104,517,5030],"class_list":{"0":"post-598903","1":"post","2":"type-post","3":"status-publish","4":"format-standard","5":"has-post-thumbnail","7":"category-allemagne","8":"tag-actualites","9":"tag-actualites-et-infos-au-maroc","10":"tag-actualites-et-infos-mondiale","11":"tag-actualites-marocaines-du-jour","12":"tag-alimentation","13":"tag-allemagne","14":"tag-analyses","15":"tag-art-de-vivre","16":"tag-bundesrepublik-deutschland","17":"tag-chronique","18":"tag-consommation-et-bien-etre","19":"tag-culture","20":"tag-de","21":"tag-deutschland","22":"tag-economie","23":"tag-edito","24":"tag-etudes","25":"tag-eu","26":"tag-europe","27":"tag-germany","28":"tag-insolite","29":"tag-loisirs","30":"tag-mode","31":"tag-news","32":"tag-politique","33":"tag-republique-federale-dallemagne","34":"tag-societe","35":"tag-sport","36":"tag-tribune"},"share_on_mastodon":{"url":"https:\/\/pubeurope.com\/@fr\/115718589387220327","error":""},"_links":{"self":[{"href":"https:\/\/www.europesays.com\/fr\/wp-json\/wp\/v2\/posts\/598903","targetHints":{"allow":["GET"]}}],"collection":[{"href":"https:\/\/www.europesays.com\/fr\/wp-json\/wp\/v2\/posts"}],"about":[{"href":"https:\/\/www.europesays.com\/fr\/wp-json\/wp\/v2\/types\/post"}],"author":[{"embeddable":true,"href":"https:\/\/www.europesays.com\/fr\/wp-json\/wp\/v2\/users\/2"}],"replies":[{"embeddable":true,"href":"https:\/\/www.europesays.com\/fr\/wp-json\/wp\/v2\/comments?post=598903"}],"version-history":[{"count":0,"href":"https:\/\/www.europesays.com\/fr\/wp-json\/wp\/v2\/posts\/598903\/revisions"}],"wp:featuredmedia":[{"embeddable":true,"href":"https:\/\/www.europesays.com\/fr\/wp-json\/wp\/v2\/media\/598904"}],"wp:attachment":[{"href":"https:\/\/www.europesays.com\/fr\/wp-json\/wp\/v2\/media?parent=598903"}],"wp:term":[{"taxonomy":"category","embeddable":true,"href":"https:\/\/www.europesays.com\/fr\/wp-json\/wp\/v2\/categories?post=598903"},{"taxonomy":"post_tag","embeddable":true,"href":"https:\/\/www.europesays.com\/fr\/wp-json\/wp\/v2\/tags?post=598903"}],"curies":[{"name":"wp","href":"https:\/\/api.w.org\/{rel}","templated":true}]}}