{"id":598918,"date":"2025-12-14T15:30:27","date_gmt":"2025-12-14T15:30:27","guid":{"rendered":"https:\/\/www.europesays.com\/fr\/598918\/"},"modified":"2025-12-14T15:30:27","modified_gmt":"2025-12-14T15:30:27","slug":"soren-bruyere-joumard-toujours-des-choses-a-perfectionner-actualite","status":"publish","type":"post","link":"https:\/\/www.europesays.com\/fr\/598918\/","title":{"rendered":"Soren Bruy\u00e8re Joumard : \u00ab\u00a0Toujours des choses \u00e0 perfectionner\u00a0\u00bb &#8211; Actualit\u00e9"},"content":{"rendered":"<p style=\"text-align: justify;\">Pas de grand chelem pour<strong> <a href=\"https:\/\/www.directvelo.com\/coureur\/53220\/soren-bruyere-joumard\" target=\"_blank\" rel=\"noopener\">Soren Bruy\u00e8re Joumard<\/a><\/strong>. Double vainqueur des manches d&rsquo;Albi et de Quelneuc, le vainqueur de Tabor en Coupe du Monde a d\u00fb se contenter de la <a href=\"https:\/\/www.directvelo.com\/actualite\/125893\/cc-coupe-de-france-ouistreham-u19-hommes-victor-devos-1er\" target=\"_blank\" rel=\"noopener\"><strong>3e place de la derni\u00e8re manche de la Coupe de France<\/strong><\/a>, sur le sable de Ouistreham. \u00ab\u00a0C&rsquo;\u00e9tait vraiment un circuit sp\u00e9cifique avec beaucoup de sable. Il n&rsquo;y avait vraiment pas de possibilit\u00e9 de r\u00e9cup\u00e9rer. Les parties roulantes \u00e9taient plac\u00e9es entre deux passages de sable. On avait rapidement le c\u0153ur tr\u00e8s haut et c&rsquo;\u00e9tait assez dur de pouvoir r\u00e9cup\u00e9rer et de ne pas perdre de temps\u00a0\u00bb, raconte-t-il \u00e0 DirectVelo.\u00a0<\/p>\n<p style=\"text-align: justify;\">Au d\u00e9but du mois de novembre, le soci\u00e9taire de Cyclisme Seyssinet-Seyssins avait d\u00e9j\u00e0 eu du mal <a href=\"https:\/\/www.directvelo.com\/actualite\/125216\/soren-bruyere-joumard-deux-chutes-ont-eu-raison-de-ses-chances\" target=\"_blank\" rel=\"noopener\"><strong>dans le sable de Middelkerke, au Championnat d&rsquo;Europe<\/strong><\/a>. \u00ab\u00a0Pour l&rsquo;instant, le sable ne me sourit pas, reconna\u00eet-il, mais \u00e7a me sourira \u00e0 un moment ou un autre\u00a0\u00bb.<\/p>\n<p><strong>DES ERREURS TECHNIQUES, LE C\u0152UR TR\u00c8S HAUT<\/strong><\/p>\n<p>Sur le circuit de Ouistreham, il a d\u00fb laisser partir Victor Devos puis Soen Le Pann. Apr\u00e8s le d\u00e9part tr\u00e8s rapide, \u00ab\u00a0le c\u0153ur est mont\u00e9 tr\u00e8s haut et \u00e7a fait vite des erreurs techniques et \u00e7a s&rsquo;est jou\u00e9 \u00e0 celui qui faisait la plus grosse erreur. Soen \u00e9tait devant moi il a fait une l\u00e9g\u00e8re erreur et qui a laiss\u00e9 partir Victor mais c&rsquo;est la course\u00a0\u00bb, d\u00e9taille-t-il. \u00ab\u00a0Victor \u00e9tait tr\u00e8s fort aujourd&rsquo;hui, Soen aussi et moi peut-\u00eatre un peu moins que d&rsquo;habitude, conc\u00e8de-t-il. Ce n&rsquo;est pas une d\u00e9ception et on va retourner au travail avant Coxyde. Il y a toujours des choses \u00e0 perfectionner\u00a0\u00bb. Pour ne rien arranger, sa p\u00e9dale est venue taper l&rsquo;arri\u00e8re de son genou en descendant de machine. \u00ab\u00a0On va surveiller \u00e7a\u00a0\u00bb.<\/p>\n<p>Mais Soren Bruy\u00e8re Joumard ne repart pas les mains vides de Normandie. Il remporte pour la deuxi\u00e8me ann\u00e9e la Coupe de France de cyclo-cross. \u00ab\u00a0C&rsquo;est d\u00e9j\u00e0 un bon passage de ma saison Junior\u00a0\u00bb. Dimanche prochain, il retrouvera \u00e0 Coxyde la Coupe du Monde&#8230; et le sable. \u00ab\u00a0Pour les Fran\u00e7ais, ce n&rsquo;est pas notre endroit pr\u00e9f\u00e9r\u00e9. Le sable est plus fin qu&rsquo;ici. Quand tu sors des traces c&rsquo;est plus facile d&rsquo;y revenir qu&rsquo;\u00e0 Ouistreham o\u00f9 le sable est tr\u00e8s lourd\u00a0\u00bb.<\/p>\n","protected":false},"excerpt":{"rendered":"Pas de grand chelem pour Soren Bruy\u00e8re Joumard. Double vainqueur des manches d&rsquo;Albi et de Quelneuc, le vainqueur&hellip;\n","protected":false},"author":2,"featured_media":598919,"comment_status":"","ping_status":"","sticky":false,"template":"","format":"standard","meta":{"footnotes":""},"categories":[1411],"tags":[834,828,836,829,837,827,83,826,824,823,1154,207,814,817,815,816,822,821,832,211,839,1011,27,820,818,819,835,831,830,833,838,60,212,208,825],"class_list":{"0":"post-598918","1":"post","2":"type-post","3":"status-publish","4":"format-standard","5":"has-post-thumbnail","7":"category-cyclisme","8":"tag-attaque","9":"tag-belgique","10":"tag-braquet","11":"tag-bretagne","12":"tag-chute","13":"tag-competition","14":"tag-coupe-de-france","15":"tag-coureur","16":"tag-course-cyclisme","17":"tag-course-cycliste","18":"tag-cycling","19":"tag-cyclisme","20":"tag-direct","21":"tag-direct-velo","22":"tag-directvelo","23":"tag-directvelo-com","24":"tag-epreuve","25":"tag-epreuve-cycliste","26":"tag-federation-francaise-de-cyclisme","27":"tag-ffc","28":"tag-flandres","29":"tag-fr","30":"tag-france","31":"tag-live","32":"tag-live-course","33":"tag-live-epreuve","34":"tag-peloton","35":"tag-radio-peloton","36":"tag-radio-tour","37":"tag-ravitaillement","38":"tag-relance","39":"tag-sports","40":"tag-uci","41":"tag-velo","42":"tag-velos"},"share_on_mastodon":{"url":"https:\/\/pubeurope.com\/@fr\/115718640334665004","error":""},"_links":{"self":[{"href":"https:\/\/www.europesays.com\/fr\/wp-json\/wp\/v2\/posts\/598918","targetHints":{"allow":["GET"]}}],"collection":[{"href":"https:\/\/www.europesays.com\/fr\/wp-json\/wp\/v2\/posts"}],"about":[{"href":"https:\/\/www.europesays.com\/fr\/wp-json\/wp\/v2\/types\/post"}],"author":[{"embeddable":true,"href":"https:\/\/www.europesays.com\/fr\/wp-json\/wp\/v2\/users\/2"}],"replies":[{"embeddable":true,"href":"https:\/\/www.europesays.com\/fr\/wp-json\/wp\/v2\/comments?post=598918"}],"version-history":[{"count":0,"href":"https:\/\/www.europesays.com\/fr\/wp-json\/wp\/v2\/posts\/598918\/revisions"}],"wp:featuredmedia":[{"embeddable":true,"href":"https:\/\/www.europesays.com\/fr\/wp-json\/wp\/v2\/media\/598919"}],"wp:attachment":[{"href":"https:\/\/www.europesays.com\/fr\/wp-json\/wp\/v2\/media?parent=598918"}],"wp:term":[{"taxonomy":"category","embeddable":true,"href":"https:\/\/www.europesays.com\/fr\/wp-json\/wp\/v2\/categories?post=598918"},{"taxonomy":"post_tag","embeddable":true,"href":"https:\/\/www.europesays.com\/fr\/wp-json\/wp\/v2\/tags?post=598918"}],"curies":[{"name":"wp","href":"https:\/\/api.w.org\/{rel}","templated":true}]}}