{"id":598922,"date":"2025-12-14T15:34:15","date_gmt":"2025-12-14T15:34:15","guid":{"rendered":"https:\/\/www.europesays.com\/fr\/598922\/"},"modified":"2025-12-14T15:34:15","modified_gmt":"2025-12-14T15:34:15","slug":"serge-lama-incapable-de-rester-debout-casse-de-partout-le-chanteur-de-82-ans-se-livre-sur-son-etat-de-sante","status":"publish","type":"post","link":"https:\/\/www.europesays.com\/fr\/598922\/","title":{"rendered":"Serge Lama incapable de rester debout : \u00ab\u00a0cass\u00e9 de partout\u00a0\u00bb, le chanteur de 82 ans se livre sur son \u00e9tat de sant\u00e9"},"content":{"rendered":"<p>Figure embl\u00e9matique de la chanson fran\u00e7aise. <strong>Serge Lama<br \/>\nest aujourd&rsquo;hui \u00e2g\u00e9 de 82 ans.<\/strong> Plut\u00f4t rare dans les m\u00e9dias<br \/>\nces derni\u00e8res ann\u00e9es. Le c\u00e9l\u00e8bre musicien a accord\u00e9 une longue<br \/>\ninterview \u00e0 <a href=\"https:\/\/www.latribune.fr\/article\/la-tribune-dimanche\/culture-lifestyle\/musique\/80782630334512\/serge-lama-j-ai-enfin-ce-dont-je-revais-a-40-ans\" target=\"_blank\" rel=\"nofollow noopener\">La Tribune du<br \/>\nDimanche<\/a> le dimanche 14 d\u00e9cembre 2025. Au cour de cet<br \/>\nentretien, le chanteur a notamment \u00e9voqu\u00e9 son \u00e9tat de sant\u00e9.<\/p>\n<p>\u00ab\u00a0Je suis encore l\u00e0. Mon corps est cass\u00e9 de partout, je ne<br \/>\npeux plus rester debout, mais mon c\u0153ur bat depuis plus de vingt ans<br \/>\npour Luana, <a href=\"https:\/\/www.closermag.fr\/people\/serge-lama-suzanne-gabriello-liliane-benelli-michele-chauvier-luana-les-quatre-femmes-de-sa-vie-1677419\" target=\"_blank\" rel=\"noopener\"><br \/>\nune femme merveilleuse de trente-cinq ans ma cadette<\/a>.<br \/>\n<strong>Ma vie n\u2019a \u00e9t\u00e9 qu\u2019une suite de combats.<\/strong>\u00a0La<br \/>\nperte de mon grand amour, l\u2019hostilit\u00e9 du m\u00e9tier, des claques, des<br \/>\nbides\u2026\u00a0\u00bb, a premi\u00e8rement r\u00e9v\u00e9l\u00e9 Serge Lama.<\/p>\n<p>Serge Lama : \u00ab\u00a0\u00c0 82\u202fans, j\u2019ai enfin tout ce dont je r\u00eavais \u00e0<br \/>\n40\u00a0\u00bb<\/p>\n<p>\u00ab\u00a0Je me suis toujours senti un peu \u00e0 part dans ce milieu. On<br \/>\ncritiquait mon physique, ma mani\u00e8re de m\u2019habiller. J\u2019\u00e9tais un<br \/>\nancien pauvre, et \u00e7a d\u00e9rangeait. Puis, quand j\u2019ai fait le Palais<br \/>\ndes Congr\u00e8s pour la premi\u00e8re fois en 1975, les journalistes ont<br \/>\ncommenc\u00e9 \u00e0 s\u2019int\u00e9resser \u00e0 moi. <strong>Et plus le succ\u00e8s<br \/>\ngrandissait, moins ils m\u2019appr\u00e9ciaient.<\/strong> \u00c0 juste titre, je<br \/>\nvoulais tellement r\u00e9ussir que je devais \u00eatre insupportable en<br \/>\ninterview\u00a0\u00bb, a ensuite ajout\u00e9 le musicien.<\/p>\n<p>\u00ab\u00a0Puis r\u00e9cemment, <a href=\"https:\/\/www.telestar.fr\/actu-tv\/exclu.-serge-lama-j-ai-eu-de-la-chance-au-cours-de-ma-vie-sexuelle-799945\" target=\"_blank\" rel=\"noopener\"><br \/>\nFrance\u202f3 m\u2019a consacr\u00e9 une soir\u00e9e sp\u00e9ciale<\/a> avec le monde de la<br \/>\nchanson pour me rendre hommage. Je reste encore boulevers\u00e9 par tant<br \/>\nde tendresse. Alors, oui, <strong>j\u2019ai de la chance car on ne m\u2019a<br \/>\npas oubli\u00e9.<\/strong> \u00c0 82\u202fans, j\u2019ai enfin tout ce dont je r\u00eavais \u00e0<br \/>\n40&Prime;, a \u00e9galement pr\u00e9cis\u00e9 Serge Lama. Le chanteur est \u00e9galement<br \/>\nrevenu sur le terrible accident de voiture dont il fut victime au<br \/>\ntout d\u00e9but de sa carri\u00e8re. Une \u00e9preuve qui l&rsquo;a profond\u00e9ment<br \/>\ntransform\u00e9.<\/p>\n<p>Le chanteur a bien failli ne jamais<br \/>\nfaire carri\u00e8re sur sc\u00e8ne<\/p>\n<p>\u00ab\u00a0Il y a eu le Serge timide, mal dans sa peau, puis le Serge<br \/>\nhabit\u00e9 par une rage d\u2019\u00eatre le premier. J\u2019\u00e9tais devenu arrogant,<br \/>\npresque insupportable. <strong>Mais j\u2019avais besoin de le clamer<br \/>\npour y croire.<\/strong> J\u2019aurais pu ne jamais rechanter si mon ami<br \/>\nMarcel Amont n\u2019avait pas cri\u00e9 aux m\u00e9decins\u2009: &lsquo;Attention, c\u2019est un<br \/>\nchanteur\u2009!&rsquo;. <a href=\"https:\/\/www.closermag.fr\/people\/video-serge-lama-se-confie-sur-le-terrible-accident-qui-a-coute-la-vie-a-sa-fian-779470\" target=\"_blank\" rel=\"noopener\"><br \/>\nIl les a dissuad\u00e9s de me trach\u00e9otomiser<\/a> pendant mes<br \/>\nquarante-huit heures de coma\u00a0\u00bb, a ainsi r\u00e9v\u00e9l\u00e9 Serge Lama.<\/p>\n<p>\u00ab\u00a0Je ne me fais aucune illusion. Je ne suis ni Brel, ni<br \/>\nBrassens, ni Souchon, ni Cabrel. Quand je dispara\u00eetrai, ceux qui<br \/>\nm\u2019aiment viendront me voir au cimeti\u00e8re de Montparnasse et on dira<br \/>\nde moi\u2009: &lsquo;C\u2019\u00e9tait un chanteur \u00e0 voix, un gars qui a \u00e9crit quelques<br \/>\nbelles chansons&rsquo;. <strong>\u00c7a ne me pose aucun probl\u00e8me<br \/>\nd\u2019ego<\/strong>\u00ab\u00a0, a finalement conclu la l\u00e9gende vivante de la<br \/>\nchanson fran\u00e7aise.<\/p>\n","protected":false},"excerpt":{"rendered":"Figure embl\u00e9matique de la chanson fran\u00e7aise. Serge Lama est aujourd&rsquo;hui \u00e2g\u00e9 de 82 ans. Plut\u00f4t rare dans les&hellip;\n","protected":false},"author":2,"featured_media":598923,"comment_status":"","ping_status":"","sticky":false,"template":"","format":"standard","meta":{"footnotes":""},"categories":[1359],"tags":[21303,58,59,1011,27,70426,973],"class_list":{"0":"post-598922","1":"post","2":"type-post","3":"status-publish","4":"format-standard","5":"has-post-thumbnail","7":"category-people","8":"tag-buzz_nonli","9":"tag-divertissement","10":"tag-entertainment","11":"tag-fr","12":"tag-france","13":"tag-marfeel_news","14":"tag-people"},"share_on_mastodon":{"url":"https:\/\/pubeurope.com\/@fr\/115718656293029585","error":""},"_links":{"self":[{"href":"https:\/\/www.europesays.com\/fr\/wp-json\/wp\/v2\/posts\/598922","targetHints":{"allow":["GET"]}}],"collection":[{"href":"https:\/\/www.europesays.com\/fr\/wp-json\/wp\/v2\/posts"}],"about":[{"href":"https:\/\/www.europesays.com\/fr\/wp-json\/wp\/v2\/types\/post"}],"author":[{"embeddable":true,"href":"https:\/\/www.europesays.com\/fr\/wp-json\/wp\/v2\/users\/2"}],"replies":[{"embeddable":true,"href":"https:\/\/www.europesays.com\/fr\/wp-json\/wp\/v2\/comments?post=598922"}],"version-history":[{"count":0,"href":"https:\/\/www.europesays.com\/fr\/wp-json\/wp\/v2\/posts\/598922\/revisions"}],"wp:featuredmedia":[{"embeddable":true,"href":"https:\/\/www.europesays.com\/fr\/wp-json\/wp\/v2\/media\/598923"}],"wp:attachment":[{"href":"https:\/\/www.europesays.com\/fr\/wp-json\/wp\/v2\/media?parent=598922"}],"wp:term":[{"taxonomy":"category","embeddable":true,"href":"https:\/\/www.europesays.com\/fr\/wp-json\/wp\/v2\/categories?post=598922"},{"taxonomy":"post_tag","embeddable":true,"href":"https:\/\/www.europesays.com\/fr\/wp-json\/wp\/v2\/tags?post=598922"}],"curies":[{"name":"wp","href":"https:\/\/api.w.org\/{rel}","templated":true}]}}