{"id":598924,"date":"2025-12-14T15:35:16","date_gmt":"2025-12-14T15:35:16","guid":{"rendered":"https:\/\/www.europesays.com\/fr\/598924\/"},"modified":"2025-12-14T15:35:16","modified_gmt":"2025-12-14T15:35:16","slug":"retrouvee-par-hasard-en-normandie-une-grande-sculpture-daigle-de-napoleon-installee-aux-invalides","status":"publish","type":"post","link":"https:\/\/www.europesays.com\/fr\/598924\/","title":{"rendered":"Retrouv\u00e9e par hasard en Normandie, une grande sculpture d&rsquo;aigle de Napol\u00e9on install\u00e9e aux Invalides"},"content":{"rendered":"<p>                    Par<br \/>\n        <strong><br \/>\n            <a href=\"https:\/\/actu.fr\/auteur\/anthony-derestiat\" title=\"Consulter tous les articles de Anthony Derestiat\" target=\"_blank\" rel=\"noopener\">Anthony Derestiat<\/a><br \/>\n                    <\/strong><\/p>\n<p>        Publi\u00e9 le<\/p>\n<p>            14 d\u00e9c. 2025 \u00e0 13h00        <\/p>\n<p>Depuis cette fin novembre 2025, un morceau de Saint-Hymer (Calvados), est expos\u00e9 \u00e0 Paris, aux Invalides, plus pr\u00e9cis\u00e9ment au Mus\u00e9e de l\u2019arm\u00e9e, l\u2019une des parties du grand monument.<\/p>\n<p class=\" wall-content\">Lundi 15 d\u00e9cembre, \u00e0 18 h 30, une c\u00e9r\u00e9monie marquera \u00ab l\u2019inauguration \u00bb d\u2019une sculpture en bois dor\u00e9, de 2,6 m d\u2019envergure et 40 kg, repr\u00e9sentant un aigle imp\u00e9rial et ayant orn\u00e9 le tombeau provisoire de Napol\u00e9on lors de <a href=\"https:\/\/actu.fr\/normandie\/cherbourg-en-cotentin_50129\/bicentenaire-de-la-mort-de-napoleon-quand-les-cendres-de-l-empereur-arrivaient-a-cherbourg_41675262.html\" target=\"_blank\" rel=\"noopener\">la c\u00e9r\u00e9monie de \u00ab retour des Cendres \u00bb, en 1840<\/a>. De nombreux officiels militaires seront pr\u00e9sents, et la communication du mus\u00e9e indique qu\u2019un discours \u00ab expliquera comment l\u2019aigle a \u00e9t\u00e9 retrouv\u00e9 \u00bb.<\/p>\n<p class=\" wall-content\">Et c\u2019est justement cette partie de l\u2019histoire qui se d\u00e9roule \u00e0 Saint-Hymer, car <a href=\"https:\/\/actu.fr\/normandie\/saint-hymer_14593\/pres-de-lisieux-l-aigle-imperial-reapparait-a-la-veille-du-bicentenaire-de-la-mort-de-napoleon_41653551.html\" target=\"_blank\" rel=\"noopener\">c\u2019est dans le village que l\u2019aigle a \u00e9t\u00e9 d\u00e9couvert en avril\u00a02021<\/a>. Le Prieur\u00e9, alors propri\u00e9t\u00e9 du centre hospitalier de Pont-l\u2019\u00c9v\u00eaque, \u00e9tait en vente et le sous-pr\u00e9fet de Lisieux de l\u2019\u00e9poque, Guillaume Lericolais, avait souhait\u00e9 le visiter.<\/p>\n<p class=\" wall-content\">\u00ab Tous les objets de valeur avaient d\u00e9j\u00e0 \u00e9t\u00e9 retir\u00e9s des b\u00e2timents. Et quelle ne fut pas ma surprise en tombant sur cet aigle ; il m\u2019a aussit\u00f4t interpell\u00e9, d\u2019autant plus que l\u2019ancien propri\u00e9taire du prieur\u00e9 \u00e9tait Jean-Charles Langlois. Pourtant il reposait l\u00e0, \u00e0 l\u2019abandon, et aurait sans doute fini \u00e0 la benne lors des travaux du nouvel acqu\u00e9reur \u00bb, racontait-il au Pays d\u2019Auge \u00e0 l\u2019\u00e9poque.<\/p>\n<p>R\u00e9cup\u00e9r\u00e9 par le colonel Langlois, mais quand ?<\/p>\n<p class=\" wall-content\"><a href=\"https:\/\/actu.fr\/normandie\/beaumont-en-auge_14055\/a-beaumont-en-auge-une-exposition-en-plein-air-pour-presenter-le-patrimoine-et-le-colonel-langlois_62694890.html\" target=\"_blank\" rel=\"noopener\">Figure de Beaumont-en-Auge, Jean-Charles Langlois \u00e9tait un illustre colonel de l\u2019arm\u00e9e napol\u00e9onienne<\/a>, ayant particip\u00e9 \u00e0 toutes les campagnes de l\u2019empereur. De quoi rendre la pr\u00e9sence d\u2019une \u00ab relique \u00bb chez lui explicable ? C\u2019est l\u2019intuition du sous-pr\u00e9fet, qui lance alors des recherches. Bingo ! Dans son testament, le colonel Langlois l\u00e8gue le Prieur\u00e9 au centre hospitalier de Pont-l\u2019\u00c9v\u00eaque, en 1863, et mentionne \u00ab l\u2019oratoire du Prieur\u00e9, o\u00f9 sont l\u2019aigle des Cendres de Napol\u00e9on Ier et les autres souvenirs de l\u2019Empire \u00bb\u2026<\/p>\n<p class=\" wall-content\">Apr\u00e8s la d\u00e9couverte, Guillaume Lericolais a milit\u00e9 pour que l\u2019aigle soit donn\u00e9 au Mus\u00e9e de l\u2019arm\u00e9e, et ce dernier a poursuivi ses recherches pour retracer le parcours de l\u2019aigle. Rien n\u2019est formellement attest\u00e9, mais la notice de l\u2019\u0153uvre mentionne des hypoth\u00e8ses : \u00ab Est-ce pour le remercier que, vers 1856, l\u2019empereur fait don au peintre militaire d\u2019un aigle de la c\u00e9r\u00e9monie du retour des Cendres, ou Langlois r\u00e9cup\u00e8re-t-il la ronde-bosse apr\u00e8s la c\u00e9r\u00e9monie du 15\u00a0d\u00e9cembre 1840 ? \u00bb<\/p>\n<p>    <a href=\"https:\/\/www.facebook.com\/plugins\/post.php?href=https%3A%2F%2Fwww.facebook.com%2FMuseeArmeeInvalides%2Fposts%2Fpfbid02sdaKb6RwR9aqnKvb9NprxpJYqrDtgiLnaShxMJ2w2XVWMVNPXP2LSkbdzvzAz3Ecl&amp;show_text=true&amp;width=350\" title=\"Ouvrie le lien\" target=\"_blank\" rel=\"noopener\">Cliquez ici pour visualiser le contenu<\/a><\/p>\n<p>Votre r\u00e9gion, votre actu !<\/p>\n<p>Recevez chaque jour les infos qui comptent pour vous.<\/p>\n<p>\t<a href=\"https:\/\/actu.fr\/newsletter\" class=\"ac-btn ac-btn--corner ac-btn--medium ac-btn--blue800\" target=\"_blank\" rel=\"noopener\">S&rsquo;incrire<\/a><\/p>\n<p class=\" wall-content\">Formul\u00e9 autrement : l\u2019aigle n\u2019a-t-il servi que lors de la c\u00e9r\u00e9monie ou a-t-il ensuite orn\u00e9 le tombeau provisoire aux Invalides ? Le mus\u00e9e ne tranche pas et la notice \u00e9voque trois hypoth\u00e8ses : \u00ab L\u2019aigle arrive dans le prieur\u00e9 de Saint-Hymer en 1840 (date de la c\u00e9r\u00e9monie du retour des Cendres de Napol\u00e9on Ier), en 1855-1856 (date de la commande d\u2019un tableau au peintre par Napol\u00e9on III), ou en 1861-1863 (dates de l\u2019inhumation de Napol\u00e9on Ier et du retrait des derniers \u00e9l\u00e9ments du d\u00e9cor relatifs au retour des Cendres et du testament de Langlois). \u00bb<\/p>\n<p>L\u2019aigle suspendu au plafond du mus\u00e9e<\/p>\n<p class=\" wall-content\">Quoi qu\u2019il en soit, l\u2019aigle est finalement arriv\u00e9 \u00e0 Paris en 2023, o\u00f9 il a \u00e9t\u00e9 soigneusement restaur\u00e9. D\u00e9sormais, le voici expos\u00e9 dans la premi\u00e8re salle du mus\u00e9e, consacr\u00e9e \u00e0 l\u2019histoire et \u00e0 la m\u00e9moire de l\u2019h\u00f4tel des Invalides. Une localisation \u00ab permettant de rapprocher ce tr\u00e8s rare et pr\u00e9cieux t\u00e9moin de la c\u00e9r\u00e9monie du retour des Cendres, ainsi que de l\u2019\u00e9vocation du r\u00f4le jou\u00e9 par la construction du tombeau de l\u2019Empereur dans la transformation de l\u2019\u00e9glise Saint-Louis des Invalides en Panth\u00e9on militaire et haut-lieu de la m\u00e9moire nationale \u00bb.<\/p>\n<p>    <img   decoding=\"async\" loading=\"lazy\" class=\"size-large\" src=\"https:\/\/www.europesays.com\/fr\/wp-content\/uploads\/2025\/12\/18021689da3963c021689da3900121v-960x640.jpg\" alt=\"L'aigle imp\u00e9rial est d\u00e9sormais expos\u00e9 aux Invalides, l\u00e0 o\u00f9 il aurait surplomb\u00e9 le tombeau de Napol\u00e9on, il y a plus de 150 ans.\" width=\"960\" height=\"640\"\/><br \/>\n    L\u2019aigle imp\u00e9rial est d\u00e9sormais expos\u00e9 aux Invalides, l\u00e0 o\u00f9 il aurait surplomb\u00e9 le tombeau de Napol\u00e9on, il y a plus de 150\u00a0ans lors du rapatriement de son corps. \u00a9Mus\u00e9e de l\u2019arm\u00e9e<\/p>\n<p class=\" wall-content\">Rapace majestueux, l\u2019aigle dor\u00e9 a m\u00eame l\u2019honneur d\u2019\u00eatre suspendu au plafond et de \u00ab voler \u00bb au-dessus de la pi\u00e8ce, \u00e9voquant \u00ab la position surplombante qu\u2019occupait l\u2019aigle au sein de l\u2019\u00e9glise du D\u00f4me, o\u00f9 le tombeau a pris place de 1840 \u00e0 1861 \u00bb. Apr\u00e8s un si\u00e8cle et demi en terre augeronne, l\u2019oiseau est enfin rentr\u00e9 dans son nid.<\/p>\n<p class=\" wall-content\">Personnalisez votre actualit\u00e9 en ajoutant vos villes et m\u00e9dias en favori avec <a href=\"https:\/\/moncompte.actu.fr\" title=\"D\u00e9couvez Mon Actu\" rel=\"nofollow noopener\" data-trk=\"{&quot;cta&quot;:{&quot;action&quot;:&quot;https:\\\/\\\/moncompte.actu.fr&quot;,&quot;category&quot;:&quot;mon compte&quot;,&quot;from&quot;:&quot;article footer&quot;,&quot;name&quot;:&quot;Mon actu&quot;,&quot;type&quot;:&quot;cta&quot;}}\" target=\"_blank\">Mon Actu<\/a>.<\/p>\n","protected":false},"excerpt":{"rendered":"Par Anthony Derestiat Publi\u00e9 le 14 d\u00e9c. 2025 \u00e0 13h00 Depuis cette fin novembre 2025, un morceau de&hellip;\n","protected":false},"author":2,"featured_media":598925,"comment_status":"","ping_status":"","sticky":false,"template":"","format":"standard","meta":{"footnotes":""},"categories":[1358],"tags":[1348,1384,1385,1386,58,59,1011,27,50433,23977,2551,104],"class_list":{"0":"post-598924","1":"post","2":"type-post","3":"status-publish","4":"format-standard","5":"has-post-thumbnail","7":"category-arts-et-design","8":"tag-arts","9":"tag-arts-and-design","10":"tag-arts-et-design","11":"tag-design","12":"tag-divertissement","13":"tag-entertainment","14":"tag-fr","15":"tag-france","16":"tag-les-invalides","17":"tag-napoleon","18":"tag-patrimoine","19":"tag-societe"},"share_on_mastodon":{"url":"https:\/\/pubeurope.com\/@fr\/115718660835168179","error":""},"_links":{"self":[{"href":"https:\/\/www.europesays.com\/fr\/wp-json\/wp\/v2\/posts\/598924","targetHints":{"allow":["GET"]}}],"collection":[{"href":"https:\/\/www.europesays.com\/fr\/wp-json\/wp\/v2\/posts"}],"about":[{"href":"https:\/\/www.europesays.com\/fr\/wp-json\/wp\/v2\/types\/post"}],"author":[{"embeddable":true,"href":"https:\/\/www.europesays.com\/fr\/wp-json\/wp\/v2\/users\/2"}],"replies":[{"embeddable":true,"href":"https:\/\/www.europesays.com\/fr\/wp-json\/wp\/v2\/comments?post=598924"}],"version-history":[{"count":0,"href":"https:\/\/www.europesays.com\/fr\/wp-json\/wp\/v2\/posts\/598924\/revisions"}],"wp:featuredmedia":[{"embeddable":true,"href":"https:\/\/www.europesays.com\/fr\/wp-json\/wp\/v2\/media\/598925"}],"wp:attachment":[{"href":"https:\/\/www.europesays.com\/fr\/wp-json\/wp\/v2\/media?parent=598924"}],"wp:term":[{"taxonomy":"category","embeddable":true,"href":"https:\/\/www.europesays.com\/fr\/wp-json\/wp\/v2\/categories?post=598924"},{"taxonomy":"post_tag","embeddable":true,"href":"https:\/\/www.europesays.com\/fr\/wp-json\/wp\/v2\/tags?post=598924"}],"curies":[{"name":"wp","href":"https:\/\/api.w.org\/{rel}","templated":true}]}}