{"id":598926,"date":"2025-12-14T15:37:14","date_gmt":"2025-12-14T15:37:14","guid":{"rendered":"https:\/\/www.europesays.com\/fr\/598926\/"},"modified":"2025-12-14T15:37:14","modified_gmt":"2025-12-14T15:37:14","slug":"en-direct-budget-un-compromis-est-encore-possible-selon-amelie-de-montchalin","status":"publish","type":"post","link":"https:\/\/www.europesays.com\/fr\/598926\/","title":{"rendered":"EN DIRECT &#8211; Budget : un \u00ab\u00a0compromis\u00a0\u00bb est encore possible, selon Am\u00e9lie de Montchalin"},"content":{"rendered":"<p>La ministre des Comptes publics Am\u00e9lie de Montchalin a dit croire encore en un compromis possible pour adopter un budget d&rsquo;ici la fin de l&rsquo;ann\u00e9e, dans une interview publi\u00e9e ce dimanche dans \u00ab\u00a0La Montagne\u00a0\u00bb. Elle a d\u00e9nonc\u00e9 le fait que \u00ab\u00a0les extr\u00eames\u00a0\u00bb n&rsquo;ont, selon elle, \u00ab\u00a0rien d&rsquo;autre \u00e0 proposer aux Fran\u00e7ais que de refaire les \u00e9lections\u00a0\u00bb, \u00ab\u00a0c&rsquo;est leur obsession\u00a0\u00bb. \u00ab\u00a0Quand vous \u00eates au RN, c\u2019est la dissolution pour les l\u00e9gislatives. Quand vous \u00eates Insoumis, l&rsquo;obsession, c&rsquo;est une nouvelle pr\u00e9sidentielle.\u00a0\u00bb<\/p>\n<p>\u00ab\u00a0Dans les deux cas, cela ne r\u00e8gle aucun des enjeux concrets des Fran\u00e7ais, aucun des enjeux concrets de notre continent\u00a0\u00bb, a estim\u00e9 Am\u00e9lie de Montchalin, en pr\u00f4nant au contraire la recherche de \u00ab\u00a0compromis, comme on l&rsquo;a fait sur la S\u00e9curit\u00e9 sociale\u00a0\u00bb. \u00a0\u00ab\u00a0La pr\u00e9sidentielle, c&rsquo;est dans 18 mois. Est-ce qu&rsquo;on est oblig\u00e9s de subir un blocage et de ne consid\u00e9rer aucune des questions qui pourtant r\u00e9unissent des majorit\u00e9s ?\u00a0\u00bb, a-t-elle lanc\u00e9, affirmant qu'\u00a0\u00bbil y a une majorit\u00e9 dans l&rsquo;H\u00e9micycle pour l&rsquo;h\u00f4pital\u00a0\u00bb, pour \u00ab\u00a0l&rsquo;\u00e9ducation de nos enfants\u00a0\u00bb, pour la d\u00e9fense.\u00a0<\/p>\n","protected":false},"excerpt":{"rendered":"La ministre des Comptes publics Am\u00e9lie de Montchalin a dit croire encore en un compromis possible pour adopter&hellip;\n","protected":false},"author":2,"featured_media":598927,"comment_status":"","ping_status":"","sticky":false,"template":"","format":"standard","meta":{"footnotes":""},"categories":[1356],"tags":[1111,11,1921,416,58882,1003,58,1073,59,1011,27,1922,58883,58884,11067,252,1364,133,4530,58649,15431],"class_list":{"0":"post-598926","1":"post","2":"type-post","3":"status-publish","4":"format-standard","5":"has-post-thumbnail","7":"category-television","8":"tag-actu","9":"tag-actualites","10":"tag-article-video","11":"tag-assemblee-nationale","12":"tag-avec-linstabilite-politique","13":"tag-budget","14":"tag-divertissement","15":"tag-emmanuel-macron","16":"tag-entertainment","17":"tag-fr","18":"tag-france","19":"tag-info","20":"tag-la-france-aura-t-elle-un-budget-2026","21":"tag-lecornu-ii-le-nouveau-gouvernement-a-lepreuve-du-budget","22":"tag-sebastien-lecornu","23":"tag-television","24":"tag-tv","25":"tag-video","26":"tag-video-politique","27":"tag-vincent-jeanbrun","28":"tag-xavier-bertrand"},"share_on_mastodon":{"url":"","error":""},"_links":{"self":[{"href":"https:\/\/www.europesays.com\/fr\/wp-json\/wp\/v2\/posts\/598926","targetHints":{"allow":["GET"]}}],"collection":[{"href":"https:\/\/www.europesays.com\/fr\/wp-json\/wp\/v2\/posts"}],"about":[{"href":"https:\/\/www.europesays.com\/fr\/wp-json\/wp\/v2\/types\/post"}],"author":[{"embeddable":true,"href":"https:\/\/www.europesays.com\/fr\/wp-json\/wp\/v2\/users\/2"}],"replies":[{"embeddable":true,"href":"https:\/\/www.europesays.com\/fr\/wp-json\/wp\/v2\/comments?post=598926"}],"version-history":[{"count":0,"href":"https:\/\/www.europesays.com\/fr\/wp-json\/wp\/v2\/posts\/598926\/revisions"}],"wp:featuredmedia":[{"embeddable":true,"href":"https:\/\/www.europesays.com\/fr\/wp-json\/wp\/v2\/media\/598927"}],"wp:attachment":[{"href":"https:\/\/www.europesays.com\/fr\/wp-json\/wp\/v2\/media?parent=598926"}],"wp:term":[{"taxonomy":"category","embeddable":true,"href":"https:\/\/www.europesays.com\/fr\/wp-json\/wp\/v2\/categories?post=598926"},{"taxonomy":"post_tag","embeddable":true,"href":"https:\/\/www.europesays.com\/fr\/wp-json\/wp\/v2\/tags?post=598926"}],"curies":[{"name":"wp","href":"https:\/\/api.w.org\/{rel}","templated":true}]}}