{"id":598937,"date":"2025-12-14T15:43:13","date_gmt":"2025-12-14T15:43:13","guid":{"rendered":"https:\/\/www.europesays.com\/fr\/598937\/"},"modified":"2025-12-14T15:43:13","modified_gmt":"2025-12-14T15:43:13","slug":"pourquoi-cette-nouvelle-forme-geometrique-a-t-elle-sejourne-dans-liss","status":"publish","type":"post","link":"https:\/\/www.europesays.com\/fr\/598937\/","title":{"rendered":"Pourquoi cette nouvelle forme g\u00e9om\u00e9trique a t-elle s\u00e9journ\u00e9 dans l&rsquo;ISS ?"},"content":{"rendered":"<p><strong>Il y a plus d\u2019un an, des chercheurs britanniques et hongrois \u00e9laborent ensemble un nouveau mod\u00e8le g\u00e9om\u00e9trique : les \u00ab\u00a0soft cells\u00a0\u00bb. Tout r\u00e9cemment, les chercheurs ont d\u00e9voil\u00e9 une exp\u00e9rience qui vient de se terminer, impliquant un s\u00e9jour de cette nouvelle forme g\u00e9om\u00e9trique \u00e0 bord de la Station Spatiale Internationale (ISS). Pour certains observateurs, il s\u2019agit l\u00e0 d\u2019une des exp\u00e9riences les plus remarquables jamais r\u00e9alis\u00e9es dans l\u2019espace.<\/strong><\/p>\n<p>Observer le comportement d\u2019une soft cell en microgravit\u00e9<\/p>\n<p>En septembre 2024, l\u2019Institut de Math\u00e9matiques de l\u2019Universit\u00e9 d\u2019Oxford (Royaume-Uni) <a href=\"https:\/\/www.maths.ox.ac.uk\/node\/68734\" target=\"_blank\" rel=\"noopener\">publiait un communiqu\u00e9<\/a> relatant <strong>la d\u00e9couverte d\u2019un mod\u00e8le g\u00e9om\u00e9trique in\u00e9dit<\/strong> : les \u00ab\u00a0soft cells\u00a0\u00bb. \u00c9labor\u00e9es avec la collaboration de chercheurs de l\u2019Universit\u00e9 de technologie et d\u2019\u00e9conomie de Budapest (Hongrie), ces formes que l\u2019on retrouve dans certaines structures biologiques sont <strong>capables de remplir l\u2019espace sans ar\u00eates droites<\/strong> (sommets pointus), tandis que leur face ne sont pas n\u00e9cessairement planes. Par ailleurs, la cr\u00e9ation des soft celles s\u2019inspire de la g\u00e9om\u00e9trie du G\u00f6mb\u00f6c, c\u2019est \u00e0 dire le premier exemple physique d\u2019un objet homog\u00e8ne tridimensionnel convexe comportant un unique point d\u2019\u00e9quilibre stable et un unique point d\u2019\u00e9quilibre instable (mono-monostatique).<\/p>\n<p>Dans <a href=\"https:\/\/www.maths.ox.ac.uk\/node\/74308\" target=\"_blank\" rel=\"noopener\">un autre communiqu\u00e9<\/a> publi\u00e9 le 19 novembre 2025, les m\u00eames scientifiques ont d\u00e9voil\u00e9 les r\u00e9sultats d\u2019une exp\u00e9rience concernant <strong>la variante de soft cells dite \u00ab\u00a0F2\u00a0\u00bb<\/strong>, aux surfaces minimales. Cette derni\u00e8re a pass\u00e9 six mois \u00e0 bord de la Station Spatiale Internationale (ISS). L\u2019experience s\u2019est d\u00e9roul\u00e9e dans le cadre du programme spatial hongrois HUNOR, dont la pr\u00e9paration a re\u00e7u l\u2019aide de la NASA et d\u2019Axiom Space. L\u2019objectif \u00e9tait de remplir la structure d\u2019eau en microgravit\u00e9 afin d\u2019observer le comportement des surfaces courbes molles, <strong>en l\u2019absence d\u2019influence du poids du liquide<\/strong>. Or, les r\u00e9sultats ont \u00e9t\u00e9 plut\u00f4t surprenants.<\/p>\n<p>\u00ab\u00a0L\u2019exp\u00e9rience de la cellule molle, initialement con\u00e7ue comme une simple d\u00e9monstration de faisabilit\u00e9 et d\u2019explication des principes physiques pour les lyc\u00e9ens, s\u2019est av\u00e9r\u00e9e un succ\u00e8s retentissant.\u00a0\u00bb, peut-on lire dans le compte-rendu de l\u2019exp\u00e9rience.<\/p>\n<p><img loading=\"lazy\" data-lazyloaded=\"1\" decoding=\"async\" class=\"size-full wp-image-321029\" src=\"https:\/\/www.europesays.com\/fr\/wp-content\/uploads\/2025\/12\/soft-cell-F2.jpg\" alt=\"soft cell F2\" width=\"419\" height=\"496\"  data-\/>Cr\u00e9dit : Universit\u00e9 d&rsquo;OxfordLa variante F2 utilis\u00e9e pour l\u2019exp\u00e9rience \u00e0 bord de l\u2019ISS.Une possible implication de l\u2019impression 3D<\/p>\n<p>Dans les faits, la gravit\u00e9 a permis \u00e0 l\u2019eau d\u2019adopter des configurations impossibles sur Terre, r\u00e9v\u00e9lant la mani\u00e8re avec laquelle les surfaces minimales <strong>se r\u00e9partissent dans un volume aussi particulier qu\u2019une cellule souple<\/strong>. Le ph\u00e9nom\u00e8ne est d\u2019ailleurs visible dans une vid\u00e9o pr\u00e9sente en fin d\u2019article.<\/p>\n<p>Mais comment cette structure a t-elle \u00e9t\u00e9 fabriqu\u00e9e ? Malheureusement,<strong> les sources officielles ne donnent aucune pr\u00e9cision<\/strong> concernant la m\u00e9thode utilis\u00e9e. N\u00e9anmoins, tout porte \u00e0 croire que l\u2019impression 3D aurait permis la cr\u00e9ation de la nouvelle forme g\u00e9om\u00e9trique. Il faut dire qu\u2019habituellement, <a href=\"https:\/\/sciencepost.fr\/pourquoi-ces-chercheurs-ont-ils-elabore-des-paysages-liquides-a-laide-de-limpression-3d\/\" target=\"_blank\" rel=\"noopener\">la fabrication additive permet d\u2019obtenir ce genre de configurations complexes<\/a>, rapidement et avec une grande pr\u00e9cision.<\/p>\n<p>En ce qui concerne les applications possibles des soft cells, il s\u2019agit dans un premier temps de mieux comprendre la g\u00e9om\u00e9trie \u00e0 l\u2019origine de l\u2019organisation de nombreux tissus biologiques. Cependant, il n\u2019est pas impossible que dans un avenir plus ou moins proche, le principe des soft cells puisse ouvrir la voie <strong>vers la cr\u00e9ation de b\u00e2timents et autres structures sans angles<\/strong>, sur Terre et peut-\u00eatre m\u00eame dans l\u2019espace.<\/p>\n<p>Voici la vid\u00e9o de d\u00e9monstration du comportement de la variante F2 des soft cells, \u00e0 bord de l\u2019ISS :<\/p>\n","protected":false},"excerpt":{"rendered":"Il y a plus d\u2019un an, des chercheurs britanniques et hongrois \u00e9laborent ensemble un nouveau mod\u00e8le g\u00e9om\u00e9trique :&hellip;\n","protected":false},"author":2,"featured_media":598938,"comment_status":"","ping_status":"","sticky":false,"template":"","format":"standard","meta":{"footnotes":""},"categories":[7],"tags":[1011,27,43,40,41,39,42,44],"class_list":{"0":"post-598937","1":"post","2":"type-post","3":"status-publish","4":"format-standard","5":"has-post-thumbnail","7":"category-sciences-et-technologies","8":"tag-fr","9":"tag-france","10":"tag-science","11":"tag-science-and-technology","12":"tag-sciences","13":"tag-sciences-et-technologies","14":"tag-technologies","15":"tag-technology"},"share_on_mastodon":{"url":"https:\/\/pubeurope.com\/@fr\/115718692812909580","error":""},"_links":{"self":[{"href":"https:\/\/www.europesays.com\/fr\/wp-json\/wp\/v2\/posts\/598937","targetHints":{"allow":["GET"]}}],"collection":[{"href":"https:\/\/www.europesays.com\/fr\/wp-json\/wp\/v2\/posts"}],"about":[{"href":"https:\/\/www.europesays.com\/fr\/wp-json\/wp\/v2\/types\/post"}],"author":[{"embeddable":true,"href":"https:\/\/www.europesays.com\/fr\/wp-json\/wp\/v2\/users\/2"}],"replies":[{"embeddable":true,"href":"https:\/\/www.europesays.com\/fr\/wp-json\/wp\/v2\/comments?post=598937"}],"version-history":[{"count":0,"href":"https:\/\/www.europesays.com\/fr\/wp-json\/wp\/v2\/posts\/598937\/revisions"}],"wp:featuredmedia":[{"embeddable":true,"href":"https:\/\/www.europesays.com\/fr\/wp-json\/wp\/v2\/media\/598938"}],"wp:attachment":[{"href":"https:\/\/www.europesays.com\/fr\/wp-json\/wp\/v2\/media?parent=598937"}],"wp:term":[{"taxonomy":"category","embeddable":true,"href":"https:\/\/www.europesays.com\/fr\/wp-json\/wp\/v2\/categories?post=598937"},{"taxonomy":"post_tag","embeddable":true,"href":"https:\/\/www.europesays.com\/fr\/wp-json\/wp\/v2\/tags?post=598937"}],"curies":[{"name":"wp","href":"https:\/\/api.w.org\/{rel}","templated":true}]}}