{"id":598957,"date":"2025-12-14T15:57:17","date_gmt":"2025-12-14T15:57:17","guid":{"rendered":"https:\/\/www.europesays.com\/fr\/598957\/"},"modified":"2025-12-14T15:57:17","modified_gmt":"2025-12-14T15:57:17","slug":"orphee-sort-de-terre-a-la-cite-creative-de-montpellier","status":"publish","type":"post","link":"https:\/\/www.europesays.com\/fr\/598957\/","title":{"rendered":"\u00ab\u00a0Orph\u00e9e\u00a0\u00bb sort de terre \u00e0 la Cit\u00e9 Cr\u00e9ative de Montpellier"},"content":{"rendered":"<p>                    Par<br \/>\n        <strong><br \/>\n            <a href=\"https:\/\/actu.fr\/auteur\/metropoop\" title=\"Consulter tous les articles de R\u00e9daction M\u00e9tropolitain\" target=\"_blank\" rel=\"noopener\">R\u00e9daction M\u00e9tropolitain<\/a><br \/>\n                    <\/strong><\/p>\n<p>        Publi\u00e9 le<\/p>\n<p>            14 d\u00e9c. 2025 \u00e0 16h40        <\/p>\n<p>Ce vendredi 12 d\u00e9cembre, l\u2019\u0153uvre <strong>\u00ab\u00a0Orph\u00e9e\u00a0\u00bb<\/strong> de <strong>l\u2019artiste belge Nicolas Alquin<\/strong> a \u00e9t\u00e9 d\u00e9voil\u00e9e au coeur de <strong>la Cit\u00e9 Cr\u00e9ative \u00e0 Montpellier<\/strong>. Cette <strong>sculpture monumentale<\/strong> en bronze (3,20 m x 1,80 m x 1,70 m) vient magnifier la place Sonia Delaunay, ancienne place d\u2019Armes de l\u2019EAI, \u00e0 proximit\u00e9 imm\u00e9diate de la cr\u00e8che Mireille Laget \u00e9galement inaugur\u00e9e ce jour.<\/p>\n<p>    <a href=\"https:\/\/www.google.com\/maps\/embed?pb=!1m18!1m12!1m3!1d2889.2520960504753!2d3.8593233819054493!3d43.6012923885416!2m3!1f0!2f0!3f0!3m2!1i1024!2i768!4f13.1!3m3!1m2!1s0x12b6af5f5351f26d%3A0xa060d22f18ddf97f!2zQ2l0w6kgQ3LDqWF0aXZl!5e0!3m2!1sfr!2sfr!4v1765557610414!5m2!1sfr!2sfr\" title=\"Ouvrie le lien\" target=\"_blank\" rel=\"noopener\">Cliquez ici pour visualiser le contenu<\/a><\/p>\n<p class=\" wall-content\">\u201cOrph\u00e9e, se retournant, a malencontreusement tu\u00e9 Eurydice, la femme qu\u2019il \u00e9tait all\u00e9 chercher aux enfers, et il a pass\u00e9 le reste de sa vie \u00e0 transformer son chagrin en une cr\u00e9ation permanente, un chant d\u2019amour \u00e9ternel. Quelle m\u00e9taphore de cette arm\u00e9e qui parfois tue mais toujours se souvient, et quelle m\u00e9taphore que ce lieu charg\u00e9 d\u2019histoire qui devient un lieu d\u2019avenir et de cr\u00e9ation ! Cette all\u00e9gorie s\u2019int\u00e8gre parfaitement dans le cadre de la nouvelle Cit\u00e9 cr\u00e9ative de Montpellier : la cr\u00e9ativit\u00e9 doit \u00e9ternellement se renouveler\u201d a lanc\u00e9 Nicolas Alquin en d\u00e9couvrant son oeuvre in situ. Le sculpteur belge qui a par ailleurs jou\u00e9 un extrait de La Danse des ombres heureuses, de l\u2019op\u00e9ra de C.W. Gluck \u00ab\u00a0Orph\u00e9e et Eurydice\u00a0\u00bb, comme un symbole de la m\u00e9tamorphose de cet espace urbain qui passe ainsi du son du clairon \u00e0 celui de la fl\u00fbte.<\/p>\n<p class=\" wall-content\">D\u2019un budget total de 100 000\u20ac, elle a \u00e9t\u00e9 int\u00e9gralement financ\u00e9e par le COPAQO qui impose aux promoteurs le versement d\u20191% minimum du prix du terrain, pour l\u2019acquisition d\u2019une \u0153uvre d\u2019art aupr\u00e8s d\u2019un artiste contemporain. <a href=\"https:\/\/actu.fr\/occitanie\/montpellier_34172\/montpellier-le-copaqo-un-comite-unique-en-france-pour-soutenir-la-creation-d-oeuvres-d-art_60337426.html\" target=\"_blank\" rel=\"noopener\">Le Comit\u00e9 d\u2019Orientation et de Pilotage Artistique pour la Qualit\u00e9 des \u0152uvres a \u00e9t\u00e9 mis en place par Alt\u00e9med \u00e0 la demande de Montpellier M\u00e9diterran\u00e9e M\u00e9tropole, en mars 2023<\/a>. Il incarne la volont\u00e9 de la collectivit\u00e9 de soutenir la cr\u00e9ation et l\u2019installation d\u2019\u0153uvres d\u2019art partout dans la ville en imposant une participation \u00e0 la production pour tout nouveau projet immobilier dans les quartiers am\u00e9nag\u00e9s par Alt\u00e9med. Cette d\u00e9marche vise \u00e9galement \u00e0 sensibiliser le public et \u00e0 lui permettre un acc\u00e8s \u00e0 l\u2019art plus simple et plus libre. Plus encore d\u2019ailleurs depuis la cr\u00e9ation en avril 2024 d\u2019une application mobile gratuite proposant de (re)d\u00e9couvrir Montpellier au travers de ses \u0153uvres d\u2019art.<\/p>\n<p class=\" wall-content\">Personnalisez votre actualit\u00e9 en ajoutant vos villes et m\u00e9dias en favori avec <a href=\"https:\/\/moncompte.actu.fr\" title=\"D\u00e9couvez Mon Actu\" rel=\"nofollow noopener\" data-trk=\"{&quot;cta&quot;:{&quot;action&quot;:&quot;https:\\\/\\\/moncompte.actu.fr&quot;,&quot;category&quot;:&quot;mon compte&quot;,&quot;from&quot;:&quot;article footer&quot;,&quot;name&quot;:&quot;Mon actu&quot;,&quot;type&quot;:&quot;cta&quot;}}\" target=\"_blank\">Mon Actu<\/a>.<\/p>\n","protected":false},"excerpt":{"rendered":"Par R\u00e9daction M\u00e9tropolitain Publi\u00e9 le 14 d\u00e9c. 2025 \u00e0 16h40 Ce vendredi 12 d\u00e9cembre, l\u2019\u0153uvre \u00ab\u00a0Orph\u00e9e\u00a0\u00bb de l\u2019artiste&hellip;\n","protected":false},"author":2,"featured_media":598958,"comment_status":"","ping_status":"","sticky":false,"template":"","format":"standard","meta":{"footnotes":""},"categories":[9599],"tags":[1111,11,1777,674,1349,1011,27,1652,2208,12,2680,25],"class_list":{"0":"post-598957","1":"post","2":"type-post","3":"status-publish","4":"format-standard","5":"has-post-thumbnail","7":"category-montpellier","8":"tag-actu","9":"tag-actualites","10":"tag-eu","11":"tag-europe","12":"tag-expositions","13":"tag-fr","14":"tag-france","15":"tag-loisirs-culture","16":"tag-montpellier","17":"tag-news","18":"tag-occitanie","19":"tag-republique-francaise"},"share_on_mastodon":{"url":"https:\/\/pubeurope.com\/@fr\/115718746551709290","error":""},"_links":{"self":[{"href":"https:\/\/www.europesays.com\/fr\/wp-json\/wp\/v2\/posts\/598957","targetHints":{"allow":["GET"]}}],"collection":[{"href":"https:\/\/www.europesays.com\/fr\/wp-json\/wp\/v2\/posts"}],"about":[{"href":"https:\/\/www.europesays.com\/fr\/wp-json\/wp\/v2\/types\/post"}],"author":[{"embeddable":true,"href":"https:\/\/www.europesays.com\/fr\/wp-json\/wp\/v2\/users\/2"}],"replies":[{"embeddable":true,"href":"https:\/\/www.europesays.com\/fr\/wp-json\/wp\/v2\/comments?post=598957"}],"version-history":[{"count":0,"href":"https:\/\/www.europesays.com\/fr\/wp-json\/wp\/v2\/posts\/598957\/revisions"}],"wp:featuredmedia":[{"embeddable":true,"href":"https:\/\/www.europesays.com\/fr\/wp-json\/wp\/v2\/media\/598958"}],"wp:attachment":[{"href":"https:\/\/www.europesays.com\/fr\/wp-json\/wp\/v2\/media?parent=598957"}],"wp:term":[{"taxonomy":"category","embeddable":true,"href":"https:\/\/www.europesays.com\/fr\/wp-json\/wp\/v2\/categories?post=598957"},{"taxonomy":"post_tag","embeddable":true,"href":"https:\/\/www.europesays.com\/fr\/wp-json\/wp\/v2\/tags?post=598957"}],"curies":[{"name":"wp","href":"https:\/\/api.w.org\/{rel}","templated":true}]}}