{"id":598959,"date":"2025-12-14T15:58:13","date_gmt":"2025-12-14T15:58:13","guid":{"rendered":"https:\/\/www.europesays.com\/fr\/598959\/"},"modified":"2025-12-14T15:58:13","modified_gmt":"2025-12-14T15:58:13","slug":"cest-tres-dangereux-un-club-de-foot-a-letroit-lance-une-petition-pour-plus-de-creneaux-au-stade-alain-delylle-a-montpellier","status":"publish","type":"post","link":"https:\/\/www.europesays.com\/fr\/598959\/","title":{"rendered":"\u00ab\u00a0C\u2019est tr\u00e8s dangereux\u00a0\u00bb\u00a0: un club de foot \u00e0 l\u2019\u00e9troit lance une p\u00e9tition pour plus de cr\u00e9neaux au stade Alain-Delylle \u00e0 Montpellier"},"content":{"rendered":"<p>\n                                                                Les parents de jeunes licenci\u00e9s du Montpellier athletic sport ont lanc\u00e9 une p\u00e9tition en ligne pour r\u00e9clamer davantage de cr\u00e9neaux et de surface d\u2019entra\u00eenement au stade Alain-Delylle, dans le quartier des C\u00e9vennes.\n                            <\/p>\n<p>Ils r\u00e9clament davantage de places et de cr\u00e9neaux d\u2019entra\u00eenement. Les parents des licenci\u00e9s du Montpellier athletic sport ont lanc\u00e9 une p\u00e9tition sur internet afin que leurs enfants b\u00e9n\u00e9ficient de plus d\u2019horaires et de superficie sur le stade Alain-Delylle, dans le quartier des C\u00e9vennes.<\/p>\n<p>Sur la page de la p\u00e9tition, les parents regrettent que \u00ab\u00a0le nombre d\u2019heures de terrain allou\u00e9es soit drastiquement insuffisant pour r\u00e9pondre aux besoins de nos\u00a0120 jeunes athl\u00e8tes. Actuellement, seulement 30 enfants peuvent s\u2019entra\u00eener \u00e0 la fois, et sont confin\u00e9s \u00e0 un quart du terrain.\u00a0\u00bb Pour Firial Kariouh, m\u00e8re d\u2019un joueur en U11-U12, la d\u00e9marche \u00e9tait importante. \u00ab\u00a0En tant que parent, on a d\u00e9cid\u00e9 de donner un coup de pouce \u00e0 l\u2019association et dire qu\u2019on aimerait aussi \u00eatre mis \u00e0 la m\u00eame valeur que les autres clubs pour que nos enfants puissent s\u2019entra\u00eener en s\u00e9curit\u00e9. On n\u2019a pas de r\u00e9ponse. On va essayer une p\u00e9tition.\u00a0\u00bb\u00a0Celle-ci a \u00e9t\u00e9 sign\u00e9e par plus de 135 personnes.<\/p>\n<p>Cette ann\u00e9e, le club poss\u00e8de plusieurs cr\u00e9neaux\u00a0: un demi-terrain le lundi de 18\u00a0h \u00e0 20\u00a0h, le mercredi de 16\u00a0h \u00e0 18\u00a0h et un terrain le m\u00eame jour de 14\u00a0h \u00e0 16\u00a0h. Un petit plateau synth\u00e9tique est \u00e9galement disponible deux fois par semaine de 18\u00a0h \u00e0 20\u00a0h. Ce n\u2019est pas suffisant selon le pr\u00e9sident\u00a0du Montpellier athletic sport Fadel Zennal. \u00ab\u00a0Il n\u2019y\u00a0a\u00a0pas assez de cr\u00e9neaux pour tout le monde. Le synth\u00e9tique c\u2019est juste un terrain avec une moquette de deux millim\u00e8tres. C\u2019est tr\u00e8s dangereux\u00a0\u00bb, peste-t-il.<\/p>\n<p>Plus que six \u00e9quipes pr\u00e9sentes<\/p>\n<p>Le pr\u00e9sident de l\u2019association, pr\u00e9sente depuis 2017, se sent l\u00e9s\u00e9 par rapport aux autres associations. \u00ab\u00a0Il y a des clubs voisins qui ont des cr\u00e9neaux mais qui ne viennent jamais. On a fait\u00a0une d\u00e9marche\u00a0aupr\u00e8s de la Ville pour\u00a0essayer de r\u00e9gler la situation. On voulait m\u00eame aller ailleurs. On nous a dit de retenter l\u2019ann\u00e9e prochaine.\u00a0\u00bb Il explique que maintenant huit clubs se partagent le seul et m\u00eame terrain.<\/p>\n<p>Cette saison, le club ne compte plus que six \u00e9quipes. Avant, il y en avait plus mais Fadel \u00ab\u00a0a d\u00fb en sacrifier faute de cr\u00e9neaux\u00a0\u00bb. \u00ab\u00a0Au d\u00e9but, j\u2019avais les seniors mais on a \u00e9t\u00e9 oblig\u00e9 de les arr\u00eater donc on s\u2019est mis \u00e0 fond sur les petits. On a ensuite d\u00fb laisser partir les\u00a0U15-U16\u00a0\u00bb, se d\u00e9sesp\u00e8re celui qui coach cette saison les U14, la cat\u00e9gorie la plus \u00e2g\u00e9e du club.<\/p>\n<p>Selon lui, le Montpellier athletic sport a une bonne r\u00e9putation notamment avec sa formation. \u00ab\u00a0On arrive \u00e0\u00a0placer les jeunes\u00a0dans les meilleurs clubs amateurs de la r\u00e9gion. Je dois laisser partir des joueurs parce que les conditions de travail ne sont pas r\u00e9unies. Ce n\u2019est pas possible de faire des entra\u00eenements pour du foot \u00e0 11.\u00a0\u00bb\u00a0Le club limite donc ses inscrits. \u00ab\u00a0Si on ouvrait la porte \u00e0 tout le monde, on serait facilement 500 licenci\u00e9s. On a limit\u00e9 \u00e0 120 enfants. 80 font de la comp\u00e9tition et 40 font du foot loisir\u00a0\u00bb, pr\u00e9cise le pr\u00e9sident. Il r\u00e9v\u00e8le m\u00eame que certains enfants doivent s\u2019entra\u00eener derri\u00e8re les buts.\u00a0\u00c0 d\u00e9faut d\u2019espace sur le terrain, le Montpellier athletic sport tente\u00a0d\u00e9sormais de se faire une place sur la toile.<\/p>\n<p>    \u00ab\u00a0Envoyer des jeunes dans des clubs \u00e9trangers et lucratifs ne rel\u00e8ve pas des priorit\u00e9s\u00a0\u00bb<\/p>\n<p>Contact\u00e9e, la Ville r\u00e9pond \u00ab\u00a0qu\u2019une association sportive doit g\u00e9rer le nombre de licenci\u00e9s en fonction des cr\u00e9neaux qu\u2019elle poss\u00e8de\u00a0sur l\u2019\u00e9quipement sportif qu\u2019elle occupe par conventionnement avec la Mairie.\u00a0\u00bb<\/p>\n<p>\u00ab\u00a0La Ville soutient les \u00e9coles de football, pour les enfants en particulier, ainsi que la pratique f\u00e9minine. La cr\u00e9ation d\u2019une acad\u00e9mie pour envoyer des jeunes dans des clubs \u00e9trangers et lucratifs ne rel\u00e8ve pas des priorit\u00e9s municipales. Un club doit \u00e9changer avec le propri\u00e9taire des \u00e9quipements pour faire \u00e9voluer ses jeunes dans des conditions favorables. La viabilit\u00e9 d\u2019un projet doit \u00eatre \u00e9tudi\u00e9e avec la mairie.\u00a0\u00bb<\/p>\n<p>La mairie rappelle que des terrains de basket 3&#215;3 et une nouvelle pelouse synth\u00e9tique ont r\u00e9cemment \u00e9t\u00e9 livr\u00e9s au complexe sportif Alain-Delylle. Une \u00e9tude est \u00e9galement men\u00e9e actuellement sur l\u2019avenir de la piste d\u2019athl\u00e9tisme, qui entoure le stade.<\/p>\n","protected":false},"excerpt":{"rendered":"Les parents de jeunes licenci\u00e9s du Montpellier athletic sport ont lanc\u00e9 une p\u00e9tition en ligne pour r\u00e9clamer davantage&hellip;\n","protected":false},"author":2,"featured_media":598960,"comment_status":"","ping_status":"","sticky":false,"template":"","format":"standard","meta":{"footnotes":""},"categories":[9599],"tags":[1111,11,1777,674,63,1011,27,7089,2208,12,2680,25,517],"class_list":{"0":"post-598959","1":"post","2":"type-post","3":"status-publish","4":"format-standard","5":"has-post-thumbnail","7":"category-montpellier","8":"tag-actu","9":"tag-actualites","10":"tag-eu","11":"tag-europe","12":"tag-football","13":"tag-fr","14":"tag-france","15":"tag-herault","16":"tag-montpellier","17":"tag-news","18":"tag-occitanie","19":"tag-republique-francaise","20":"tag-sport"},"share_on_mastodon":{"url":"https:\/\/pubeurope.com\/@fr\/115718750565997053","error":""},"_links":{"self":[{"href":"https:\/\/www.europesays.com\/fr\/wp-json\/wp\/v2\/posts\/598959","targetHints":{"allow":["GET"]}}],"collection":[{"href":"https:\/\/www.europesays.com\/fr\/wp-json\/wp\/v2\/posts"}],"about":[{"href":"https:\/\/www.europesays.com\/fr\/wp-json\/wp\/v2\/types\/post"}],"author":[{"embeddable":true,"href":"https:\/\/www.europesays.com\/fr\/wp-json\/wp\/v2\/users\/2"}],"replies":[{"embeddable":true,"href":"https:\/\/www.europesays.com\/fr\/wp-json\/wp\/v2\/comments?post=598959"}],"version-history":[{"count":0,"href":"https:\/\/www.europesays.com\/fr\/wp-json\/wp\/v2\/posts\/598959\/revisions"}],"wp:featuredmedia":[{"embeddable":true,"href":"https:\/\/www.europesays.com\/fr\/wp-json\/wp\/v2\/media\/598960"}],"wp:attachment":[{"href":"https:\/\/www.europesays.com\/fr\/wp-json\/wp\/v2\/media?parent=598959"}],"wp:term":[{"taxonomy":"category","embeddable":true,"href":"https:\/\/www.europesays.com\/fr\/wp-json\/wp\/v2\/categories?post=598959"},{"taxonomy":"post_tag","embeddable":true,"href":"https:\/\/www.europesays.com\/fr\/wp-json\/wp\/v2\/tags?post=598959"}],"curies":[{"name":"wp","href":"https:\/\/api.w.org\/{rel}","templated":true}]}}