{"id":598968,"date":"2025-12-14T16:04:24","date_gmt":"2025-12-14T16:04:24","guid":{"rendered":"https:\/\/www.europesays.com\/fr\/598968\/"},"modified":"2025-12-14T16:04:24","modified_gmt":"2025-12-14T16:04:24","slug":"une-facon-de-rendre-hommage-a-ma-mere-elle-est-conteuse-a-acigne","status":"publish","type":"post","link":"https:\/\/www.europesays.com\/fr\/598968\/","title":{"rendered":"\u00ab Une fa\u00e7on de rendre hommage \u00e0 ma m\u00e8re \u00bb : elle est conteuse \u00e0 Acign\u00e9"},"content":{"rendered":"<p>Aujourd\u2019hui, elle est conteuse d\u2019histoires pour enfants, \u00e0 Acign\u00e9 (Ille-et-Vilaine). Mais c\u2019est dans le pays de Broc\u00e9liande, o\u00f9 ses parents \u00e9taient artisans boulangers, qu\u2019elle a grandi. \u00c0 huit ans, Jocelyne Garic re\u00e7oit son premier livre de contes apr\u00e8s une participation remarqu\u00e9e au concours de diction de son \u00e9cole. \u00a0Je pense qu\u2019\u00e0 cette \u00e9poque, j\u2019ai d\u00fb ressentir le plaisir de conter un r\u00e9cit en public et on m\u2019a dit que ma bonne diction avait su capter l\u2019attention du public\u00a0, se souvient-elle.<\/p>\n<p>Plus tard, Jocelyne Garic d\u00e9cide de s\u2019orienter vers le m\u00e9tier d\u2019\u00e9ducatrice sp\u00e9cialis\u00e9e. Mais elle comprend rapidement que s\u2019engager dans cette voie deviendrait incompatible avec sa volont\u00e9 d\u2019\u00e9lever ses enfants. Elle y renonce donc et int\u00e8gre en 1990 l\u2019association pour \u00a0la promotion du conte\u00a0, se forme \u00e0 ce nouveau m\u00e9tier et participe au festival Mythos, \u00e0 Rennes. \u00a0Je voulais choisir des contes qui rejoignent mon univers \u00e9motionnel. Et qu\u2019avec toute ma sensibilit\u00e9, je me les approprie pour les raconter avec une certaine d\u00e9lectation.\u00a0 Puis, tout s\u2019encha\u00eene. Les sollicitations d\u2019\u00e9coles maternelles ou primaires, d\u2019assistantes maternelles affluent. Elle s\u2019engage aussi sur des projets \u00e0 l\u2019ann\u00e9e avec des m\u00e9diath\u00e8ques.<\/p>\n<p>Les contes pour adultes<\/p>\n<p>Survient soudainement le d\u00e9c\u00e8s de sa m\u00e8re. C\u2019est \u00e0 ce moment pr\u00e9cis que Jocelyne Garic d\u00e9cide de revenir com\u00e9dienne conteuse. \u00a0Elle adorait m\u2019\u00e9couter lorsque je lui racontais des histoires et je sentais qu\u2019elle \u00e9tait transport\u00e9e dans un autre univers au son de ma voix, confie-t-elle.\u00a0Pour moi, \u00e9pouser le m\u00e9tier de conteuse est tout naturellement devenu une fa\u00e7on de lui rendre hommage tout en me souvenant d\u2019elle, d\u00e8s les premiers mots que je prononce.\u00a0<\/p>\n<p>Depuis quelques ann\u00e9es, celle que l\u2019on surnomme d\u00e9sormais Tricontine se passionne aussi pour le public adulte. En particulier les malades d\u2019alzheimer. En participant \u00e0 des caf\u00e9s m\u00e9moire, elle a pris conscience qu\u2019une histoire racont\u00e9e en public pouvait r\u00e9veiller chez certains de nombreux souvenirs enfouis. \u00ab\u00a0Un jour, un homme dans le public atteint par cette maladie s\u2019est lev\u00e9 et a entonn\u00e9 un chant avec une voix de T\u00e9nor, illustre-t-elle. Son pass\u00e9 de chanteur venait de resurgir et l\u2019envahissait d\u2019\u00e9motions.\u00a0 Preuve que le conte est loin d\u2019\u00eatre r\u00e9serv\u00e9 aux enfants.<\/p>\n<p>\u00a0<\/p>\n","protected":false},"excerpt":{"rendered":"Aujourd\u2019hui, elle est conteuse d\u2019histoires pour enfants, \u00e0 Acign\u00e9 (Ille-et-Vilaine). Mais c\u2019est dans le pays de Broc\u00e9liande, o\u00f9&hellip;\n","protected":false},"author":2,"featured_media":598969,"comment_status":"","ping_status":"","sticky":false,"template":"","format":"standard","meta":{"footnotes":""},"categories":[2821],"tags":[14966,1111,11,829,71142,1777,674,68648,1011,27,4879,5875,12,2035,584,25],"class_list":{"0":"post-598968","1":"post","2":"type-post","3":"status-publish","4":"format-standard","5":"has-post-thumbnail","7":"category-rennes","8":"tag-acigne","9":"tag-actu","10":"tag-actualites","11":"tag-bretagne","12":"tag-conteuse","13":"tag-eu","14":"tag-europe","15":"tag-facon","16":"tag-fr","17":"tag-france","18":"tag-hommage","19":"tag-mere","20":"tag-news","21":"tag-rendre","22":"tag-rennes","23":"tag-republique-francaise"},"share_on_mastodon":{"url":"https:\/\/pubeurope.com\/@fr\/115718774120581751","error":""},"_links":{"self":[{"href":"https:\/\/www.europesays.com\/fr\/wp-json\/wp\/v2\/posts\/598968","targetHints":{"allow":["GET"]}}],"collection":[{"href":"https:\/\/www.europesays.com\/fr\/wp-json\/wp\/v2\/posts"}],"about":[{"href":"https:\/\/www.europesays.com\/fr\/wp-json\/wp\/v2\/types\/post"}],"author":[{"embeddable":true,"href":"https:\/\/www.europesays.com\/fr\/wp-json\/wp\/v2\/users\/2"}],"replies":[{"embeddable":true,"href":"https:\/\/www.europesays.com\/fr\/wp-json\/wp\/v2\/comments?post=598968"}],"version-history":[{"count":0,"href":"https:\/\/www.europesays.com\/fr\/wp-json\/wp\/v2\/posts\/598968\/revisions"}],"wp:featuredmedia":[{"embeddable":true,"href":"https:\/\/www.europesays.com\/fr\/wp-json\/wp\/v2\/media\/598969"}],"wp:attachment":[{"href":"https:\/\/www.europesays.com\/fr\/wp-json\/wp\/v2\/media?parent=598968"}],"wp:term":[{"taxonomy":"category","embeddable":true,"href":"https:\/\/www.europesays.com\/fr\/wp-json\/wp\/v2\/categories?post=598968"},{"taxonomy":"post_tag","embeddable":true,"href":"https:\/\/www.europesays.com\/fr\/wp-json\/wp\/v2\/tags?post=598968"}],"curies":[{"name":"wp","href":"https:\/\/api.w.org\/{rel}","templated":true}]}}