{"id":598970,"date":"2025-12-14T16:05:17","date_gmt":"2025-12-14T16:05:17","guid":{"rendered":"https:\/\/www.europesays.com\/fr\/598970\/"},"modified":"2025-12-14T16:05:17","modified_gmt":"2025-12-14T16:05:17","slug":"travaux-a-rennes-voici-ou-il-sera-difficile-de-circuler-a-partir-du-lundi-15-decembre","status":"publish","type":"post","link":"https:\/\/www.europesays.com\/fr\/598970\/","title":{"rendered":"Travaux \u00e0 Rennes\u00a0: voici o\u00f9 il sera difficile de circuler \u00e0 partir du lundi 15\u00a0d\u00e9cembre"},"content":{"rendered":"<p>Le 14 d\u00e9cembre 2025 \u00e0 17h00<\/p>\n<p class=\"tlg-h5\">De nouvelles routes seront bloqu\u00e9es \u00e0 Rennes \u00e0 cause de travaux qui d\u00e9butent. Voici les endroits o\u00f9 la circulation sera perturb\u00e9e \u00e0 partir de cette semaine, du 15 au 21\u00a0d\u00e9cembre 2025.<\/p>\n<p><img fetchpriority=\"high\" decoding=\"async\" src=\"https:\/\/www.europesays.com\/fr\/wp-content\/uploads\/2025\/12\/693c439fe9cdf71c29009f50.1.png\" width=\"960\" height=\"600\" class=\"web_golden_xl\" loading=\"eager\" alt=\"Des travaux sont pr\u00e9vus rue de Lorient \u00e0 Rennes, du lundi\u00a015 au vendredi 19\u00a0d\u00e9cembre. La chauss\u00e9e sera r\u00e9duite entre la rue Amiral Courbet et le boulevard Marbeuf.\"\/>Des travaux sont pr\u00e9vus rue de Lorient \u00e0 Rennes, du lundi\u00a015 au vendredi 19\u00a0d\u00e9cembre. La chauss\u00e9e sera r\u00e9duite entre la rue Amiral Courbet et le boulevard Marbeuf. (Capture \u00e9cran Google Street View)<\/p>\n","protected":false},"excerpt":{"rendered":"Le 14 d\u00e9cembre 2025 \u00e0 17h00 De nouvelles routes seront bloqu\u00e9es \u00e0 Rennes \u00e0 cause de travaux qui&hellip;\n","protected":false},"author":2,"featured_media":598971,"comment_status":"","ping_status":"","sticky":false,"template":"","format":"standard","meta":{"footnotes":""},"categories":[2821],"tags":[1111,11,829,21017,1777,674,1011,27,848,12,584,25],"class_list":{"0":"post-598970","1":"post","2":"type-post","3":"status-publish","4":"format-standard","5":"has-post-thumbnail","7":"category-rennes","8":"tag-actu","9":"tag-actualites","10":"tag-bretagne","11":"tag-deplacements-a-rennes","12":"tag-eu","13":"tag-europe","14":"tag-fr","15":"tag-france","16":"tag-ille-et-vilaine","17":"tag-news","18":"tag-rennes","19":"tag-republique-francaise"},"share_on_mastodon":{"url":"https:\/\/pubeurope.com\/@fr\/115718778924630980","error":""},"_links":{"self":[{"href":"https:\/\/www.europesays.com\/fr\/wp-json\/wp\/v2\/posts\/598970","targetHints":{"allow":["GET"]}}],"collection":[{"href":"https:\/\/www.europesays.com\/fr\/wp-json\/wp\/v2\/posts"}],"about":[{"href":"https:\/\/www.europesays.com\/fr\/wp-json\/wp\/v2\/types\/post"}],"author":[{"embeddable":true,"href":"https:\/\/www.europesays.com\/fr\/wp-json\/wp\/v2\/users\/2"}],"replies":[{"embeddable":true,"href":"https:\/\/www.europesays.com\/fr\/wp-json\/wp\/v2\/comments?post=598970"}],"version-history":[{"count":0,"href":"https:\/\/www.europesays.com\/fr\/wp-json\/wp\/v2\/posts\/598970\/revisions"}],"wp:featuredmedia":[{"embeddable":true,"href":"https:\/\/www.europesays.com\/fr\/wp-json\/wp\/v2\/media\/598971"}],"wp:attachment":[{"href":"https:\/\/www.europesays.com\/fr\/wp-json\/wp\/v2\/media?parent=598970"}],"wp:term":[{"taxonomy":"category","embeddable":true,"href":"https:\/\/www.europesays.com\/fr\/wp-json\/wp\/v2\/categories?post=598970"},{"taxonomy":"post_tag","embeddable":true,"href":"https:\/\/www.europesays.com\/fr\/wp-json\/wp\/v2\/tags?post=598970"}],"curies":[{"name":"wp","href":"https:\/\/api.w.org\/{rel}","templated":true}]}}