{"id":598974,"date":"2025-12-14T16:07:16","date_gmt":"2025-12-14T16:07:16","guid":{"rendered":"https:\/\/www.europesays.com\/fr\/598974\/"},"modified":"2025-12-14T16:07:16","modified_gmt":"2025-12-14T16:07:16","slug":"strasbourg-un-mois-apres-lextension-du-tram-f-les-usagers-partages","status":"publish","type":"post","link":"https:\/\/www.europesays.com\/fr\/598974\/","title":{"rendered":"Strasbourg\u00a0: un mois apr\u00e8s l&rsquo;extension du tram F, les usagers partag\u00e9s"},"content":{"rendered":"<p>Quel bilan pour l&rsquo;extension du tram F, inaugur\u00e9e il y a un mois\u00a0? Les huit nouveaux arr\u00eats vers l&rsquo;ouest de l&rsquo;agglom\u00e9ration sont plut\u00f4t appr\u00e9ci\u00e9s des usagers, m\u00eame s&rsquo;ils estiment que parfois les rames sont trop bond\u00e9es. <\/p>\n<p>C&rsquo;\u00e9tait il y a un mois.\u00a0<a class=\"IciLink ici-link IciArticleLink g-ici-body-regular-1 underline brand svelte-1chfe2s\" href=\"https:\/\/www.francebleu.fr\/infos\/societe\/elle-change-ma-vie-l-extension-de-la-ligne-de-tram-f-a-l-ouest-de-strasbourg-ravit-ses-nouveaux-usagers-1132176\" rel=\"nofollow noopener\" target=\"_blank\">Le 15 novembre dernier, la ligne F du tram de Strasbourg \u00e9tait prolong\u00e9e<\/a>\u00a0de <strong>huit stations vers l&rsquo;ouest de l&rsquo;Eurom\u00e9tropole<\/strong>, jusqu&rsquo;\u00e0 Wolfisheim. Un mois apr\u00e8s, ICI Alsace a voulu savoir quel est le premier bilan de ce nouveau service\u00a0: aupr\u00e8s des usagers, mais \u00e9galement des automobilistes, qui doivent pour la premi\u00e8re fois emprunter les rails du tramway.<\/p>\n<p>Sur le quai de l&rsquo;arr\u00eat Gruber, le premier arr\u00eat de l&rsquo;extension, <strong>les nouveaux habitu\u00e9s sont partag\u00e9s<\/strong>\u00a0: \u00ab\u00a0J&rsquo;habite juste \u00e0 c\u00f4t\u00e9 donc c&rsquo;est vraiment un service en plus. Je gagne du temps pour moi et j&rsquo;appr\u00e9cie r\u00e9ellement. M\u00eame si les rames sont plus remplies qu&rsquo;avant\u00a0\u00bb, explique Manal. Lucie est \u00e9tudiante, et ce monde, c&rsquo;est vraiment pour elle probl\u00e9matique\u00a0: \u00ab\u00a0Quand \u00e7a tombe sur les horaires de mes cours, le tram est souvent bond\u00e9. Je ne comprends pas pourquoi les rames sont si petites\u00a0\u00bb.<\/p>\n<p>\u00ab\u00a0C&rsquo;est bizarre de circuler sur les voies du tram\u00a0\u00bb<\/p>\n<p>Au feu, juste \u00e0 c\u00f4t\u00e9, les automobilistes du quartier appr\u00e9cient moyennement le nouveau trac\u00e9\u00a0: \u00ab\u00a0\u00e7a change beaucoup la circulation dans le quartier. Je suis professionnel de sant\u00e9 et je fais des visites \u00e0 domicile et c&rsquo;est plus compliqu\u00e9 pour moi qu&rsquo;il y a l&rsquo;extension du tram\u00a0\u00bb, explique l&rsquo;un d&rsquo;eux. Un autre ajoute\u00a0: \u00ab\u00a0D\u00e9j\u00e0 c&rsquo;est bizarre de circuler sur les voies du tram et en plus, pour nous les automobilistes, \u00e7a nous ralentit un peu plus dans la circulation.\u00a0\u00bb<\/p>\n<p>Du c\u00f4t\u00e9 de la CTS, on admet que les rames de certains des trams F ont moins de capacit\u00e9, mais qu&rsquo;elles vont progressivement \u00eatre remplac\u00e9es par de nouvelles, plus grandes. <strong>La compagnie a d\u00e9j\u00e0 renforc\u00e9 son offre<\/strong> depuis le lancement de l&rsquo;extension, mais elle admet qu&rsquo;il y a encore des progr\u00e8s \u00e0 faire sur les heures de pointe ou les horaires scolaires.<\/p>\n<p>\u00c0 lire aussi   <img decoding=\"async\" src=\"https:\/\/www.europesays.com\/fr\/wp-content\/uploads\/2025\/12\/1765728436_544_400x400\" alt=\"\" style=\"--_image-preview:url('data:image\/jpeg;base64,\/9j\/2wBDACgcHiMeGSgjISMtKygwPGRBPDc3PHtYXUlkkYCZlo+AjIqgtObDoKrarYqMyP\/L2u71\/\/\/\/m8H\/\/\/\/6\/+b9\/\/j\/2wBDASstLTw1PHZBQXb4pYyl+Pj4+Pj4+Pj4+Pj4+Pj4+Pj4+Pj4+Pj4+Pj4+Pj4+Pj4+Pj4+Pj4+Pj4+Pj4+Pj4+Pj\/wAARCAAXACoDASIAAhEBAxEB\/8QAGAAAAwEBAAAAAAAAAAAAAAAAAAIDAQT\/xAAYEAEBAAMAAAAAAAAAAAAAAAAAAQIREv\/EABYBAQEBAAAAAAAAAAAAAAAAAAECAP\/EABURAQEAAAAAAAAAAAAAAAAAAAAR\/9oADAMBAAIRAxEAPwCMyb0hMjSrqIrtsqcppRStjTbSlN01McMp4AljxsAINsdABT\/\/2Q==');\" loading=\"lazy\" fetchpriority=\"low\" aria-hidden=\"true\" class=\"svelte-1cksh76 rounded\" onload=\"this.__e=event\" onerror=\"this.__e=event\"\/><\/p>\n","protected":false},"excerpt":{"rendered":"Quel bilan pour l&rsquo;extension du tram F, inaugur\u00e9e il y a un mois\u00a0? Les huit nouveaux arr\u00eats vers&hellip;\n","protected":false},"author":2,"featured_media":598975,"comment_status":"","ping_status":"","sticky":false,"template":"","format":"standard","meta":{"footnotes":""},"categories":[2820],"tags":[1111,11,1777,674,1011,27,775,12,25,640],"class_list":{"0":"post-598974","1":"post","2":"type-post","3":"status-publish","4":"format-standard","5":"has-post-thumbnail","7":"category-strasbourg","8":"tag-actu","9":"tag-actualites","10":"tag-eu","11":"tag-europe","12":"tag-fr","13":"tag-france","14":"tag-grand-est","15":"tag-news","16":"tag-republique-francaise","17":"tag-strasbourg"},"share_on_mastodon":{"url":"https:\/\/pubeurope.com\/@fr\/115718786751366863","error":""},"_links":{"self":[{"href":"https:\/\/www.europesays.com\/fr\/wp-json\/wp\/v2\/posts\/598974","targetHints":{"allow":["GET"]}}],"collection":[{"href":"https:\/\/www.europesays.com\/fr\/wp-json\/wp\/v2\/posts"}],"about":[{"href":"https:\/\/www.europesays.com\/fr\/wp-json\/wp\/v2\/types\/post"}],"author":[{"embeddable":true,"href":"https:\/\/www.europesays.com\/fr\/wp-json\/wp\/v2\/users\/2"}],"replies":[{"embeddable":true,"href":"https:\/\/www.europesays.com\/fr\/wp-json\/wp\/v2\/comments?post=598974"}],"version-history":[{"count":0,"href":"https:\/\/www.europesays.com\/fr\/wp-json\/wp\/v2\/posts\/598974\/revisions"}],"wp:featuredmedia":[{"embeddable":true,"href":"https:\/\/www.europesays.com\/fr\/wp-json\/wp\/v2\/media\/598975"}],"wp:attachment":[{"href":"https:\/\/www.europesays.com\/fr\/wp-json\/wp\/v2\/media?parent=598974"}],"wp:term":[{"taxonomy":"category","embeddable":true,"href":"https:\/\/www.europesays.com\/fr\/wp-json\/wp\/v2\/categories?post=598974"},{"taxonomy":"post_tag","embeddable":true,"href":"https:\/\/www.europesays.com\/fr\/wp-json\/wp\/v2\/tags?post=598974"}],"curies":[{"name":"wp","href":"https:\/\/api.w.org\/{rel}","templated":true}]}}