{"id":598989,"date":"2025-12-14T16:15:15","date_gmt":"2025-12-14T16:15:15","guid":{"rendered":"https:\/\/www.europesays.com\/fr\/598989\/"},"modified":"2025-12-14T16:15:15","modified_gmt":"2025-12-14T16:15:15","slug":"stade-toulousain-ca-nous-complique-la-tache-mais-toulouse-peut-il-encore-esperer-remporter-la-champions-cup","status":"publish","type":"post","link":"https:\/\/www.europesays.com\/fr\/598989\/","title":{"rendered":"Stade Toulousain\u00a0: \u00ab\u00a0\u00c7a nous complique la t\u00e2che, mais\u2026\u00a0\u00bb Toulouse peut-il encore esp\u00e9rer remporter la Champions Cup\u00a0?"},"content":{"rendered":"<p>\n                                                                    l&rsquo;essentiel<br \/>\n                                                                La d\u00e9faite du Stade Toulousain \u00e0 Glasgow (28-21) complique leur parcours en Champions Cup mais Julien Marchand et ses co\u00e9quipiers n\u2019ont pas encore dit leur dernier mot.\n                            <\/p>\n<p>La d\u00e9faite des Toulousains \u00e0 Glasgow (28-21) vient calmer les ardeurs des supporters toulousains qui pensaient que la phase de poule ne serait qu\u2019une formalit\u00e9. Plac\u00e9 dans un groupe relev\u00e9, le Stade Toulousain est tomb\u00e9 pour la premi\u00e8re fois depuis 2022 \u00e0 ce niveau de la comp\u00e9tition. Mais cette d\u00e9faite peut-elle vraiment hypoth\u00e9quer les chances de victoire\u00a0finale\u00a0des \u00ab\u00a0rouge et noir\u00a0\u00bb\u00a0?<\/p>\n<p class=\"std-elt__inline\">\n        <strong>\u00c0 lire aussi :<\/strong><br \/>\n        <a href=\"https:\/\/www.ladepeche.fr\/2025\/12\/13\/analyse-glasgow-stade-toulousain-renverse-toulouse-repart-avec-un-point-et-des-regrets-13109551.php\" target=\"_blank\" rel=\"noopener\">ANALYSE. Glasgow-Stade Toulousain\u00a0: Renvers\u00e9, Toulouse repart avec un point et des regrets<\/a>\n    <\/p>\n<p>Comptablement, il est \u00e9vident que non. Car il reste encore deux rencontres \u00e0 jouer et que Toulouse compte tout de m\u00eame six points. En revanche pour la premi\u00e8re place (synonyme de tableau abordable lors des premiers matchs \u00e0 \u00e9limination directe), les hommes de Mola n\u2019ont plus leur destin entre les mains. \u00ab\u00a0On va essayer de s\u2019accrocher\u00a0\u00bb, disait le manager toulousain \u00e0 l\u2019issue de la rencontre.<\/p>\n<p class=\"std-elt__inline\">\n        <strong>\u00c0 lire aussi :<\/strong><br \/>\n        <a href=\"https:\/\/www.ladepeche.fr\/2025\/12\/14\/entretien-glasgow-stade-toulousain-on-na-pas-dexcuses-cest-nous-qui-avons-fait-des-conneries-avoue-julien-marchand-13109562.php\" target=\"_blank\" rel=\"noopener\">ENTRETIEN. Glasgow-Stade Toulousain\u00a0: \u00ab\u00a0On n\u2019a pas d\u2019excuses, c\u2019est nous qui avons fait\u00a0des conneries\u00a0\u00bb, avoue Julien Marchand<\/a>\n    <\/p>\n<p>Relanc\u00e9 sur le fait que cela compliquait la suite du calendrier continentale, Mola n\u2019a pas voulu s\u2019y projeter.\u00a0\u00ab\u00a0Pour le Champions Cup, on va prendre le temps. L\u00e0, on a un triptyque avec deux d\u00e9placements \u00e0 Lyon et Perpignan, et La\u00a0Rochelle qui nous pr\u00e9occupe aussi. Donc je pense qu\u2019on va se recentrer sur cette p\u00e9riode d\u00e9licate du Boxing Day. Et puis on repensera \u00e0 la Champions Cup d\u00e8s notre d\u00e9placement aux Saracens. Qui dans tous les cas ressemblera peu pour point \u00e0 ce genre de rencontre.\u00a0\u00bb<\/p>\n<p class=\"std-elt__inline\">\n        <strong>\u00c0 lire aussi :<\/strong><br \/>\n        <a href=\"https:\/\/www.ladepeche.fr\/2025\/12\/13\/glasgow-stade-toulousain-des-coups-declat-et-un-peu-de-dechet-que-penser-de-la-premiere-titularisation-dantoine-dupont-13109546.php\" target=\"_blank\" rel=\"noopener\">Glasgow-Stade Toulousain\u00a0: des coups d\u2019\u00e9clat et un peu de d\u00e9chet\u2026 Que penser de la premi\u00e8re titularisation d\u2019Antoine Dupont<\/a>\n    <\/p>\n<p>Pour Julien Marchand, capitaine stadiste, la t\u00e2che s\u2019annonce ardue, mais il a tenu \u00e0 se montrer rassurant. \u00ab\u00a0Je pense qu\u2019on a assez d\u2019exp\u00e9rience pour se dire que la comp\u00e9tition n\u2019est pas finie, qu\u2019il va falloir repartir au boulot, qu\u2019il y a encore deux matchs \u00e0 faire plein. Peut-\u00eatre que les Saracens, \u00e7a sera un petit peu le m\u00eame genre de match. En tout cas, il y aura le synth\u00e9tique, la pluie ou pas, je n\u2019en sais rien, le vent, je ne sais pas. Il faut qu\u2019on soit plus raides \u00e0 l\u2019ext\u00e9rieur pour esp\u00e9rer remporter des matchs et surtout \u00e0 la fin de la comp\u00e9tition, se qualifier.\u00a0\u00bb Rien n\u2019est perdu donc, m\u00eame si le chemin s\u2019annonce sem\u00e9 d\u2019emb\u00fbche.<\/p>\n","protected":false},"excerpt":{"rendered":"l&rsquo;essentiel La d\u00e9faite du Stade Toulousain \u00e0 Glasgow (28-21) complique leur parcours en Champions Cup mais Julien Marchand&hellip;\n","protected":false},"author":2,"featured_media":598990,"comment_status":"","ping_status":"","sticky":false,"template":"","format":"standard","meta":{"footnotes":""},"categories":[2816],"tags":[1111,11,1777,674,1011,27,2722,12,2680,25,68796,517,476,2312],"class_list":{"0":"post-598989","1":"post","2":"type-post","3":"status-publish","4":"format-standard","5":"has-post-thumbnail","7":"category-toulouse","8":"tag-actu","9":"tag-actualites","10":"tag-eu","11":"tag-europe","12":"tag-fr","13":"tag-france","14":"tag-haute-garonne","15":"tag-news","16":"tag-occitanie","17":"tag-republique-francaise","18":"tag-rugby-u00e0-xv","19":"tag-sport","20":"tag-stade-toulousain","21":"tag-toulouse"},"share_on_mastodon":{"url":"https:\/\/pubeurope.com\/@fr\/115718817414565207","error":""},"_links":{"self":[{"href":"https:\/\/www.europesays.com\/fr\/wp-json\/wp\/v2\/posts\/598989","targetHints":{"allow":["GET"]}}],"collection":[{"href":"https:\/\/www.europesays.com\/fr\/wp-json\/wp\/v2\/posts"}],"about":[{"href":"https:\/\/www.europesays.com\/fr\/wp-json\/wp\/v2\/types\/post"}],"author":[{"embeddable":true,"href":"https:\/\/www.europesays.com\/fr\/wp-json\/wp\/v2\/users\/2"}],"replies":[{"embeddable":true,"href":"https:\/\/www.europesays.com\/fr\/wp-json\/wp\/v2\/comments?post=598989"}],"version-history":[{"count":0,"href":"https:\/\/www.europesays.com\/fr\/wp-json\/wp\/v2\/posts\/598989\/revisions"}],"wp:featuredmedia":[{"embeddable":true,"href":"https:\/\/www.europesays.com\/fr\/wp-json\/wp\/v2\/media\/598990"}],"wp:attachment":[{"href":"https:\/\/www.europesays.com\/fr\/wp-json\/wp\/v2\/media?parent=598989"}],"wp:term":[{"taxonomy":"category","embeddable":true,"href":"https:\/\/www.europesays.com\/fr\/wp-json\/wp\/v2\/categories?post=598989"},{"taxonomy":"post_tag","embeddable":true,"href":"https:\/\/www.europesays.com\/fr\/wp-json\/wp\/v2\/tags?post=598989"}],"curies":[{"name":"wp","href":"https:\/\/api.w.org\/{rel}","templated":true}]}}