{"id":598995,"date":"2025-12-14T16:18:18","date_gmt":"2025-12-14T16:18:18","guid":{"rendered":"https:\/\/www.europesays.com\/fr\/598995\/"},"modified":"2025-12-14T16:18:18","modified_gmt":"2025-12-14T16:18:18","slug":"ecole-transports-logement-lelysee-lance-ce-dimanche-un-site-qui-recense-les-avancees","status":"publish","type":"post","link":"https:\/\/www.europesays.com\/fr\/598995\/","title":{"rendered":"\u00e9cole, transports, logement&#8230; l&rsquo;\u00c9lys\u00e9e lance ce dimanche un site qui recense les avanc\u00e9es"},"content":{"rendered":"<p>Plan massif d\u2019investissement tout autant qu\u2019objet de pol\u00e9mique, Marseille en grand a fait couler beaucoup d\u2019encre depuis son lancement en 2021 par Emmanuel Macron. <a href=\"https:\/\/www.laprovence.com\/article\/faits-divers-justice\/6475875\/marseille-pas-de-grand-plan-mais-une-ambition-et-un-contrat-pour-lecole-la-securite-lemploi\" target=\"_blank\" rel=\"noopener\">Ce jour de septembre<\/a>, le pr\u00e9sident de la R\u00e9publique, bient\u00f4t lanc\u00e9 vers la conqu\u00eate d\u2019un second mandat, d\u00e9voilait un programme ambitieux \u00e0 5 milliards d\u2019euros cens\u00e9 rattraper le retard de la deuxi\u00e8me ville de France et m\u00eame changer son visage.<\/p>\n<p>Alors que le chef de l\u2019\u00c9tat est attendu ce mardi 16 d\u00e9cembre 2025 \u00e0 Marseille pour un nouveau point d\u2019\u00e9tape, la pr\u00e9sidence de la R\u00e9publique lance ce dimanche 14 d\u00e9cembre un <a href=\"https:\/\/www.elysee.fr\/marseille-en-grand\/\" target=\"_blank\" rel=\"noopener\">site internet d\u00e9di\u00e9 \u00e0 Marseille en grand<\/a>, que d\u00e9voilent en exclusivit\u00e9 La Provence et La Tribune dimanche (1). Il est pr\u00e9sent\u00e9 par l\u2019\u00c9lys\u00e9e comme un \u00ab\u00a0outil de redevabilit\u00e9 qui permet de faire la transparence sur Marseille en grand et montrer ce qui avance gr\u00e2ce \u00e0 l\u2019argent public\u00a0\u00bb. Dit autrement\u00a0: Emmanuel Macron entend documenter, via un portail unique, un projet aux multiples facettes et prouver son impact r\u00e9el. \u00ab\u00a087% des cr\u00e9dits sont rattach\u00e9s \u00e0 des op\u00e9rations et 62% sont engag\u00e9s\u00a0\u00bb, assure-t-on \u00e0 l\u2019\u00c9lys\u00e9e.<\/p>\n<p>Pas moins de huit secteurs d&rsquo;investissement sont repr\u00e9sent\u00e9s sur ce site, qui s\u2019appuie sur une cartographie interactive de Marseille et du territoire m\u00e9tropolitain. \u00c9ducation, transports, logement, sant\u00e9, s\u00e9curit\u00e9, emploi, port, cin\u00e9ma : une \u00ab\u00a0visite guid\u00e9e\u00a0\u00bb propose d\u2019explorer tous les sujets. Puis un r\u00e9capitulatif s\u2019affiche, agr\u00e9ment\u00e9 d\u2019infographies didactiques et d\u2019une frise chronologique interactive. Chaque projet r\u00e9alis\u00e9 est agr\u00e9ment\u00e9 d\u2019un label vert. Pour ceux qui restent \u00e0 r\u00e9aliser, la date de livraison est indiqu\u00e9e.<\/p>\n<p><img alt=\"Le site mis en ligne par l'Elys\u00e9e propose d'explorer huit th\u00e9matiques sur lesquelles se d\u00e9ploie le projet Marseille en grand.\" loading=\"lazy\" decoding=\"async\" data-nimg=\"fill\" class=\" TwicCore_img__i9TC1 undefined  undefined\" style=\"position:absolute;height:100%;width:100%;left:0;top:0;right:0;bottom:0;color:transparent;background-size:cover;background-position:50% 50%;background-repeat:no-repeat;background-image:url(&quot;data:image\/svg+xml;charset=utf-8,%3Csvg xmlns='http:\/\/www.w3.org\/2000\/svg' %3E%3Cfilter id='b' color-interpolation-filters='sRGB'%3E%3CfeGaussianBlur stdDeviation='20'\/%3E%3CfeColorMatrix values='1 0 0 0 0 0 1 0 0 0 0 0 1 0 0 0 0 0 100 -1' result='s'\/%3E%3CfeFlood x='0' y='0' width='100%25' height='100%25'\/%3E%3CfeComposite operator='out' in='s'\/%3E%3CfeComposite in2='SourceGraphic'\/%3E%3CfeGaussianBlur stdDeviation='20'\/%3E%3C\/filter%3E%3Cimage width='100%25' height='100%25' x='0' y='0' preserveAspectRatio='none' style='filter: url(%23b);' href='https:\/\/pictures.laprovence.com\/cdn-cgi\/image\/blur=250\/media\/melody\/2025\/12\/14\/le-site-mis-en-ligne-par-l-elysee-propose-d-explorer-huit-thematiques-sur-lesquelles-se-deploie-le-p-1765691130_ba6d25b98d396ce6d25b98d39d27d2v_.jpg'\/%3E%3C\/svg%3E&quot;)\"   src=\"https:\/\/www.europesays.com\/fr\/wp-content\/uploads\/2025\/12\/le-site-mis-en-ligne-par-l-elysee-propose-d-explorer-huit-thematiques-sur-lesquelles-se-deploie-le-p.jpeg\"\/>Le site mis en ligne par l&rsquo;Elys\u00e9e propose d&rsquo;explorer huit th\u00e9matiques sur lesquelles se d\u00e9ploie le projet Marseille en grand. \/ CAPTURE DR<\/p>\n<p>Pourquoi mettre en ligne un tel outil aujourd\u2019hui ? La pr\u00e9sidence de la R\u00e9publique ne peut ignorer que la marque Marseille en grand n\u2019imprimait pas forc\u00e9ment chez les premiers concern\u00e9s : les habitants de la ville. Et que ceux-ci ne lui en accordaient pas le cr\u00e9dit : dans <a href=\"https:\/\/www.laprovence.com\/article\/elections\/59597469364786\/municipales-2026-a-marseille-payan-en-tete-vassal-et-allisio-a-laffut-notre-sondage-exclusif-a-100-jours-du-scrutin\" target=\"_blank\" rel=\"noopener\">notre sondage Ifop-Fiducial pour La Provence<\/a> et Sud Radio du 5 d\u00e9cembre, \u00e0 la question \u00ab\u00a0\u00cates-vous satisfait ou m\u00e9content d\u00b4Emmanuel Macron comme Pr\u00e9sident de la R\u00e9publique ?\u00a0\u00bb, 17% des Marseillais interrog\u00e9s se disaient \u00ab\u00a0tr\u00e8s\u00a0\u00bb ou \u00ab\u00a0plut\u00f4t satisfaits\u00a0\u00bb. Pas plus que le reste des Fran\u00e7ais.<\/p>\n<p>Un juge de paix face aux \u00ab\u00a0chicayas\u00a0\u00bb?<\/p>\n<p>Incidemment, ce site pourrait aussi se poser en juge de paix aussi face aux pol\u00e9miques r\u00e9currentes &#8211; r\u00e9miniscences des fameuses \u00ab\u00a0chicayas\u00a0\u00bb d\u00e9nonc\u00e9es en\u00a02021 par Emmanuel Macron &#8211; entre la majorit\u00e9 municipale de gauche et son opposition de droite, d\u2019extr\u00eame droite, voire LFI. Des tensions exacerb\u00e9es par la perspective des \u00e9lections municipales\u00a0: le maire Beno\u00eet Payan (DVG) et la pr\u00e9sidente de la M\u00e9tropole et du D\u00e9partement Martine Vassal (DVD), qui ont tous deux n\u00e9goci\u00e9 avec le pr\u00e9sident de la R\u00e9publique les contours de ce plan, pourraient s\u2019affronter dans les urnes.<\/p>\n<p>\u00ab\u00a0R\u00e9duction de l\u2019habitat insalubre, renforts de policiers ou de magistrats\u00a0: nul ne peut nier que les choses bougent et que l\u2019\u00c9tat est au rendez-vous avec constance et sans tergiverser, commente Emmanuel Macron aupr\u00e8s de La Provence. \u00c0 chacun d\u00e9sormais de prendre ses responsabilit\u00e9s et d\u2019avancer en bon ordre. Je sais que les \u00e9ch\u00e9ances approchent et que les campagnes sont souvent des moments o\u00f9 l\u2019\u00c9tat est un bouc \u00e9missaire. Mais il faut je crois que chacun se hisse \u00e0 la hauteur de l\u2019enjeu et ne reconnaisse qu\u2019une seule boussole\u00a0: la vraie vie des Marseillais.\u00a0\u00bb<\/p>\n<p>Le message sera-t-il entendu\u00a0? Depuis des mois, la droite m\u00e9tropolitaine <a href=\"https:\/\/www.laprovence.com\/article\/politique\/55090598834976\/marseille-la-droite-conteste-la-vision-de-benoit-payan-sur-le-plan-ecoles\" target=\"_blank\" rel=\"noopener\">conteste le bilan du volet \u00e9coles<\/a> du plan Marseille en grand, entrepris conjointement par la Ville de Marseille et l\u2019\u00c9tat. Ainsi, face \u00ab\u00a0six groupes scolaires et neuf \u00e9coles\u00a0\u00bb recens\u00e9s par Romain Simmarano, porte-parole de Martine Vassal et membre du parti pr\u00e9sidentiel Renaissance, le site \u00e9lys\u00e9en comptabilise huit groupes scolaires et 15 \u00e9tablissements neufs d\u00e9j\u00e0 livr\u00e9s.\u00a0<\/p>\n<p>Jusqu\u2019\u00e0 la fin du mandat en\u00a02027, c\u2019est l\u2019\u00c9lys\u00e9e qui pilotera les mises \u00e0 jour de ce site, \u00ab\u00a0en fonction des donn\u00e9es provenant de la pr\u00e9fecture\u00a0\u00bb, pr\u00e9cise-t-on.\u00a0<\/p>\n<p><strong>Le site est mis en ligne ce dimanche \u00e0 l\u2019adresse <a href=\"https:\/\/www.elysee.fr\/marseille-en-grand\/\" target=\"_blank\" rel=\"noopener\">https:\/\/www.elysee.fr\/marseille-en-grand\/<\/a><\/strong><\/p>\n","protected":false},"excerpt":{"rendered":"Plan massif d\u2019investissement tout autant qu\u2019objet de pol\u00e9mique, Marseille en grand a fait couler beaucoup d\u2019encre depuis son&hellip;\n","protected":false},"author":2,"featured_media":598996,"comment_status":"","ping_status":"","sticky":false,"template":"","format":"standard","meta":{"footnotes":""},"categories":[2814],"tags":[17,1111,11,1122,1777,674,1011,27,2515,509,1908,884,12,5355,316,882,25,800],"class_list":{"0":"post-598995","1":"post","2":"type-post","3":"status-publish","4":"format-standard","5":"has-post-thumbnail","7":"category-marseille","8":"tag-17","9":"tag-actu","10":"tag-actualites","11":"tag-ecole","12":"tag-eu","13":"tag-europe","14":"tag-fr","15":"tag-france","16":"tag-grand","17":"tag-lelysee","18":"tag-logement","19":"tag-marseille","20":"tag-news","21":"tag-plan","22":"tag-politique","23":"tag-provence-alpes-cote-dazur","24":"tag-republique-francaise","25":"tag-transports"},"share_on_mastodon":{"url":"https:\/\/pubeurope.com\/@fr\/115718830108316339","error":""},"_links":{"self":[{"href":"https:\/\/www.europesays.com\/fr\/wp-json\/wp\/v2\/posts\/598995","targetHints":{"allow":["GET"]}}],"collection":[{"href":"https:\/\/www.europesays.com\/fr\/wp-json\/wp\/v2\/posts"}],"about":[{"href":"https:\/\/www.europesays.com\/fr\/wp-json\/wp\/v2\/types\/post"}],"author":[{"embeddable":true,"href":"https:\/\/www.europesays.com\/fr\/wp-json\/wp\/v2\/users\/2"}],"replies":[{"embeddable":true,"href":"https:\/\/www.europesays.com\/fr\/wp-json\/wp\/v2\/comments?post=598995"}],"version-history":[{"count":0,"href":"https:\/\/www.europesays.com\/fr\/wp-json\/wp\/v2\/posts\/598995\/revisions"}],"wp:featuredmedia":[{"embeddable":true,"href":"https:\/\/www.europesays.com\/fr\/wp-json\/wp\/v2\/media\/598996"}],"wp:attachment":[{"href":"https:\/\/www.europesays.com\/fr\/wp-json\/wp\/v2\/media?parent=598995"}],"wp:term":[{"taxonomy":"category","embeddable":true,"href":"https:\/\/www.europesays.com\/fr\/wp-json\/wp\/v2\/categories?post=598995"},{"taxonomy":"post_tag","embeddable":true,"href":"https:\/\/www.europesays.com\/fr\/wp-json\/wp\/v2\/tags?post=598995"}],"curies":[{"name":"wp","href":"https:\/\/api.w.org\/{rel}","templated":true}]}}