{"id":598999,"date":"2025-12-14T16:20:14","date_gmt":"2025-12-14T16:20:14","guid":{"rendered":"https:\/\/www.europesays.com\/fr\/598999\/"},"modified":"2025-12-14T16:20:14","modified_gmt":"2025-12-14T16:20:14","slug":"metropole-de-lyon-budget-projet-de-la-rive-droite-du-rhone-reseau-de-chaleur-au-menu-du-dernier-conseil-de-la-metropole","status":"publish","type":"post","link":"https:\/\/www.europesays.com\/fr\/598999\/","title":{"rendered":"M\u00e9tropole de Lyon. Budget, projet de la Rive Droite du Rh\u00f4ne, r\u00e9seau de chaleur\u2026 au menu du dernier conseil de la M\u00e9tropole"},"content":{"rendered":"<p>L\u2019examen du budget primitif 2026 qui s\u2019accompagnera du vote d\u2019une aide suppl\u00e9mentaire en soutien au SDMIS s\u2019annonce comme le gros morceau de la s\u00e9ance pl\u00e9ni\u00e8re qui se tient ce lundi \u00e0 la M\u00e9tropole de Lyon.<\/p>\n<p>Attendues \u00e9galement, deux d\u00e9lib\u00e9rations concernant le projet Rive Droite du Rh\u00f4ne visant \u00e0 r\u00e9am\u00e9nager en profondeur l\u2019axe nord-sud lyonnais. Leur adoption donnerait lieu \u00e0 un d\u00e9marrage des travaux \u00e0 partir de l\u2019\u00e9t\u00e9 prochain.<\/p>\n<p>  Une opposition group\u00e9e<\/p>\n<p>Le r\u00e9seau de chaleur urbain et l\u2019extension de la prime \u00e9co-chaleur, mais aussi de nouvelles aides en mati\u00e8re de r\u00e9novation \u00e9nerg\u00e9tique, font partie des sujets pr\u00e9sent\u00e9s par l\u2019ex\u00e9cutif \u00e9cologiste.<\/p>\n<p>Enjeux \u00e9galement autour de la r\u00e9vision d\u2019objectifs avec la R\u00e9gie de l\u2019eau \u00e0 mi-parcours de la convention 2023-2028.<\/p>\n<p>Pour la partie transport, il sera, entre autres, question du projet de ligne de bus \u00e0 haut niveau de service (BHNS) entre Tr\u00e9voux et Lyon qui peine \u00e0 trouver son <a href=\"https:\/\/www.leprogres.fr\/transport\/2025\/11\/21\/terminus-introuvable-le-bhns-lyon-trevoux-fait-derailler-les-elus\" target=\"_blank\" rel=\"noopener\">terminus<\/a>. Et toujours des aides \u00e0 l\u2019acquisition de v\u00e9hicules peu polluants dans le cadre de la Zone \u00e0 faibles \u00e9missions. C\u00f4t\u00e9 finances et taxes, des d\u00e9lib\u00e9rations portent sur les taxes fonci\u00e8res, sur la taxe d\u2019habitation concernant les r\u00e9sidences secondaires. Il sera question aussi de la <a href=\"https:\/\/www.leprogres.fr\/politique\/2021\/03\/13\/taxe-poubelle-unique-qui-va-payer-plus-qui-va-payer-moins\" target=\"_blank\" rel=\"noopener\">taxe d\u2019enl\u00e8vement des ordures m\u00e9nag\u00e8res<\/a> (TEOM).<\/p>\n<p>Enfin, pour cette derni\u00e8re s\u00e9ance avant \u00e9lections, sera officialis\u00e9e la cr\u00e9ation du <a href=\"https:\/\/www.leprogres.fr\/elections\/2025\/12\/13\/creation-de-grand-coeur-lyonnais-nouveau-groupe-d-opposition-en-vue-des-elections\" target=\"_blank\" rel=\"noopener\">nouveau groupe d\u2019opposition<\/a> Grand C\u0153ur lyonnais faisant le lien avec la candidature de <a href=\"https:\/\/www.leprogres.fr\/p\/jean-michel-aulas\" target=\"_blank\" rel=\"noopener\">Jean-Michel Aulas<\/a> \u00e0 Lyon. Y aura-t-il du sport\u00a0?<\/p>\n<p class=\"note\">Lundi\u00a015 et mardi 16\u00a0d\u00e9cembre \u00e0 partir de 9\u00a0h\u00a030 \u00e0 l\u2019H\u00f4tel de la M\u00e9tropole, 20 rue du Lac, Lyon 3e.<\/p>\n","protected":false},"excerpt":{"rendered":"L\u2019examen du budget primitif 2026 qui s\u2019accompagnera du vote d\u2019une aide suppl\u00e9mentaire en soutien au SDMIS s\u2019annonce comme&hellip;\n","protected":false},"author":2,"featured_media":599000,"comment_status":"","ping_status":"","sticky":false,"template":"","format":"standard","meta":{"footnotes":""},"categories":[1889],"tags":[1111,11,2430,2757,1777,674,1011,27,3539,2428,2756,12,316,25,2429],"class_list":{"0":"post-598999","1":"post","2":"type-post","3":"status-publish","4":"format-standard","5":"has-post-thumbnail","7":"category-lyon","8":"tag-actu","9":"tag-actualites","10":"tag-auvergne-rhone-alpes","11":"tag-edition-lyon-villeurbanne","12":"tag-eu","13":"tag-europe","14":"tag-fr","15":"tag-france","16":"tag-les-ecologistes","17":"tag-lyon","18":"tag-lyon-bassin","19":"tag-news","20":"tag-politique","21":"tag-republique-francaise","22":"tag-rhone"},"share_on_mastodon":{"url":"https:\/\/pubeurope.com\/@fr\/115718836994634454","error":""},"_links":{"self":[{"href":"https:\/\/www.europesays.com\/fr\/wp-json\/wp\/v2\/posts\/598999","targetHints":{"allow":["GET"]}}],"collection":[{"href":"https:\/\/www.europesays.com\/fr\/wp-json\/wp\/v2\/posts"}],"about":[{"href":"https:\/\/www.europesays.com\/fr\/wp-json\/wp\/v2\/types\/post"}],"author":[{"embeddable":true,"href":"https:\/\/www.europesays.com\/fr\/wp-json\/wp\/v2\/users\/2"}],"replies":[{"embeddable":true,"href":"https:\/\/www.europesays.com\/fr\/wp-json\/wp\/v2\/comments?post=598999"}],"version-history":[{"count":0,"href":"https:\/\/www.europesays.com\/fr\/wp-json\/wp\/v2\/posts\/598999\/revisions"}],"wp:featuredmedia":[{"embeddable":true,"href":"https:\/\/www.europesays.com\/fr\/wp-json\/wp\/v2\/media\/599000"}],"wp:attachment":[{"href":"https:\/\/www.europesays.com\/fr\/wp-json\/wp\/v2\/media?parent=598999"}],"wp:term":[{"taxonomy":"category","embeddable":true,"href":"https:\/\/www.europesays.com\/fr\/wp-json\/wp\/v2\/categories?post=598999"},{"taxonomy":"post_tag","embeddable":true,"href":"https:\/\/www.europesays.com\/fr\/wp-json\/wp\/v2\/tags?post=598999"}],"curies":[{"name":"wp","href":"https:\/\/api.w.org\/{rel}","templated":true}]}}