{"id":599001,"date":"2025-12-14T16:21:17","date_gmt":"2025-12-14T16:21:17","guid":{"rendered":"https:\/\/www.europesays.com\/fr\/599001\/"},"modified":"2025-12-14T16:21:17","modified_gmt":"2025-12-14T16:21:17","slug":"dans-la-douleur-lyon-domine-le-havre-et-met-la-pression-sur-le-top-4","status":"publish","type":"post","link":"https:\/\/www.europesays.com\/fr\/599001\/","title":{"rendered":"dans la douleur, Lyon domine Le Havre et met la pression sur le top\u00a04"},"content":{"rendered":"<p>\n    L\u2019Olympique Lyonnais est venu \u00e0 bout du Havre dimanche (1-0) lors de la 16e journ\u00e9e de Ligue\u00a01, prot\u00e9geant ainsi sa cinqui\u00e8me place au classement.<\/p>\n<p class=\"fig-paragraph\">La prestation ne satisfera s\u00fbrement pas Paulo Fonseca, mais les trois points feront du bien \u00e0 l\u2019Olympique Lyonnais. Le Havre a conc\u00e9d\u00e9 un sixi\u00e8me match de suite sans victoire dimanche en s\u2019inclinant au Groupama Stadium (1-0) lors de la 16e journ\u00e9e de Ligue\u00a01. Les Normands ont \u00e9t\u00e9 notamment mis en \u00e9chec par le gardien Dominik Greif, qui a\u00a0<a href=\"http:\/\/www.lefigaro.fr\/sports\/football\/ligue-1\/ligue-1-en-video-le-penalty-arrete-par-greif-pour-l-ol-contre-le-havre-20251214\" data-fig-type=\"NewsFlash\" data-gtm-custom-categorie=\"navigation\" data-gtm-custom-action=\"crossclick\" data-gtm-custom-label=\"Contextuel\" data-gtm-event=\"customEventSPE\" data-fig-domain=\"LEFIGARO\" target=\"_blank\" rel=\"noopener\">repouss\u00e9 un penalty d\u2019Issa Soumar\u00e9<\/a>\u00a0en premi\u00e8re p\u00e9riode (38e).<\/p>\n<p class=\"fig-paragraph\">C\u2019est le milieu offensif tch\u00e8que Pavel Sulc qui a soulag\u00e9 l\u2019OL d\u2019un but de la t\u00eate peu avant l\u2019heure de jeu (52e). Les Lyonnais remontent ainsi \u00e0 la 5e place du classement et mettent la pression sur Lens, Marseille et Lille qui n\u2019ont pas encore jou\u00e9. Le club du Rh\u00f4ne est provisoirement \u00e0 deux points de l\u2019OM, 3e. Le HAC, condamn\u00e9 \u00e0 lutter pour le maintien, stagne \u00e0 la 15e place.<\/p>\n<p>                                            <a class=\"fig-a11y-skip\" href=\"#fig-a11y-skip-main-inarticle\" data-module=\"a11y-skip\" data-context=\"was @visible\"><br \/>\n    Passer la publicit\u00e9<br \/>\n<\/a>            <\/p>\n<p class=\"fig-paragraph\">Plus d\u2019informations \u00e0 venir&#8230;<\/p>\n","protected":false},"excerpt":{"rendered":"L\u2019Olympique Lyonnais est venu \u00e0 bout du Havre dimanche (1-0) lors de la 16e journ\u00e9e de Ligue\u00a01, prot\u00e9geant&hellip;\n","protected":false},"author":2,"featured_media":599002,"comment_status":"","ping_status":"","sticky":false,"template":"","format":"standard","meta":{"footnotes":""},"categories":[1889],"tags":[1111,11,2430,1777,674,1011,27,2428,12,978,25],"class_list":{"0":"post-599001","1":"post","2":"type-post","3":"status-publish","4":"format-standard","5":"has-post-thumbnail","7":"category-lyon","8":"tag-actu","9":"tag-actualites","10":"tag-auvergne-rhone-alpes","11":"tag-eu","12":"tag-europe","13":"tag-fr","14":"tag-france","15":"tag-lyon","16":"tag-news","17":"tag-olympique-lyonnais","18":"tag-republique-francaise"},"share_on_mastodon":{"url":"https:\/\/pubeurope.com\/@fr\/115718840850956341","error":""},"_links":{"self":[{"href":"https:\/\/www.europesays.com\/fr\/wp-json\/wp\/v2\/posts\/599001","targetHints":{"allow":["GET"]}}],"collection":[{"href":"https:\/\/www.europesays.com\/fr\/wp-json\/wp\/v2\/posts"}],"about":[{"href":"https:\/\/www.europesays.com\/fr\/wp-json\/wp\/v2\/types\/post"}],"author":[{"embeddable":true,"href":"https:\/\/www.europesays.com\/fr\/wp-json\/wp\/v2\/users\/2"}],"replies":[{"embeddable":true,"href":"https:\/\/www.europesays.com\/fr\/wp-json\/wp\/v2\/comments?post=599001"}],"version-history":[{"count":0,"href":"https:\/\/www.europesays.com\/fr\/wp-json\/wp\/v2\/posts\/599001\/revisions"}],"wp:featuredmedia":[{"embeddable":true,"href":"https:\/\/www.europesays.com\/fr\/wp-json\/wp\/v2\/media\/599002"}],"wp:attachment":[{"href":"https:\/\/www.europesays.com\/fr\/wp-json\/wp\/v2\/media?parent=599001"}],"wp:term":[{"taxonomy":"category","embeddable":true,"href":"https:\/\/www.europesays.com\/fr\/wp-json\/wp\/v2\/categories?post=599001"},{"taxonomy":"post_tag","embeddable":true,"href":"https:\/\/www.europesays.com\/fr\/wp-json\/wp\/v2\/tags?post=599001"}],"curies":[{"name":"wp","href":"https:\/\/api.w.org\/{rel}","templated":true}]}}