{"id":599009,"date":"2025-12-14T16:26:10","date_gmt":"2025-12-14T16:26:10","guid":{"rendered":"https:\/\/www.europesays.com\/fr\/599009\/"},"modified":"2025-12-14T16:26:10","modified_gmt":"2025-12-14T16:26:10","slug":"a-paris-le-grand-sentiment-dabandon-du-quartier-rosa-parks-liberation","status":"publish","type":"post","link":"https:\/\/www.europesays.com\/fr\/599009\/","title":{"rendered":"\u00e0 Paris, le grand sentiment d\u2019abandon du quartier Rosa-Parks \u2013 Lib\u00e9ration"},"content":{"rendered":"<p class=\"sc-cPiKLX AiZTS text-element\">Rosa-Parks, quartier du nord-est parisien, pourrait avoir tout pour lui. Un canal que l\u2019on peut longer \u00e0 v\u00e9lo ou au pas de course ; une cr\u00e8che, des \u00e9coles primaires, un coll\u00e8ge ; une station de RER, un tramway, un m\u00e9tro. Mais aussi un cin\u00e9ma, un supermarch\u00e9 de grande taille comme il y en a peu \u00e0 Paris. Et une \u00abfor\u00eat lin\u00e9aire\u00bb, une bande de verdure le long de la fronti\u00e8re entre le XIXe arrondissement et Aubervilliers, autrefois fr\u00e9quent\u00e9e par les familles et m\u00eame des moutons.<\/p>\n<p class=\"sc-cPiKLX AiZTS text-element\">Mais depuis l\u2019\u00e9vacuation, fin 2022, de ce que les sp\u00e9cialistes de l\u2019addiction appellent une \u00absc\u00e8ne de consommation\u00bb au square Forceval \u00e0 quelques centaines de m\u00e8tres de l\u00e0, les usagers de crack (un m\u00e9lange de coca\u00efne et de bicarbonate de soude ou d\u2019ammoniac, consomm\u00e9 majoritairement par inhalation) ont fini bon an mal an par se red\u00e9ployer \u00e0 Rosa-Parks. Un quartier, anciennement industriel, redynamis\u00e9 dans les ann\u00e9es 2010 par une grande op\u00e9ration de r\u00e9novation urbaine \u2013 r\u00e9habilitation et changement d\u2019affectation de l\u2019entrep\u00f4t MacDonald, cr\u00e9ation de logements et d\u2019\u00e9quipements municipaux\u2026 \u2013 dont les effets semblent s\u2019essouffler.<\/p>\n<p class=\"sc-cPiKLX AiZTS text-element\">Aur\u00e9lie, jeune quadrag\u00e9naire, vit dans un de ces nouveaux logements depuis 2016 avec son compagnon et ses deux enfants. Depuis 2020, elle a vu les commerces qui animaient la vie du quartier fermer les uns apr\u00e8s les autres : un salon de coiffure, une librairie d\u2019occasion, un restaurant de burgers, ainsi qu\u2019une clinique dentaire. \u00abIl y avait aussi un march\u00e9 hebdomadaire, pr\u00e8s du cin\u00e9<\/p>\n","protected":false},"excerpt":{"rendered":"Rosa-Parks, quartier du nord-est parisien, pourrait avoir tout pour lui. Un canal que l\u2019on peut longer \u00e0 v\u00e9lo&hellip;\n","protected":false},"author":2,"featured_media":599010,"comment_status":"","ping_status":"","sticky":false,"template":"","format":"standard","meta":{"footnotes":""},"categories":[1888],"tags":[11,3992,1777,674,1011,27,12,626,25],"class_list":{"0":"post-599009","1":"post","2":"type-post","3":"status-publish","4":"format-standard","5":"has-post-thumbnail","7":"category-paris","8":"tag-actualites","9":"tag-drogues","10":"tag-eu","11":"tag-europe","12":"tag-fr","13":"tag-france","14":"tag-news","15":"tag-paris","16":"tag-republique-francaise"},"share_on_mastodon":{"url":"https:\/\/pubeurope.com\/@fr\/115718860531236734","error":""},"_links":{"self":[{"href":"https:\/\/www.europesays.com\/fr\/wp-json\/wp\/v2\/posts\/599009","targetHints":{"allow":["GET"]}}],"collection":[{"href":"https:\/\/www.europesays.com\/fr\/wp-json\/wp\/v2\/posts"}],"about":[{"href":"https:\/\/www.europesays.com\/fr\/wp-json\/wp\/v2\/types\/post"}],"author":[{"embeddable":true,"href":"https:\/\/www.europesays.com\/fr\/wp-json\/wp\/v2\/users\/2"}],"replies":[{"embeddable":true,"href":"https:\/\/www.europesays.com\/fr\/wp-json\/wp\/v2\/comments?post=599009"}],"version-history":[{"count":0,"href":"https:\/\/www.europesays.com\/fr\/wp-json\/wp\/v2\/posts\/599009\/revisions"}],"wp:featuredmedia":[{"embeddable":true,"href":"https:\/\/www.europesays.com\/fr\/wp-json\/wp\/v2\/media\/599010"}],"wp:attachment":[{"href":"https:\/\/www.europesays.com\/fr\/wp-json\/wp\/v2\/media?parent=599009"}],"wp:term":[{"taxonomy":"category","embeddable":true,"href":"https:\/\/www.europesays.com\/fr\/wp-json\/wp\/v2\/categories?post=599009"},{"taxonomy":"post_tag","embeddable":true,"href":"https:\/\/www.europesays.com\/fr\/wp-json\/wp\/v2\/tags?post=599009"}],"curies":[{"name":"wp","href":"https:\/\/api.w.org\/{rel}","templated":true}]}}