{"id":599011,"date":"2025-12-14T16:27:11","date_gmt":"2025-12-14T16:27:11","guid":{"rendered":"https:\/\/www.europesays.com\/fr\/599011\/"},"modified":"2025-12-14T16:27:11","modified_gmt":"2025-12-14T16:27:11","slug":"a-la-monnaie-de-paris-voyage-dans-les-mondes-impossibles-de-m-c-escher","status":"publish","type":"post","link":"https:\/\/www.europesays.com\/fr\/599011\/","title":{"rendered":"\u00c0 la Monnaie de Paris, voyage dans les mondes impossibles de M.C. Escher"},"content":{"rendered":"<p>En n\u00e9erlandais, on qualifie de \u00ab\u00a0travail de moine\u00a0\u00bb une activit\u00e9 qui para\u00eet ne jamais finir et semble vide de sens. Dans Monter et descendre, une de ses lithographies les plus c\u00e9l\u00e8bres, Maurits Cornelis Escher (1898-1972) transpose en images cette expression populaire par un escalier formant une boucle ferm\u00e9e, nich\u00e9 au sommet d\u2019une b\u00e2tisse m\u00e9di\u00e9vale. Des personnages encapuchonn\u00e9s gravissent et descendent les vol\u00e9es de marche ind\u00e9finiment, sans jamais atteindre leur but.<\/p>\n<p>Cet article est r\u00e9serv\u00e9 aux abonn\u00e9s<\/p>\n<p>\n                    Vous souhaitez lire la suite\u00a0? Abonnez-vous sans engagement \u00e0 notre offre num\u00e9rique\n                <\/p>\n<p>                <a href=\"https:\/\/www.la-croix.com\/abonnement\" class=\"default-paywall__subscribe-button\" data-tracking=\"cta_click\" data-tracking-action=\"voir la page abonnement\" data-tracking-category=\"abonnement\" rel=\"nofollow noopener\" target=\"_blank\">Je m&rsquo;abonne<\/a><\/p>\n","protected":false},"excerpt":{"rendered":"En n\u00e9erlandais, on qualifie de \u00ab\u00a0travail de moine\u00a0\u00bb une activit\u00e9 qui para\u00eet ne jamais finir et semble vide&hellip;\n","protected":false},"author":2,"featured_media":599012,"comment_status":"","ping_status":"","sticky":false,"template":"","format":"standard","meta":{"footnotes":""},"categories":[1888],"tags":[11,1777,674,1011,27,12,626,25],"class_list":{"0":"post-599011","1":"post","2":"type-post","3":"status-publish","4":"format-standard","5":"has-post-thumbnail","7":"category-paris","8":"tag-actualites","9":"tag-eu","10":"tag-europe","11":"tag-fr","12":"tag-france","13":"tag-news","14":"tag-paris","15":"tag-republique-francaise"},"share_on_mastodon":{"url":"https:\/\/pubeurope.com\/@fr\/115718865054278824","error":""},"_links":{"self":[{"href":"https:\/\/www.europesays.com\/fr\/wp-json\/wp\/v2\/posts\/599011","targetHints":{"allow":["GET"]}}],"collection":[{"href":"https:\/\/www.europesays.com\/fr\/wp-json\/wp\/v2\/posts"}],"about":[{"href":"https:\/\/www.europesays.com\/fr\/wp-json\/wp\/v2\/types\/post"}],"author":[{"embeddable":true,"href":"https:\/\/www.europesays.com\/fr\/wp-json\/wp\/v2\/users\/2"}],"replies":[{"embeddable":true,"href":"https:\/\/www.europesays.com\/fr\/wp-json\/wp\/v2\/comments?post=599011"}],"version-history":[{"count":0,"href":"https:\/\/www.europesays.com\/fr\/wp-json\/wp\/v2\/posts\/599011\/revisions"}],"wp:featuredmedia":[{"embeddable":true,"href":"https:\/\/www.europesays.com\/fr\/wp-json\/wp\/v2\/media\/599012"}],"wp:attachment":[{"href":"https:\/\/www.europesays.com\/fr\/wp-json\/wp\/v2\/media?parent=599011"}],"wp:term":[{"taxonomy":"category","embeddable":true,"href":"https:\/\/www.europesays.com\/fr\/wp-json\/wp\/v2\/categories?post=599011"},{"taxonomy":"post_tag","embeddable":true,"href":"https:\/\/www.europesays.com\/fr\/wp-json\/wp\/v2\/tags?post=599011"}],"curies":[{"name":"wp","href":"https:\/\/api.w.org\/{rel}","templated":true}]}}