{"id":599013,"date":"2025-12-14T16:28:13","date_gmt":"2025-12-14T16:28:13","guid":{"rendered":"https:\/\/www.europesays.com\/fr\/599013\/"},"modified":"2025-12-14T16:28:13","modified_gmt":"2025-12-14T16:28:13","slug":"zelensky-rencontre-le-chancelier-allemand-et-les-emissaires-americains-a-berlin-liberation","status":"publish","type":"post","link":"https:\/\/www.europesays.com\/fr\/599013\/","title":{"rendered":"Zelensky rencontre le chancelier allemand et les \u00e9missaires am\u00e9ricains \u00e0 Berlin \u2013 Lib\u00e9ration"},"content":{"rendered":"<p class=\"sc-cPiKLX AiZTS text-element\">Le pr\u00e9sident ukrainien est \u00e0 Berlin pour des pourparlers ces dimanche et lundi avec des responsables am\u00e9ricains et europ\u00e9ens, en vue de trouver une issue diplomatique \u00e0 la guerre, et convaincre Washington de renoncer \u00e0 des concessions territoriales majeures \u00e0 la Russie. <a href=\"https:\/\/www.liberation.fr\/international\/europe\/guerre-en-ukraine-witkoff-envoye-a-berlin-a-la-rencontre-de-zelensky-et-de-dirigeants-europeens-20251213_ABRB3Q7KCRFVBF5K2ZIFNOFWAU\/\" target=\"_blank\" rel=\"noreferrer noopener\" title=\"https:\/\/www.liberation.fr\/international\/europe\/guerre-en-ukraine-witkoff-envoye-a-berlin-a-la-rencontre-de-zelensky-et-de-dirigeants-europeens-20251213_ABRB3Q7KCRFVBF5K2ZIFNOFWAU\/\">Am\u00e9ricains<\/a> et Allemands n\u2019ont rien dit de l\u2019agenda de dimanche, mais Volodymyr Zelensky a \u00e9t\u00e9 re\u00e7u en milieu d\u2019apr\u00e8s-midi \u00e0 la chancellerie allemande par Friedrich Merz, selon un photographe de l\u2019AFP, et le pr\u00e9sident ukrainien a annonc\u00e9 <a href=\"https:\/\/www.facebook.com\/zelenskyy.official\" target=\"_blank\" rel=\"noreferrer noopener\" title=\"https:\/\/www.facebook.com\/zelenskyy.official\">sur Facebook<\/a> peu avant 16 h 30 \u00eatre en train de rencontrer les \u00e9missaires am\u00e9ricains, <a href=\"https:\/\/www.liberation.fr\/international\/amerique\/negociations-sur-lukraine-steve-witkoff-lhomme-qui-murmurait-a-loreille-du-kremlin-20251126_7H22QM4RWRHTXBRB2DDEFUTPCE\/\" target=\"_blank\" rel=\"noreferrer noopener\" title=\"https:\/\/www.liberation.fr\/international\/amerique\/negociations-sur-lukraine-steve-witkoff-lhomme-qui-murmurait-a-loreille-du-kremlin-20251126_7H22QM4RWRHTXBRB2DDEFUTPCE\/\">Steve Witkoff<\/a> et <a href=\"https:\/\/www.liberation.fr\/planete\/2020\/07\/31\/jared-kushner-gendre-a-tout-faire_1795760\/\" target=\"_blank\" rel=\"noreferrer noopener\" title=\"https:\/\/www.liberation.fr\/planete\/2020\/07\/31\/jared-kushner-gendre-a-tout-faire_1795760\/\">Jared Kushner<\/a>, gendre de Donald Trump.<\/p>\n<p class=\"sc-cPiKLX AiZTS text-element\">Lors d\u2019une conf\u00e9rence de presse en ligne, Zelensky avait dit plus t\u00f4t dans la journ\u00e9e souhaiter convaincre \u00e0 cette occasion les Etats-Unis de soutenir un cessez-le-feu impliquant un gel de la ligne de front, et non la cession \u00e0 Moscou de tout le Donbass, dans l\u2019est du pays, comme r\u00e9clam\u00e9 par le Kremlin et <a href=\"https:\/\/www.liberation.fr\/international\/europe\/ultimatum-de-trump-a-lukraine-un-plan-de-paix-qui-ressemble-a-une-reddition-20251121_K2QJEQ4BFJAI5O4QA2S2BVCIOI\/\" target=\"_blank\" rel=\"noreferrer noopener\" title=\"https:\/\/www.liberation.fr\/international\/europe\/ultimatum-de-trump-a-lukraine-un-plan-de-paix-qui-ressemble-a-une-reddition-20251121_K2QJEQ4BFJAI5O4QA2S2BVCIOI\/\">propos\u00e9 par Washington<\/a>. \u00abJe sais que la Russie ne voit pas cela d\u2019un bon \u0153il et j\u2019aimerais que les Am\u00e9ricains nous soutiennent sur ce point\u00bb, a-t-il affirm\u00e9. Kyiv a toujours refus\u00e9 ces concessions territoriales, Volodymyr Zelensky se bornant \u00e0 \u00e9voquer cette semaine un \u00e9ventuel r\u00e9f\u00e9rendum sur le sujet. Dimanche, il a dit ne pas avoir encore re\u00e7u de r\u00e9ponse am\u00e9ricaine \u00e0 la version du plan pour mettre fin au conflit, amend\u00e9e cette semaine par Kyiv et ses alli\u00e9s europ\u00e9ens. \u00abJe serai pr\u00eat au dialogue qui va commencer aujourd\u2019hui\u00bb, a-t-il soulign\u00e9.<\/p>\n<p class=\"sc-cPiKLX AiZTS text-element\">Interrog\u00e9 par un journaliste de la t\u00e9l\u00e9vision d\u2019Etat russe, le conseiller du Kremlin Iouri Ouchakov a, lui, balay\u00e9 ces propositions ukrainiennes et europ\u00e9ennes. \u00abJe pense que c\u2019est improbable que la contribution des Ukrainiens et des Europ\u00e9ens \u00e0 ces propositions soit constructive\u00bb, a-t-il dit, ajoutant que Moscou n\u2019avait pas pris connaissance des amendements propos\u00e9s mais qu\u2019a priori la Russie aurait \u00abde fortes objections\u00bb.<\/p>\n<p class=\"sc-cPiKLX AiZTS text-element\">Zelensky a aussi r\u00e9affirm\u00e9 vouloir des garanties de s\u00e9curit\u00e9 des Europ\u00e9ens et de Washington pour dissuader la Russie de l\u2019attaquer de nouveau : \u00abNous envisageons un plan-cadre en 20 points, qui se termine par un cessez-le-feu\u00bb, et \u00abnous voulons \u00eatre s\u00fbrs qu\u2019il n\u2019y aura pas de r\u00e9p\u00e9tition de la guerre apr\u00e8s un cessez-le-feu\u00bb. Il s\u2019agirait d\u2019un m\u00e9canisme inspir\u00e9 de l\u2019article 5 de l\u2019Otan pr\u00e9voyant une protection mutuelle des pays membres, sans adh\u00e9sion de l\u2019Ukraine \u00e0 l\u2019Alliance atlantique, comme le demandait Kiev auparavant. \u00abC\u2019est d\u00e9j\u00e0 un compromis de notre part\u00bb, a pr\u00e9cis\u00e9 Zelensky, car c\u2019est une revendication majeure de Moscou.<\/p>\n<p class=\"sc-cPiKLX AiZTS text-element\">Alors que les hostilit\u00e9s se poursuivent, ajoutant de nouvelles victimes aux centaines de milliers de morts et de bless\u00e9s qu\u2019a fait la guerre, Donald Trump a affich\u00e9 <a href=\"https:\/\/www.liberation.fr\/international\/amerique\/pourparlers-sur-lukraine-trump-extremement-frustre-par-kyiv-et-moscou-20251212_XKZOW4EUQFCCRAFLBH3EHMSM3Q\/\" target=\"_blank\" rel=\"noreferrer noopener\" title=\"https:\/\/www.liberation.fr\/international\/amerique\/pourparlers-sur-lukraine-trump-extremement-frustre-par-kyiv-et-moscou-20251212_XKZOW4EUQFCCRAFLBH3EHMSM3Q\/\">son impatience<\/a> cette semaine concernant l\u2019avanc\u00e9e des discussions autour de son plan de r\u00e8glement du conflit d\u00e9clench\u00e9 par l\u2019invasion russe de f\u00e9vrier 2022. Kyiv et ses alli\u00e9s europ\u00e9ens veulent amender le projet am\u00e9ricain, le jugeant trop favorable \u00e0 Moscou.<\/p>\n<p class=\"sc-cPiKLX AiZTS text-element\">Lundi, Volodymyr Zelensky doit s\u2019entretenir \u00e0 Berlin avec le chancelier Merz, son principal bailleur en Europe, et se rendre \u00e0 un forum \u00e9conomique germano-ukrainien. Puis ils seront rejoints par d\u2019autres dirigeants europ\u00e9ens.<\/p>\n<p class=\"sc-cPiKLX AiZTS text-element\">L\u2019Europe dit soutenir Kyiv face \u00e0 l\u2019impatience de Donald Trump et aux demandes maximalistes de Moscou. Largement maintenus sur la touche par une Maison Blanche tr\u00e8s critique de ses alli\u00e9s du Vieux Continent, les Europ\u00e9ens veulent peser sur les pourparlers, arguant que la s\u00e9curit\u00e9 europ\u00e9enne est en jeu et que la Russie est une menace continentale.<\/p>\n<p class=\"sc-cPiKLX AiZTS text-element\">L\u2019Ukraine est press\u00e9e par Washington et Moscou de c\u00e9der la partie du Donbass encore sous son contr\u00f4le, essentiellement dans la r\u00e9gion de Donetsk. Il s\u2019agirait d\u2019y cr\u00e9er une \u00abzone \u00e9conomique libre\u00bb ou une \u00abzone d\u00e9militaris\u00e9e\u00bb. En \u00e9change, l\u2019arm\u00e9e russe se retirerait des zones sous son contr\u00f4le dans les r\u00e9gions de Soumy, Kharkiv et Dnipropetrovsk (nord, nord-est et centre-est du pays), mais se maintiendrait dans celles de Kherson et Zaporijjia (Sud) dont Moscou revendique l\u2019annexion.<\/p>\n<p class=\"sc-cPiKLX AiZTS text-element\">La version du plan am\u00e9ricain r\u00e9vis\u00e9e par les Ukrainiens lors de n\u00e9gociations <a href=\"https:\/\/www.liberation.fr\/international\/europe\/en-direct-plan-de-paix-sur-lukraine-a-geneve-negociations-durgence-ce-dimanche-entre-ukrainiens-et-americains-en-presence-des-europeens-20251123_7XUC6SEYDRBZNKX3ENRDCPLC4Y\/\" target=\"_blank\" rel=\"noreferrer noopener\" title=\"https:\/\/www.liberation.fr\/international\/europe\/en-direct-plan-de-paix-sur-lukraine-a-geneve-negociations-durgence-ce-dimanche-entre-ukrainiens-et-americains-en-presence-des-europeens-20251123_7XUC6SEYDRBZNKX3ENRDCPLC4Y\/\">\u00e0 Gen\u00e8ve<\/a> et <a href=\"https:\/\/www.liberation.fr\/international\/europe\/ouvrir-la-voie-a-une-ukraine-souveraine-des-negociations-pour-un-accord-de-paix-debutent-aux-etats-unis-20251130_BWKICDRNYNHATAGQTHIC63WRL4\/\" target=\"_blank\" rel=\"noreferrer noopener\" title=\"https:\/\/www.liberation.fr\/international\/europe\/ouvrir-la-voie-a-une-ukraine-souveraine-des-negociations-pour-un-accord-de-paix-debutent-aux-etats-unis-20251130_BWKICDRNYNHATAGQTHIC63WRL4\/\">en Floride<\/a> n\u2019a pas \u00e9t\u00e9 rendue publique. Un texte a \u00e9galement \u00e9t\u00e9 soumis \u00e0 Moscou au Kremlin par l\u2019\u00e9missaire am\u00e9ricain Steve Witkoff. Ces \u00e9changes tendus interviennent \u00e0 un moment difficile pour l\u2019Ukraine : la pr\u00e9sidence a \u00e9t\u00e9 d\u00e9stabilis\u00e9e par un vaste <a href=\"https:\/\/www.liberation.fr\/international\/europe\/corruption-en-ukraine-la-menace-dun-tsunami-politique-20251118_HMBASODNPJGTLC3Z4VB6TGCOVY\/\" target=\"_blank\" rel=\"noreferrer noopener\" title=\"https:\/\/www.liberation.fr\/international\/europe\/corruption-en-ukraine-la-menace-dun-tsunami-politique-20251118_HMBASODNPJGTLC3Z4VB6TGCOVY\/\">scandale de corruption<\/a>, l\u2019arm\u00e9e est en recul sur le front et la population est soumise \u00e0 des coupures de courant \u00e0 cause des frappes russes.<\/p>\n","protected":false},"excerpt":{"rendered":"Le pr\u00e9sident ukrainien est \u00e0 Berlin pour des pourparlers ces dimanche et lundi avec des responsables am\u00e9ricains et&hellip;\n","protected":false},"author":2,"featured_media":599014,"comment_status":"","ping_status":"","sticky":false,"template":"","format":"standard","meta":{"footnotes":""},"categories":[1591],"tags":[11,672,75,73,1887,4710,12,1885,1886,132,220,297,134],"class_list":{"0":"post-599013","1":"post","2":"type-post","3":"status-publish","4":"format-standard","5":"has-post-thumbnail","7":"category-russie","8":"tag-actualites","9":"tag-allemagne","10":"tag-donald-trump","11":"tag-etats-unis","12":"tag-federation-de-russie","13":"tag-friedrich-merz","14":"tag-news","15":"tag-russia","16":"tag-russian-federation","17":"tag-russie","18":"tag-ukraine","19":"tag-ukraine-la-crise","20":"tag-volodymyr-zelensky"},"share_on_mastodon":{"url":"https:\/\/pubeurope.com\/@fr\/115718868505531192","error":""},"_links":{"self":[{"href":"https:\/\/www.europesays.com\/fr\/wp-json\/wp\/v2\/posts\/599013","targetHints":{"allow":["GET"]}}],"collection":[{"href":"https:\/\/www.europesays.com\/fr\/wp-json\/wp\/v2\/posts"}],"about":[{"href":"https:\/\/www.europesays.com\/fr\/wp-json\/wp\/v2\/types\/post"}],"author":[{"embeddable":true,"href":"https:\/\/www.europesays.com\/fr\/wp-json\/wp\/v2\/users\/2"}],"replies":[{"embeddable":true,"href":"https:\/\/www.europesays.com\/fr\/wp-json\/wp\/v2\/comments?post=599013"}],"version-history":[{"count":0,"href":"https:\/\/www.europesays.com\/fr\/wp-json\/wp\/v2\/posts\/599013\/revisions"}],"wp:featuredmedia":[{"embeddable":true,"href":"https:\/\/www.europesays.com\/fr\/wp-json\/wp\/v2\/media\/599014"}],"wp:attachment":[{"href":"https:\/\/www.europesays.com\/fr\/wp-json\/wp\/v2\/media?parent=599013"}],"wp:term":[{"taxonomy":"category","embeddable":true,"href":"https:\/\/www.europesays.com\/fr\/wp-json\/wp\/v2\/categories?post=599013"},{"taxonomy":"post_tag","embeddable":true,"href":"https:\/\/www.europesays.com\/fr\/wp-json\/wp\/v2\/tags?post=599013"}],"curies":[{"name":"wp","href":"https:\/\/api.w.org\/{rel}","templated":true}]}}