{"id":599023,"date":"2025-12-14T16:33:15","date_gmt":"2025-12-14T16:33:15","guid":{"rendered":"https:\/\/www.europesays.com\/fr\/599023\/"},"modified":"2025-12-14T16:33:15","modified_gmt":"2025-12-14T16:33:15","slug":"apres-leurope-le-monde","status":"publish","type":"post","link":"https:\/\/www.europesays.com\/fr\/599023\/","title":{"rendered":"apr\u00e8s l\u2019Europe, le monde !"},"content":{"rendered":"<p>Quelle intensit\u00e9\u00a0! Une ceinture mondiale, \u00e7a se m\u00e9rite. Il faut cravacher pour aller la d\u00e9crocher. Rien n\u2019a \u00e9t\u00e9 donn\u00e9 \u00e0 Victoire Piteau qui a d\u00fb attendre f\u00e9brilement, samedi 13\u00a0d\u00e9cembre 2025, la d\u00e9cision des juges pour \u00eatre assur\u00e9e de son succ\u00e8s face \u00e0 la V\u00e9n\u00e9zu\u00e9lienne, <a target=\"_self\" href=\"https:\/\/www.lanouvellerepublique.fr\/chateauroux\/la-chine-frappe-encore-alys-sanchez-victoire-piteau-un-combat-qui-sent-la-poudre-1765449878\" rel=\"noopener\">Alys Sanchez<\/a>. Un succ\u00e8s accord\u00e9 \u00e0 l\u2019unanimit\u00e9\u00a0: 98-92, 98-92, 97-93. La Saint-Mauroise est bien la nouvelle d\u00e9tentrice du titre WBA Gold, un premier sacre mondial pour elle et pour une boxeuse du Berry. \u00ab\u00a0\u00c0 jamais la premi\u00e8re\u00a0!\u00a0\u00bb, comme clame son p\u00e8re S\u00e9bastien, organisateur en chef de cette soir\u00e9e magique au Mach 36, la plus belle salle de boxe qu\u2019on puisse imaginer dans l\u2019Indre.<\/p>\n<p>\u00c0 l\u2019issue de cette bataille tendue, serr\u00e9e, acharn\u00e9e, apr\u00e8s les larmes, la ceinture et les embrassades, les premiers mots de Victoire ont \u00e9t\u00e9 pour cette adversaire qui lui a donn\u00e9 bien du tourment\u00a0: \u00ab\u00a0Je pense que ce soir, on vous a offert un beau spectacle, a-t-elle lanc\u00e9 aux 2.000 spectateurs tout acquis \u00e0 sa cause. Et pour cela il faut \u00eatre deux. On a fait dix rounds jusqu\u2019au bout (de nos forces), merci \u00e0 elle&#8230;. <\/p>\n<p>    Cet article a \u00e9t\u00e9 tronqu\u00e9. Abonnez-vous pour lire l&rsquo;article complet sur notre site.<\/p>\n<p>\u00a0\u00bb<\/p>\n<p style=\"margin: 0 !important; padding: 0 !important; font-size: 12px !important;\">Cet article a \u00e9t\u00e9 tronqu\u00e9. Abonnez-vous pour lire l&rsquo;article complet.<\/p>\n<p>    <a href=\"https:\/\/www.lanouvellerepublique.fr\/abonnements\" style=\"display: inline-block; margin-top: 5px !important; padding: 6px 12px !important; background: #cb1c27; color: white; text-decoration: none; border-radius: 4px; font-size: 12px !important;\" target=\"_blank\" rel=\"noopener\"><br \/>\n      S&rsquo;abonner<br \/>\n    <\/a><\/p>\n","protected":false},"excerpt":{"rendered":"Quelle intensit\u00e9\u00a0! Une ceinture mondiale, \u00e7a se m\u00e9rite. Il faut cravacher pour aller la d\u00e9crocher. Rien n\u2019a \u00e9t\u00e9&hellip;\n","protected":false},"author":2,"featured_media":599024,"comment_status":"","ping_status":"","sticky":false,"template":"","format":"standard","meta":{"footnotes":""},"categories":[1586],"tags":[1392,11,13740,4351,43200,1777,674,1011,27,5052,12,25,12338,60],"class_list":{"0":"post-599023","1":"post","2":"type-post","3":"status-publish","4":"format-standard","5":"has-post-thumbnail","7":"category-europe","8":"tag-a-la-une-local","9":"tag-actualites","10":"tag-boxe","11":"tag-chateauroux","12":"tag-deols","13":"tag-eu","14":"tag-europe","15":"tag-fr","16":"tag-france","17":"tag-indre","18":"tag-news","19":"tag-republique-francaise","20":"tag-saint-maur","21":"tag-sports"},"share_on_mastodon":{"url":"https:\/\/pubeurope.com\/@fr\/115718888122295739","error":""},"_links":{"self":[{"href":"https:\/\/www.europesays.com\/fr\/wp-json\/wp\/v2\/posts\/599023","targetHints":{"allow":["GET"]}}],"collection":[{"href":"https:\/\/www.europesays.com\/fr\/wp-json\/wp\/v2\/posts"}],"about":[{"href":"https:\/\/www.europesays.com\/fr\/wp-json\/wp\/v2\/types\/post"}],"author":[{"embeddable":true,"href":"https:\/\/www.europesays.com\/fr\/wp-json\/wp\/v2\/users\/2"}],"replies":[{"embeddable":true,"href":"https:\/\/www.europesays.com\/fr\/wp-json\/wp\/v2\/comments?post=599023"}],"version-history":[{"count":0,"href":"https:\/\/www.europesays.com\/fr\/wp-json\/wp\/v2\/posts\/599023\/revisions"}],"wp:featuredmedia":[{"embeddable":true,"href":"https:\/\/www.europesays.com\/fr\/wp-json\/wp\/v2\/media\/599024"}],"wp:attachment":[{"href":"https:\/\/www.europesays.com\/fr\/wp-json\/wp\/v2\/media?parent=599023"}],"wp:term":[{"taxonomy":"category","embeddable":true,"href":"https:\/\/www.europesays.com\/fr\/wp-json\/wp\/v2\/categories?post=599023"},{"taxonomy":"post_tag","embeddable":true,"href":"https:\/\/www.europesays.com\/fr\/wp-json\/wp\/v2\/tags?post=599023"}],"curies":[{"name":"wp","href":"https:\/\/api.w.org\/{rel}","templated":true}]}}