{"id":599037,"date":"2025-12-14T16:45:32","date_gmt":"2025-12-14T16:45:32","guid":{"rendered":"https:\/\/www.europesays.com\/fr\/599037\/"},"modified":"2025-12-14T16:45:32","modified_gmt":"2025-12-14T16:45:32","slug":"cyclisme-route-ion-izagirre-a-annonce-prendre-sa-retraite-a-la-fin-de-la-saison-2026","status":"publish","type":"post","link":"https:\/\/www.europesays.com\/fr\/599037\/","title":{"rendered":"Cyclisme. Route &#8211; Ion Izagirre a annonc\u00e9 prendre sa retraite \u00e0 la fin de la saison 2026"},"content":{"rendered":"<p>Double vainqueur d&rsquo;\u00e9tape sur le <strong><a href=\"https:\/\/www.cyclismactu.net\/..\/news-interview-route-paul-seixas-si-tour-de-france-n-est-pas-pour-cette-annee-91198.html\" target=\"_blank\" rel=\"noopener\">Tour de France<\/a><\/strong>, <strong><a href=\"https:\/\/www.cyclismactu.net\/..\/news-transfert-route-l-equipe-cofidis-a-prolonge-3-coureurs-dont-buchmann-et-izagirre-90500.html\" target=\"_blank\" rel=\"noopener\">Ion Izagirre<\/a> <\/strong>a annonc\u00e9 prendre sa retraite \u00e0 la fin de la saison 2026. Comme l&rsquo;ont annonc\u00e9 nos confr\u00e8res de <a href=\"https:\/\/cyclingreport.substack.com\/p\/ion-izagirre-will-retire-at-the-end?utm_source=post-email-title&amp;publication_id=3681236&amp;post_id=181498439&amp;utm_campaign=email-post-title&amp;isFreemail=true&amp;r=5ulv0u&amp;triedRedirect=true&amp;utm_medium=email\" target=\"_blank\" rel=\"noopener\">Cycling Report<\/a>,\u00a0le Basque disputera une 17e et derni\u00e8re saison dans les pelotons professionnels, apr\u00e8s une carri\u00e8re garnie de nombreux succ\u00e8s de prestige, notamment sur les Grands Tours, faisant de lui l&rsquo;un des meilleurs coureurs espagnols du XXIe si\u00e8cle. Pass\u00e9 notamment par les \u00e9quipes <strong><a href=\"https:\/\/www.cyclismactu.net\/..\/news-route-l-equipe-movistar-voici-son-maillot-pour-saison-2026-91208.html\" target=\"_blank\" rel=\"noopener\">Movistar<\/a> <\/strong>ou <strong>Astana<\/strong>, le puncheur de 36 ans court depuis quatre saisons pour l&rsquo;\u00e9quipe <strong>Cofidis<\/strong>, avec qui il a notamment remport\u00e9 une deuxi\u00e8me \u00e9tape sur la Grande Boucle.<\/p>\n<p>Vid\u00e9o &#8211; La derni\u00e8re victoire de Ion Izagirre, sur le Tour Lire la suite de l&rsquo;article&#13;<\/p>\n<p>\u00a0<\/p>\n<p>&#13;<br \/>\nIon Izagirre, parmi les meilleurs coureurs espagnols de ces derni\u00e8res ann\u00e9es ?&#13;<\/p>\n<p>Au cours de sa carri\u00e8re, le Basque a \u00e9galement brill\u00e9 sur les classements g\u00e9n\u00e9raux, notamment sur les courses d&rsquo;une semaine, puisqu&rsquo;il est parvenu \u00e0 remporter le <strong>Tour du Pays Basque<\/strong>\u00a0mais \u00e9galement le <strong>Tour de Pologne<\/strong>. Ces derni\u00e8res ann\u00e9es, <strong>Ion Izagirre<\/strong>\u00a0s&rsquo;est mu\u00e9 en capitaine de route de la formation fran\u00e7aise, m\u00eame s&rsquo;il est toujours capable de briller sur certaines des plus grandes courses du calendrier, comme sur le <strong>Tour de Lombardie <\/strong>l&rsquo;an dernier o\u00f9 il a termin\u00e9 \u00e0 une belle quatri\u00e8me place. Initialement en fin de contrat en cette fin de saison, l&rsquo;Espagnol a r\u00e9cemment prolong\u00e9 d&rsquo;une saison, qui sera donc la derni\u00e8re de sa carri\u00e8re.<\/p>\n","protected":false},"excerpt":{"rendered":"Double vainqueur d&rsquo;\u00e9tape sur le Tour de France, Ion Izagirre a annonc\u00e9 prendre sa retraite \u00e0 la fin&hellip;\n","protected":false},"author":2,"featured_media":599038,"comment_status":"","ping_status":"","sticky":false,"template":"","format":"standard","meta":{"footnotes":""},"categories":[1411],"tags":[1154,207,211,1011,27,209,60,210,212,208,213],"class_list":{"0":"post-599037","1":"post","2":"type-post","3":"status-publish","4":"format-standard","5":"has-post-thumbnail","7":"category-cyclisme","8":"tag-cycling","9":"tag-cyclisme","10":"tag-ffc","11":"tag-fr","12":"tag-france","13":"tag-route","14":"tag-sports","15":"tag-tour-de-france","16":"tag-uci","17":"tag-velo","18":"tag-world-tour"},"share_on_mastodon":{"url":"https:\/\/pubeurope.com\/@fr\/115718935431081707","error":""},"_links":{"self":[{"href":"https:\/\/www.europesays.com\/fr\/wp-json\/wp\/v2\/posts\/599037","targetHints":{"allow":["GET"]}}],"collection":[{"href":"https:\/\/www.europesays.com\/fr\/wp-json\/wp\/v2\/posts"}],"about":[{"href":"https:\/\/www.europesays.com\/fr\/wp-json\/wp\/v2\/types\/post"}],"author":[{"embeddable":true,"href":"https:\/\/www.europesays.com\/fr\/wp-json\/wp\/v2\/users\/2"}],"replies":[{"embeddable":true,"href":"https:\/\/www.europesays.com\/fr\/wp-json\/wp\/v2\/comments?post=599037"}],"version-history":[{"count":0,"href":"https:\/\/www.europesays.com\/fr\/wp-json\/wp\/v2\/posts\/599037\/revisions"}],"wp:featuredmedia":[{"embeddable":true,"href":"https:\/\/www.europesays.com\/fr\/wp-json\/wp\/v2\/media\/599038"}],"wp:attachment":[{"href":"https:\/\/www.europesays.com\/fr\/wp-json\/wp\/v2\/media?parent=599037"}],"wp:term":[{"taxonomy":"category","embeddable":true,"href":"https:\/\/www.europesays.com\/fr\/wp-json\/wp\/v2\/categories?post=599037"},{"taxonomy":"post_tag","embeddable":true,"href":"https:\/\/www.europesays.com\/fr\/wp-json\/wp\/v2\/tags?post=599037"}],"curies":[{"name":"wp","href":"https:\/\/api.w.org\/{rel}","templated":true}]}}